{"id":96355,"date":"2026-01-08T00:34:26","date_gmt":"2026-01-07T23:34:26","guid":{"rendered":"https:\/\/www.infokuryr.cz\/n\/?p=96355"},"modified":"2026-01-07T15:29:56","modified_gmt":"2026-01-07T14:29:56","slug":"proc-se-spojene-staty-v-posledni-dobe-tolik-zajimaji-o-gronsko","status":"publish","type":"post","link":"https:\/\/www.infokuryr.cz\/n\/2026\/01\/08\/proc-se-spojene-staty-v-posledni-dobe-tolik-zajimaji-o-gronsko\/","title":{"rendered":"Pro\u010d se Spojen\u00e9 st\u00e1ty v posledn\u00ed dob\u011b tolik zaj\u00edmaj\u00ed o Gr\u00f3nsko?"},"content":{"rendered":"<div id=\"fb-root\"><\/div>\n<p><span dir=\"auto\">Mnoho lid\u00ed bylo p\u0159ekvapeno a zmateno, kdy\u017e americk\u00fd prezident Donald Trump nadnesl my\u0161lenku p\u0159ipojen\u00ed Gr\u00f3nska ke Spojen\u00fdm st\u00e1t\u016fm. Vzhledem k geopolitick\u00e9 realit\u011b to tak __mus\u00ed__ b\u00fdt.<\/span><\/p>\n<p><span dir=\"auto\">Mnoho lid\u00ed se d\u00edvalo na mapy, aby zjistili, kde se Gr\u00f3nsko nach\u00e1z\u00ed ve vztahu ke Spojen\u00fdm st\u00e1t\u016fm, a tyto mapy byly mapy \u201eMercatorovy projekce\u201c ur\u010den\u00e9 pro d\u011bti a novin\u00e1\u0159e.<\/span><\/p>\n<p><span dir=\"auto\">Ale projekce Mercator, o kter\u00fdch jsme se v\u0161ichni u\u010dili ve \u0161kole (a kter\u00e9 pou\u017e\u00edv\u00e1me dodnes),\u00a0<\/span><strong><span dir=\"auto\">NEJSOU<\/span><\/strong><span dir=\"auto\">\u00a0u\u017eite\u010dn\u00fdm pr\u016fvodcem k pozn\u00e1n\u00ed, kde se zem\u011b nebo \u00fazem\u00ed ve skute\u010dn\u00e9m sv\u011bt\u011b, ve kter\u00e9m \u017eijeme,\u00a0<\/span><strong><span dir=\"auto\">skute\u010dn\u011b<\/span><\/strong><span dir=\"auto\">\u00a0nach\u00e1zej\u00ed .<\/span><\/p>\n<p><span dir=\"auto\">Gr\u00f3nsko \u2013 Pohled z\u00a0<\/span><strong><span dir=\"auto\">mapy se<\/span><\/strong><span dir=\"auto\">\u00a0spr\u00e1vnou pol\u00e1rn\u00ed projekc\u00ed:<\/span><\/p>\n<div class=\"wp-block-image\">\n<figure class=\"aligncenter size-large is-resized\"><img decoding=\"async\" loading=\"lazy\" class=\"wp-image-504456 aligncenter\" src=\"https:\/\/i0.wp.com\/reseauinternational.net\/wp-content\/uploads\/2026\/01\/image-70.png?resize=1024%2C1020&amp;ssl=1\" sizes=\"auto, (max-width: 1024px) 100vw, 1024px\" srcset=\"https:\/\/i0.wp.com\/reseauinternational.net\/wp-content\/uploads\/2026\/01\/image-70.png?resize=1024%2C1020&amp;ssl=1 1024w, https:\/\/i0.wp.com\/reseauinternational.net\/wp-content\/uploads\/2026\/01\/image-70.png?resize=300%2C300&amp;ssl=1 300w, https:\/\/i0.wp.com\/reseauinternational.net\/wp-content\/uploads\/2026\/01\/image-70.png?resize=200%2C200&amp;ssl=1 200w, https:\/\/i0.wp.com\/reseauinternational.net\/wp-content\/uploads\/2026\/01\/image-70.png?resize=768%2C765&amp;ssl=1 768w, https:\/\/i0.wp.com\/reseauinternational.net\/wp-content\/uploads\/2026\/01\/image-70.png?resize=320%2C320&amp;ssl=1 320w, https:\/\/i0.wp.com\/reseauinternational.net\/wp-content\/uploads\/2026\/01\/image-70.png?resize=990%2C986&amp;ssl=1 990w, https:\/\/i0.wp.com\/reseauinternational.net\/wp-content\/uploads\/2026\/01\/image-70.png?w=1278&amp;ssl=1 1278w\" alt=\"\" width=\"720\" height=\"717\" data-recalc-dims=\"1\" \/><\/figure>\n<\/div>\n<p><span dir=\"auto\">Pro\u010d Gr\u00f3nsko? Proto\u017ee Moskva umis\u0165uje t\u00e9m\u011b\u0159 v\u0161echny sv\u00e9 strategick\u00e9 vojensk\u00e9 zdroje na poloostrov\u011b Kola, hned vedle Finska, kter\u00fd je vyzna\u010den z\u00e1\u0159iv\u011b r\u016f\u017eovou fixou.\u00a0<\/span><strong><span dir=\"auto\">Pr\u00e1v\u011b tam se nach\u00e1zej\u00ed rusk\u00e1 sila pro mezikontinent\u00e1ln\u00ed balistick\u00e9 rakety, ponorkov\u00e9 z\u00e1kladny a strategick\u00e9 bombard\u00e9ry.<\/span><\/strong><\/p>\n<p><span dir=\"auto\">Pokud se pod\u00edv\u00e1te na letovou dr\u00e1hu (balistickou nebo motorizovanou) mezi poloostrovem Kola a jak\u00fdmkoli m\u00edstem ve 48 soused\u00edc\u00edch st\u00e1tech, kter\u00e9 se nach\u00e1z\u00ed mezi dv\u011bma jasn\u011b r\u016f\u017eov\u00fdmi \u010darami, pak\u00a0<\/span><strong><span dir=\"auto\">v\u0161e<\/span><\/strong><span dir=\"auto\">\u00a0prol\u00e9t\u00e1 nad Gr\u00f3nskem.<\/span><\/p>\n<p><span dir=\"auto\">Gr\u00f3nsko je ar\u00e9nou, kde se odehr\u00e1vaj\u00ed strategick\u00e9 v\u00fdm\u011bny mezi Washingtonem a Moskvou.<\/span><\/p>\n<p><span dir=\"auto\">Pokud chcete zachytit balistickou st\u0159elu, nejlep\u0161\u00edm m\u00edstem k tomu je apogeum, nejvy\u0161\u0161\u00ed bod jej\u00ed letov\u00e9 dr\u00e1hy. Nejkrat\u0161\u00ed cesta, kterou m\u016f\u017ee st\u00edhac\u00ed raketa dos\u00e1hnout apogea, je odstartovat p\u0159\u00edmo pod n\u00edm.<\/span><\/p>\n<p><span dir=\"auto\">Pr\u00e1v\u011b tam se nach\u00e1z\u00ed Gr\u00f3nsko.<\/span><\/p>\n<p><span dir=\"auto\">Tak\u017ee, ani\u017e bych musel rozv\u00e1d\u011bt, co by se zde m\u011blo st\u00e1t, to je\u00a0<\/span><strong><span dir=\"auto\">d\u016fvod, pro\u010d<\/span><\/strong><span dir=\"auto\">\u00a0Trumpova administrativa \u0159\u00edk\u00e1, \u017ee Gr\u00f3nsko\u00a0<\/span><strong><span dir=\"auto\">pot\u0159ebuje<\/span><\/strong><span dir=\"auto\">\u00a0pro n\u00e1rodn\u00ed bezpe\u010dnost.<\/span><\/p>\n<p><span dir=\"auto\">Dal\u0161\u00ed aktu\u00e1ln\u011b prob\u00edhaj\u00edc\u00ed ud\u00e1lost\u00ed je otev\u0159en\u00ed Seversk\u00e9 cesty p\u0159es Arktidu a brzy budou \u010d\u00ednsk\u00e9 n\u00e1kladn\u00ed lod\u011b plout Arktidou do Rotterdamu. Tato cesta je rychlej\u0161\u00ed ne\u017e Suezsk\u00fd pr\u016fplav a lod\u011b nejsou omezeny velikost\u00ed Suezmaxu, co\u017e v\u00fdrazn\u011b urychl\u00ed obchod mezi \u010c\u00ednou a EU.<\/span><\/p>\n<p><span dir=\"auto\">To znamen\u00e1, \u017ee \u010d\u00ednsk\u00e9 ponorky se tak\u00e9 vydaj\u00ed pod Arktidu v severn\u00edm Atlantiku, POKUD TO JI\u017d NE\u010cIN\u00cd.<\/span><\/p>\n<p><span dir=\"auto\">Severov\u00fdchodn\u00ed pob\u0159e\u017e\u00ed Gr\u00f3nska proto slou\u017e\u00ed ne jednomu, ale hned dv\u011bma strategick\u00fdm c\u00edl\u016fm, kter\u00e9 jsou nezbytn\u00e9 pro n\u00e1rodn\u00ed bezpe\u010dnost Spojen\u00fdch st\u00e1t\u016f.<\/span><\/p>\n<p><span dir=\"auto\">Pokud v\u00e1m to nen\u00ed jasn\u00e9, vezm\u011bte pros\u00edm na v\u011bdom\u00ed, \u017ee projekce sv\u011btov\u00e9 mapy Mercator je ur\u010dena pro d\u011bti a novin\u00e1\u0159e. Nen\u00ed u\u017eite\u010dn\u00fdm pr\u016fvodcem pro lokalizaci zem\u00ed nebo \u00fazem\u00ed v re\u00e1ln\u00e9m sv\u011bt\u011b, ve kter\u00e9m \u017eijeme.<\/span><\/p>\n<p><span dir=\"auto\">\u017d\u00e1dn\u00fd sebe\u00factyhodn\u00fd dosp\u011bl\u00fd by si nem\u011bl k utv\u00e1\u0159en\u00ed sv\u00e9ho sv\u011bton\u00e1zoru pou\u017e\u00edvat Mercator. Ka\u017ed\u00fd, kdo tvrd\u00ed, \u017ee \u201e\u00a0<\/span><em><span dir=\"auto\">mus\u00ed existovat dal\u0161\u00ed tajn\u00fd d\u016fvod, pro\u010d se Trump zaj\u00edm\u00e1 o Gr\u00f3nsko<\/span><\/em><span dir=\"auto\">\u00a0\u201c, je naprost\u00fd ignorant.<\/span><\/p>\n<p><span dir=\"auto\">V Gr\u00f3nsku moment\u00e1ln\u011b d\u011bl\u00e1me jen v\u010dasn\u00e9 varov\u00e1n\u00ed pomoc\u00ed radaru. U hypersonick\u00fdch raket \u201ev\u010dasn\u00e9 varov\u00e1n\u00ed\u201c neexistuje. Pot\u0159ebujeme dostate\u010dnou palebnou s\u00edlu, abychom je sest\u0159elili d\u0159\u00edve, ne\u017e dos\u00e1hnou na\u0161eho \u00fazem\u00ed. Abychom toho dos\u00e1hli, mus\u00edme v Gr\u00f3nsku vybudovat z\u00e1kladny a za\u010dneme s t\u00edm okam\u017eit\u011b.<\/span><\/p>\n<p><em><span dir=\"auto\">od<\/span><a title=\"\" href=\"https:\/\/halturnerradioshow.com\/index.php\/component\/content\/article\/why-is-the-u-s-focusing-on-greenland-of-late-war?catid=17&amp;Itemid=101\" target=\"_blank\" rel=\"noopener\"><span dir=\"auto\">\u00a0Hala Turnera<\/span><\/a><\/em><\/p>\n<p>&nbsp;<\/p>\n","protected":false},"excerpt":{"rendered":"<p>Mnoho lid\u00ed bylo p\u0159ekvapeno a zmateno, kdy\u017e americk\u00fd prezident Donald Trump nadnesl my\u0161lenku p\u0159ipojen\u00ed Gr\u00f3nska&#8230;<\/p>\n","protected":false},"author":2,"featured_media":96356,"comment_status":"closed","ping_status":"closed","sticky":false,"template":"","format":"standard","meta":[],"categories":[7],"tags":[1042,3484,37],"_links":{"self":[{"href":"https:\/\/www.infokuryr.cz\/n\/wp-json\/wp\/v2\/posts\/96355"}],"collection":[{"href":"https:\/\/www.infokuryr.cz\/n\/wp-json\/wp\/v2\/posts"}],"about":[{"href":"https:\/\/www.infokuryr.cz\/n\/wp-json\/wp\/v2\/types\/post"}],"author":[{"embeddable":true,"href":"https:\/\/www.infokuryr.cz\/n\/wp-json\/wp\/v2\/users\/2"}],"replies":[{"embeddable":true,"href":"https:\/\/www.infokuryr.cz\/n\/wp-json\/wp\/v2\/comments?post=96355"}],"version-history":[{"count":0,"href":"https:\/\/www.infokuryr.cz\/n\/wp-json\/wp\/v2\/posts\/96355\/revisions"}],"wp:featuredmedia":[{"embeddable":true,"href":"https:\/\/www.infokuryr.cz\/n\/wp-json\/wp\/v2\/media\/96356"}],"wp:attachment":[{"href":"https:\/\/www.infokuryr.cz\/n\/wp-json\/wp\/v2\/media?parent=96355"}],"wp:term":[{"taxonomy":"category","embeddable":true,"href":"https:\/\/www.infokuryr.cz\/n\/wp-json\/wp\/v2\/categories?post=96355"},{"taxonomy":"post_tag","embeddable":true,"href":"https:\/\/www.infokuryr.cz\/n\/wp-json\/wp\/v2\/tags?post=96355"}],"curies":[{"name":"wp","href":"https:\/\/api.w.org\/{rel}","templated":true}]}}