{"id":96353,"date":"2026-01-08T00:32:33","date_gmt":"2026-01-07T23:32:33","guid":{"rendered":"https:\/\/www.infokuryr.cz\/n\/?p=96353"},"modified":"2026-01-07T15:23:27","modified_gmt":"2026-01-07T14:23:27","slug":"madarsko-vyhlasilo-kvuli-extremnimu-zimnimu-pocasi-stav-nouze-cerveny-kod","status":"publish","type":"post","link":"https:\/\/www.infokuryr.cz\/n\/2026\/01\/08\/madarsko-vyhlasilo-kvuli-extremnimu-zimnimu-pocasi-stav-nouze-cerveny-kod\/","title":{"rendered":"Ma\u010farsko vyhl\u00e1silo kv\u016fli extr\u00e9mn\u00edmu zimn\u00edmu po\u010das\u00ed stav nouze \u201e\u010derven\u00fd k\u00f3d\u201c"},"content":{"rendered":"<div id=\"fb-root\"><\/div>\n<h3 class=\"s-tagline fw-tagline\"><span dir=\"auto\">Ma\u010farsko je siln\u011b zasa\u017eeno zimn\u00edm po\u010das\u00edm a v nadch\u00e1zej\u00edc\u00edch dnech se o\u010dek\u00e1v\u00e1 dal\u0161\u00ed sn\u011b\u017een\u00ed<\/span><\/h3>\n<p><span dir=\"auto\">Ministerstvo vnitra na\u0159\u00eddilo kv\u016fli sn\u011bhu a extr\u00e9mn\u00edmu zimn\u00edmu po\u010das\u00ed celost\u00e1tn\u00ed \u010derven\u00fd v\u00fdstra\u017en\u00fd k\u00f3d platn\u00fd do jeho zru\u0161en\u00ed od st\u0159ede\u010dn\u00edch 8 hodin r\u00e1no, ozn\u00e1mil Attila F\u00fcl\u00f6p, st\u00e1tn\u00ed tajemn\u00edk ministerstva odpov\u011bdn\u00fd za politiku p\u00e9\u010de.<\/span><\/p>\n<p><span dir=\"auto\">Na tiskov\u00e9 konferenci st\u00e1tn\u00ed tajemn\u00edk zd\u016fraznil, \u017ee za takov\u00fdch pov\u011btrnostn\u00edch podm\u00ednek m\u00e1 st\u00e1t povinnost chr\u00e1nit osobn\u00ed integritu a majetek ob\u010dan\u016f a k tomu jsou zaji\u0161t\u011bny ve\u0161ker\u00e9 pot\u0159ebn\u00e9 zdroje.<\/span><\/p>\n<p><span dir=\"auto\">Vzhledem k nouzov\u00e9 situaci byla v syst\u00e9mu soci\u00e1ln\u00edho zabezpe\u010den\u00ed zavedena tak\u00e9 zvl\u00e1\u0161tn\u00ed opat\u0159en\u00ed, jejich\u017e prim\u00e1rn\u00edm \u00fa\u010delem je ochrana lidsk\u00e9ho \u017eivota.<\/span><\/p>\n<p><span dir=\"auto\">\u201eJedn\u00e1 se o speci\u00e1ln\u00ed postup, jeho\u017e podstatou je ochrana \u017eivot\u016f v nouzi,\u201c vysv\u011btlil Attila F\u00fcl\u00f6p.<\/span><\/p>\n<p><span dir=\"auto\">\u201eOd 8 hodin r\u00e1no jsou proto v\u0161echna soci\u00e1ln\u00ed za\u0159\u00edzen\u00ed a pobytov\u00e1 za\u0159\u00edzen\u00ed povinna p\u0159ij\u00edmat na\u0161e krajany v nouzi, bez domova, pot\u00fdkaj\u00edc\u00ed se s jak\u00fdmikoli probl\u00e9my v d\u016fsledku chladu, kte\u0159\u00ed do\u010dasn\u011b pot\u0159ebuj\u00ed krizovou p\u00e9\u010di,\u201c vysv\u011btlil.<\/span><\/p>\n<p><span dir=\"auto\">Vyhl\u00e1\u0161en\u00ed \u010derven\u00e9ho k\u00f3du znamen\u00e1, \u017ee soci\u00e1ln\u00ed instituce mus\u00ed poskytovat pomoc v je\u0161t\u011b \u0161ir\u0161\u00edm m\u011b\u0159\u00edtku a \u017ee nemohou odm\u00edtnout nikoho, kdo je v ohro\u017een\u00ed kv\u016fli mraziv\u00e9mu po\u010das\u00ed.<\/span><\/p>\n<p><span dir=\"auto\">Evropu v posledn\u00edch dnech zas\u00e1hlo chladn\u00e9 po\u010das\u00ed a v \u0159ad\u011b zem\u00ed, jako je N\u011bmecko a Ma\u010farsko, se nahromadil sn\u00edh. Siln\u00e9 sn\u011b\u017een\u00ed vedlo ke zpo\u017ed\u011bn\u00edm na leti\u0161ti v Budape\u0161ti a \u0159ad\u011b v\u00e1\u017en\u00fdch dopravn\u00edch nehod. V nadch\u00e1zej\u00edc\u00edch dnech se v\u0161ak o\u010dek\u00e1v\u00e1 dal\u0161\u00ed siln\u011bj\u0161\u00ed sn\u011b\u017een\u00ed, v\u010detn\u011b teplot dosahuj\u00edc\u00edch hloub\u011bji do m\u00ednusov\u00fdch bod\u016f.<\/span><\/p>\n<p><span dir=\"auto\">Nyn\u00ed se na v\u00fdchod\u011b zem\u011b p\u0159edpov\u00edd\u00e1 a\u017e 10 a\u017e 20 centimetr\u016f \u010derstv\u00e9ho sn\u011bhu, v n\u011bkter\u00fdch oblastech pak v\u00edce.<\/span><\/p>\n<p><span dir=\"auto\">\u0158idi\u010di jsou zvl\u00e1\u0161t\u011b upozorn\u011bni na zt\u00ed\u017een\u00e9 podm\u00ednky na silnic\u00edch v Tisz\u00e1nt\u00falu, oblasti Bor\u0161od, oblasti Tisy a tak\u00e9 v z\u00e1padn\u00ed \u010d\u00e1sti Zadunaj\u00ed a Bakony.<\/span><\/p>\n<p><img decoding=\"async\" loading=\"lazy\" class=\"alignnone size-full wp-image-1185\" src=\"http:\/\/www.infokuryr.cz\/n\/wp-content\/uploads\/2021\/04\/kuryr-podpis.png\" alt=\"\" width=\"84\" height=\"24\" \/><\/p>\n<p>&nbsp;<\/p>\n","protected":false},"excerpt":{"rendered":"<p>Ma\u010farsko je siln\u011b zasa\u017eeno zimn\u00edm po\u010das\u00edm a v nadch\u00e1zej\u00edc\u00edch dnech se o\u010dek\u00e1v\u00e1 dal\u0161\u00ed sn\u011b\u017een\u00ed Ministerstvo&#8230;<\/p>\n","protected":false},"author":2,"featured_media":96354,"comment_status":"closed","ping_status":"closed","sticky":false,"template":"","format":"standard","meta":[],"categories":[7],"tags":[10371,78,10252,1101],"_links":{"self":[{"href":"https:\/\/www.infokuryr.cz\/n\/wp-json\/wp\/v2\/posts\/96353"}],"collection":[{"href":"https:\/\/www.infokuryr.cz\/n\/wp-json\/wp\/v2\/posts"}],"about":[{"href":"https:\/\/www.infokuryr.cz\/n\/wp-json\/wp\/v2\/types\/post"}],"author":[{"embeddable":true,"href":"https:\/\/www.infokuryr.cz\/n\/wp-json\/wp\/v2\/users\/2"}],"replies":[{"embeddable":true,"href":"https:\/\/www.infokuryr.cz\/n\/wp-json\/wp\/v2\/comments?post=96353"}],"version-history":[{"count":0,"href":"https:\/\/www.infokuryr.cz\/n\/wp-json\/wp\/v2\/posts\/96353\/revisions"}],"wp:featuredmedia":[{"embeddable":true,"href":"https:\/\/www.infokuryr.cz\/n\/wp-json\/wp\/v2\/media\/96354"}],"wp:attachment":[{"href":"https:\/\/www.infokuryr.cz\/n\/wp-json\/wp\/v2\/media?parent=96353"}],"wp:term":[{"taxonomy":"category","embeddable":true,"href":"https:\/\/www.infokuryr.cz\/n\/wp-json\/wp\/v2\/categories?post=96353"},{"taxonomy":"post_tag","embeddable":true,"href":"https:\/\/www.infokuryr.cz\/n\/wp-json\/wp\/v2\/tags?post=96353"}],"curies":[{"name":"wp","href":"https:\/\/api.w.org\/{rel}","templated":true}]}}