{"id":96351,"date":"2026-01-08T00:31:50","date_gmt":"2026-01-07T23:31:50","guid":{"rendered":"https:\/\/www.infokuryr.cz\/n\/?p=96351"},"modified":"2026-01-07T15:21:18","modified_gmt":"2026-01-07T14:21:18","slug":"francie-a-spojene-kralovstvi-se-zavazaly-k-nasazeni-na-ukrajine-ale-az-po-mirove-dohode","status":"publish","type":"post","link":"https:\/\/www.infokuryr.cz\/n\/2026\/01\/08\/francie-a-spojene-kralovstvi-se-zavazaly-k-nasazeni-na-ukrajine-ale-az-po-mirove-dohode\/","title":{"rendered":"Francie a Spojen\u00e9 kr\u00e1lovstv\u00ed se zav\u00e1zaly k nasazen\u00ed na Ukrajin\u011b, ale a\u017e po m\u00edrov\u00e9 dohod\u011b"},"content":{"rendered":"<div id=\"fb-root\"><\/div>\n<h3 class=\"s-tagline fw-tagline\"><span dir=\"auto\">\u201eToto je z\u00e1sadn\u00ed sou\u010d\u00e1st na\u0161eho neochv\u011bjn\u00e9ho z\u00e1vazku dlouhodob\u011b podporovat Ukrajinu,\u201c uvedl britsk\u00fd premi\u00e9r Keir Starmer<\/span><\/h3>\n<p><span dir=\"auto\">Brit\u00e1nie a Francie se po jedn\u00e1n\u00edch v Pa\u0159\u00ed\u017ei mezi z\u00e1stupci Ukrajiny, jej\u00edch evropsk\u00fdch spojenc\u016f a Spojen\u00fdch st\u00e1t\u016f zav\u00e1zaly k nasazen\u00ed voj\u00e1k\u016f na Ukrajinu jako sou\u010d\u00e1st mnohon\u00e1rodn\u00edch sil, jakmile bude s Ruskem dosa\u017eeno m\u00edrov\u00e9 dohody.<\/span><\/p>\n<p><span dir=\"auto\">Francouzsk\u00fd prezident Emmanuel Macron prohl\u00e1sil, \u017ee strany dos\u00e1hly \u201ev\u00fdznamn\u00e9ho pokroku\u201c, a ozn\u00e1mil to, co ozna\u010dil za Pa\u0159\u00ed\u017eskou deklaraci o bezpe\u010dnostn\u00edch z\u00e1ruk\u00e1ch. Podle Macrona deklarace stanov\u00ed konkr\u00e9tn\u00ed prvky, jejich\u017e c\u00edlem je zachovat dlouhodob\u00fd m\u00edr.<\/span><\/p>\n<p><span dir=\"auto\">\u201eDnes jsme dos\u00e1hli v\u00fdznamn\u00e9ho pokroku, kter\u00fd se odr\u00e1\u017e\u00ed v Pa\u0159\u00ed\u017esk\u00e9 deklaraci, je\u017e poskytuje spolehliv\u00e9 z\u00e1ruky trval\u00e9ho m\u00edru,\u201c \u0159ekl Macron. \u201eToto prohl\u00e1\u0161en\u00ed koalice ochotn\u00fdch poprv\u00e9 uzn\u00e1v\u00e1 rychl\u00e9 sbl\u00ed\u017een\u00ed mezi 35 zem\u011bmi, kter\u00e9 tvo\u0159\u00ed koalici ochotn\u00fdch, Ukrajinou a Spojen\u00fdmi st\u00e1ty. Mluv\u00edme o spolehliv\u00fdch bezpe\u010dnostn\u00edch z\u00e1ruk\u00e1ch.\u201c<\/span><\/p>\n<p><span dir=\"auto\">Podle Macrona deklarace identifikuje n\u011bkolik kl\u00ed\u010dov\u00fdch prvk\u016f. Pat\u0159\u00ed mezi n\u011b \u00fa\u010dast v mechanismu monitorov\u00e1n\u00ed a ov\u011b\u0159ov\u00e1n\u00ed p\u0159\u00edm\u011b\u0159\u00ed pod veden\u00edm USA, kter\u00fd by m\u011bl fungovat nep\u0159etr\u017eit\u011b s p\u0159isp\u011bn\u00edm \u010dlen\u016f koalice. Sou\u010d\u00e1st\u00ed mechanismu by byla zvl\u00e1\u0161tn\u00ed komise pov\u011b\u0159en\u00e1 \u0159e\u0161en\u00edm poru\u0161ov\u00e1n\u00ed, p\u0159ipisov\u00e1n\u00edm odpov\u011bdnosti a stanoven\u00edm vhodn\u00fdch sankc\u00ed za poru\u0161en\u00ed.<\/span><\/p>\n<p><span dir=\"auto\">Deklarace rovn\u011b\u017e zavazuje \u010dleny koalice k pokra\u010duj\u00edc\u00ed dlouhodob\u00e9 vojensk\u00e9 pomoci Ozbrojen\u00fdm sil\u00e1m Ukrajiny s c\u00edlem zajistit udr\u017eitelnou obrannou schopnost a odstra\u0161en\u00ed. Tato podpora zahrnuje bal\u00ed\u010dky dlouhodob\u00e9 obrann\u00e9 pomoci, financov\u00e1n\u00ed n\u00e1kupu zbran\u00ed, spolupr\u00e1ci p\u0159i financov\u00e1n\u00ed ukrajinsk\u00fdch ozbrojen\u00fdch sil prost\u0159ednictv\u00edm st\u00e1tn\u00edho rozpo\u010dtu, p\u0159\u00edstup k evropsk\u00fdm obrann\u00fdm sklad\u016fm schopn\u00fdm rychl\u00e9ho dopln\u011bn\u00ed z\u00e1sob v p\u0159\u00edpad\u011b budouc\u00edho \u00fatoku a praktickou a technickou pomoc p\u0159i budov\u00e1n\u00ed obrann\u00fdch opevn\u011bn\u00ed.<\/span><\/p>\n<p><span dir=\"auto\">Deklarace d\u00e1le stanov\u00ed vytvo\u0159en\u00ed mnohon\u00e1rodn\u00edch sil pro Ukrajinu, slo\u017een\u00fdch z p\u0159\u00edsp\u011bvk\u016f ochotn\u00fdch zem\u00ed v r\u00e1mci koalice. Tyto s\u00edly maj\u00ed b\u00fdt nasazeny na \u017e\u00e1dost Ukrajiny, jakmile bude uzav\u0159ena d\u016fv\u011bryhodn\u00e1 m\u00edrov\u00e1 dohoda. Budou m\u00edt evropsk\u00e9 veden\u00ed, zapojeny budou i neevropsk\u00e9 \u010dleny koalice a navrhovanou podporu ze strany Spojen\u00fdch st\u00e1t\u016f.<\/span><\/p>\n<p><span dir=\"auto\">Dokument d\u00e1le stanov\u00ed z\u00e1vazky k podpo\u0159e Ukrajiny v p\u0159\u00edpad\u011b jak\u00e9hokoli budouc\u00edho ozbrojen\u00e9ho \u00fatoku Ruska.<\/span><\/p>\n<div class=\"twitter-tweet twitter-tweet-rendered\"><iframe id=\"twitter-widget-0\" class=\"\" title=\"X P\u0159\u00edsp\u011bvek\" src=\"https:\/\/platform.twitter.com\/embed\/Tweet.html?creatorScreenName=RMXnews&amp;dnt=false&amp;embedId=twitter-widget-0&amp;features=eyJ0ZndfdGltZWxpbmVfbGlzdCI6eyJidWNrZXQiOltdLCJ2ZXJzaW9uIjpudWxsfSwidGZ3X2ZvbGxvd2VyX2NvdW50X3N1bnNldCI6eyJidWNrZXQiOnRydWUsInZlcnNpb24iOm51bGx9LCJ0ZndfdHdlZXRfZWRpdF9iYWNrZW5kIjp7ImJ1Y2tldCI6Im9uIiwidmVyc2lvbiI6bnVsbH0sInRmd19yZWZzcmNfc2Vzc2lvbiI6eyJidWNrZXQiOiJvbiIsInZlcnNpb24iOm51bGx9LCJ0ZndfZm9zbnJfc29mdF9pbnRlcnZlbnRpb25zX2VuYWJsZWQiOnsiYnVja2V0Ijoib24iLCJ2ZXJzaW9uIjpudWxsfSwidGZ3X21peGVkX21lZGlhXzE1ODk3Ijp7ImJ1Y2tldCI6InRyZWF0bWVudCIsInZlcnNpb24iOm51bGx9LCJ0ZndfZXhwZXJpbWVudHNfY29va2llX2V4cGlyYXRpb24iOnsiYnVja2V0IjoxMjA5NjAwLCJ2ZXJzaW9uIjpudWxsfSwidGZ3X3Nob3dfYmlyZHdhdGNoX3Bpdm90c19lbmFibGVkIjp7ImJ1Y2tldCI6Im9uIiwidmVyc2lvbiI6bnVsbH0sInRmd19kdXBsaWNhdGVfc2NyaWJlc190b19zZXR0aW5ncyI6eyJidWNrZXQiOiJvbiIsInZlcnNpb24iOm51bGx9LCJ0ZndfdXNlX3Byb2ZpbGVfaW1hZ2Vfc2hhcGVfZW5hYmxlZCI6eyJidWNrZXQiOiJvbiIsInZlcnNpb24iOm51bGx9LCJ0ZndfdmlkZW9faGxzX2R5bmFtaWNfbWFuaWZlc3RzXzE1MDgyIjp7ImJ1Y2tldCI6InRydWVfYml0cmF0ZSIsInZlcnNpb24iOm51bGx9LCJ0ZndfbGVnYWN5X3RpbWVsaW5lX3N1bnNldCI6eyJidWNrZXQiOnRydWUsInZlcnNpb24iOm51bGx9LCJ0ZndfdHdlZXRfZWRpdF9mcm9udGVuZCI6eyJidWNrZXQiOiJvbiIsInZlcnNpb24iOm51bGx9fQ%3D%3D&amp;frame=false&amp;hideCard=false&amp;hideThread=false&amp;id=2008616437246521476&amp;lang=cs&amp;origin=https%3A%2F%2Frmx.news%2Farticle%2Ffrance-and-uk-commit-to-boots-on-the-ground-in-ukraine-but-only-after-a-peace-deal%2F&amp;sessionId=f9237ff1f12cfb704611144849733e89f5ac3a13&amp;theme=light&amp;widgetsVersion=2615f7e52b7e0%3A1702314776716&amp;width=550px\" frameborder=\"0\" scrolling=\"no\" allowfullscreen=\"allowfullscreen\" data-tweet-id=\"2008616437246521476\" data-mce-fragment=\"1\"><\/iframe><\/div>\n<p><span dir=\"auto\">\u201eToto je z\u00e1sadn\u00ed sou\u010d\u00e1st na\u0161eho neochv\u011bjn\u00e9ho z\u00e1vazku dlouhodob\u011b podporovat Ukrajinu,\u201c \u0159ekl Starmer na tiskov\u00e9 konferenci v Pa\u0159\u00ed\u017ei. \u201eVytv\u00e1\u0159\u00ed to pr\u00e1vn\u00ed r\u00e1mec, v n\u011bm\u017e mohou britsk\u00e9, francouzsk\u00e9 a partnersk\u00e9 s\u00edly operovat na ukrajinsk\u00e9m \u00fazem\u00ed, \u010d\u00edm\u017e se zajist\u00ed bezpe\u010dnost ukrajinsk\u00e9ho vzdu\u0161n\u00e9ho a n\u00e1mo\u0159n\u00edho prostoru a pos\u00edl\u00ed se ukrajinsk\u00e9 ozbrojen\u00e9 s\u00edly pro budoucnost.\u201c<\/span><\/p>\n<p><span dir=\"auto\">Starmer dodal, \u017ee tato ujedn\u00e1n\u00ed by umo\u017enila Spojen\u00e9mu kr\u00e1lovstv\u00ed a Francii po uzav\u0159en\u00ed m\u00edrov\u00e9 dohody z\u0159\u00eddit vojensk\u00e1 centra po cel\u00e9 Ukrajin\u011b a vybudovat chr\u00e1n\u011bn\u00e1 za\u0159\u00edzen\u00ed pro zbran\u011b a vojensk\u00e9 vybaven\u00ed na podporu obrann\u00fdch pot\u0159eb Ukrajiny.<\/span><\/p>\n<div class=\"twitter-tweet twitter-tweet-rendered\"><iframe id=\"twitter-widget-1\" class=\"\" title=\"X P\u0159\u00edsp\u011bvek\" src=\"https:\/\/platform.twitter.com\/embed\/Tweet.html?creatorScreenName=RMXnews&amp;dnt=false&amp;embedId=twitter-widget-1&amp;features=eyJ0ZndfdGltZWxpbmVfbGlzdCI6eyJidWNrZXQiOltdLCJ2ZXJzaW9uIjpudWxsfSwidGZ3X2ZvbGxvd2VyX2NvdW50X3N1bnNldCI6eyJidWNrZXQiOnRydWUsInZlcnNpb24iOm51bGx9LCJ0ZndfdHdlZXRfZWRpdF9iYWNrZW5kIjp7ImJ1Y2tldCI6Im9uIiwidmVyc2lvbiI6bnVsbH0sInRmd19yZWZzcmNfc2Vzc2lvbiI6eyJidWNrZXQiOiJvbiIsInZlcnNpb24iOm51bGx9LCJ0ZndfZm9zbnJfc29mdF9pbnRlcnZlbnRpb25zX2VuYWJsZWQiOnsiYnVja2V0Ijoib24iLCJ2ZXJzaW9uIjpudWxsfSwidGZ3X21peGVkX21lZGlhXzE1ODk3Ijp7ImJ1Y2tldCI6InRyZWF0bWVudCIsInZlcnNpb24iOm51bGx9LCJ0ZndfZXhwZXJpbWVudHNfY29va2llX2V4cGlyYXRpb24iOnsiYnVja2V0IjoxMjA5NjAwLCJ2ZXJzaW9uIjpudWxsfSwidGZ3X3Nob3dfYmlyZHdhdGNoX3Bpdm90c19lbmFibGVkIjp7ImJ1Y2tldCI6Im9uIiwidmVyc2lvbiI6bnVsbH0sInRmd19kdXBsaWNhdGVfc2NyaWJlc190b19zZXR0aW5ncyI6eyJidWNrZXQiOiJvbiIsInZlcnNpb24iOm51bGx9LCJ0ZndfdXNlX3Byb2ZpbGVfaW1hZ2Vfc2hhcGVfZW5hYmxlZCI6eyJidWNrZXQiOiJvbiIsInZlcnNpb24iOm51bGx9LCJ0ZndfdmlkZW9faGxzX2R5bmFtaWNfbWFuaWZlc3RzXzE1MDgyIjp7ImJ1Y2tldCI6InRydWVfYml0cmF0ZSIsInZlcnNpb24iOm51bGx9LCJ0ZndfbGVnYWN5X3RpbWVsaW5lX3N1bnNldCI6eyJidWNrZXQiOnRydWUsInZlcnNpb24iOm51bGx9LCJ0ZndfdHdlZXRfZWRpdF9mcm9udGVuZCI6eyJidWNrZXQiOiJvbiIsInZlcnNpb24iOm51bGx9fQ%3D%3D&amp;frame=false&amp;hideCard=false&amp;hideThread=false&amp;id=2008619577429647728&amp;lang=cs&amp;maxWidth=560px&amp;origin=https%3A%2F%2Frmx.news%2Farticle%2Ffrance-and-uk-commit-to-boots-on-the-ground-in-ukraine-but-only-after-a-peace-deal%2F&amp;sessionId=f9237ff1f12cfb704611144849733e89f5ac3a13&amp;theme=light&amp;widgetsVersion=2615f7e52b7e0%3A1702314776716&amp;width=550px\" frameborder=\"0\" scrolling=\"no\" allowfullscreen=\"allowfullscreen\" data-tweet-id=\"2008619577429647728\" data-mce-fragment=\"1\"><\/iframe><\/div>\n<p><span dir=\"auto\">P\u0159edseda strany Reform UK Nigel Farage kritizoval Starmerovy pozn\u00e1mky po pa\u0159\u00ed\u017esk\u00e9 sch\u016fzce a \u0159ekl: \u201eM\u00e1me \u0159adu evropsk\u00fdch zem\u00ed, p\u0159ev\u00e1\u017en\u011b Evropskou unii a n\u00e1s, kde je Starmer nap\u016fl uvnit\u0159 a nap\u016fl venku, kter\u00e9 zoufale hledaj\u00ed svou relevantnost. Mysl\u00edm, \u017ee o tom ta tiskov\u00e1 konference v Pa\u0159\u00ed\u017ei byla.\u201c<\/span><\/p>\n<p><span dir=\"auto\">Ukrajinsk\u00fd prezident Volodymyr Zelenskyj ozna\u010dil prohl\u00e1\u0161en\u00ed o bezpe\u010dnostn\u00edch z\u00e1ruk\u00e1ch za \u201evelmi konkr\u00e9tn\u00ed\u201c a uvedl, \u017ee Ukrajina ji\u017e v\u00ed, kter\u00e9 zem\u011b se z\u00fa\u010dastn\u00ed a jak\u00e9 budou jejich p\u0159\u00edsp\u011bvky. Dodal, \u017ee pokroku bylo dosa\u017eeno i v jedn\u00e1n\u00edch s americkou delegac\u00ed v Pa\u0159\u00ed\u017ei o monitorov\u00e1n\u00ed p\u0159\u00edm\u011b\u0159\u00ed.<\/span><\/p>\n<p><img decoding=\"async\" loading=\"lazy\" class=\"alignnone size-full wp-image-1185\" src=\"http:\/\/www.infokuryr.cz\/n\/wp-content\/uploads\/2021\/04\/kuryr-podpis.png\" alt=\"\" width=\"84\" height=\"24\" \/><\/p>\n<p>&nbsp;<\/p>\n","protected":false},"excerpt":{"rendered":"<p>\u201eToto je z\u00e1sadn\u00ed sou\u010d\u00e1st na\u0161eho neochv\u011bjn\u00e9ho z\u00e1vazku dlouhodob\u011b podporovat Ukrajinu,\u201c uvedl britsk\u00fd premi\u00e9r Keir Starmer&#8230;<\/p>\n","protected":false},"author":2,"featured_media":96352,"comment_status":"closed","ping_status":"closed","sticky":false,"template":"","format":"standard","meta":[],"categories":[7],"tags":[130,26,303,321],"_links":{"self":[{"href":"https:\/\/www.infokuryr.cz\/n\/wp-json\/wp\/v2\/posts\/96351"}],"collection":[{"href":"https:\/\/www.infokuryr.cz\/n\/wp-json\/wp\/v2\/posts"}],"about":[{"href":"https:\/\/www.infokuryr.cz\/n\/wp-json\/wp\/v2\/types\/post"}],"author":[{"embeddable":true,"href":"https:\/\/www.infokuryr.cz\/n\/wp-json\/wp\/v2\/users\/2"}],"replies":[{"embeddable":true,"href":"https:\/\/www.infokuryr.cz\/n\/wp-json\/wp\/v2\/comments?post=96351"}],"version-history":[{"count":0,"href":"https:\/\/www.infokuryr.cz\/n\/wp-json\/wp\/v2\/posts\/96351\/revisions"}],"wp:featuredmedia":[{"embeddable":true,"href":"https:\/\/www.infokuryr.cz\/n\/wp-json\/wp\/v2\/media\/96352"}],"wp:attachment":[{"href":"https:\/\/www.infokuryr.cz\/n\/wp-json\/wp\/v2\/media?parent=96351"}],"wp:term":[{"taxonomy":"category","embeddable":true,"href":"https:\/\/www.infokuryr.cz\/n\/wp-json\/wp\/v2\/categories?post=96351"},{"taxonomy":"post_tag","embeddable":true,"href":"https:\/\/www.infokuryr.cz\/n\/wp-json\/wp\/v2\/tags?post=96351"}],"curies":[{"name":"wp","href":"https:\/\/api.w.org\/{rel}","templated":true}]}}