{"id":96346,"date":"2026-01-08T00:30:07","date_gmt":"2026-01-07T23:30:07","guid":{"rendered":"https:\/\/www.infokuryr.cz\/n\/?p=96346"},"modified":"2026-01-07T15:10:48","modified_gmt":"2026-01-07T14:10:48","slug":"dalnice-uzavrena-na-hodiny-lopatky-vetrnych-turbin-by-mohly-dopadnout-na-silnici","status":"publish","type":"post","link":"https:\/\/www.infokuryr.cz\/n\/2026\/01\/08\/dalnice-uzavrena-na-hodiny-lopatky-vetrnych-turbin-by-mohly-dopadnout-na-silnici\/","title":{"rendered":"D\u00e1lnice uzav\u0159ena na hodiny! Lopatky v\u011btrn\u00fdch turb\u00edn by mohly dopadnout na silnici"},"content":{"rendered":"<div id=\"fb-root\"><\/div>\n<p><strong><span dir=\"auto\">Severn\u00ed Por\u00fdn\u00ed-Vestf\u00e1lsko: Kolem 10:30 dopoledne musela b\u00fdt tuto st\u0159edu uzav\u0159ena d\u00e1lnice A44 u mimo\u00farov\u0148ov\u00e9 k\u0159i\u017eovatky Jackerath. Zbrusu nov\u00e1 v\u011btrn\u00e1 turb\u00edna, kter\u00e1 se nach\u00e1z\u00ed 200 metr\u016f od d\u00e1lnice, m\u00e1 ohnut\u00fd list, kter\u00fd by mohl spadnout na silnici. Nen\u00ed jasn\u00e9, jak dlouho d\u00e1lnice z\u016fstane uzav\u0159en\u00e1.<\/span><\/strong><\/p>\n<p><span dir=\"auto\">Turb\u00edna je sou\u010d\u00e1st\u00ed \u201ev\u011btrn\u00e9 farmy Bedburg A44n\u201c, kter\u00e1 se nach\u00e1z\u00ed na pozemku dodavatele energie RWE v rekultivovan\u00e9 povrchov\u00e9 t\u011b\u017eebn\u00ed oblasti Garzweiler. V\u011btrn\u00e1 farma zahrnuje tak\u00e9 \u010dty\u0159i dal\u0161\u00ed turb\u00edny s v\u00fd\u0161kou n\u00e1boje 164 metr\u016f.<\/span><\/p>\n<figure class=\"wp-block-embed is-type-rich is-provider-twitter wp-block-embed-twitter\">\n<div class=\"wp-block-embed__wrapper\">\n<div class=\"twitter-tweet twitter-tweet-rendered\"><iframe id=\"twitter-widget-0\" class=\"\" title=\"X P\u0159\u00edsp\u011bvek\" src=\"https:\/\/platform.twitter.com\/embed\/Tweet.html?dnt=true&amp;embedId=twitter-widget-0&amp;features=eyJ0ZndfdGltZWxpbmVfbGlzdCI6eyJidWNrZXQiOltdLCJ2ZXJzaW9uIjpudWxsfSwidGZ3X2ZvbGxvd2VyX2NvdW50X3N1bnNldCI6eyJidWNrZXQiOnRydWUsInZlcnNpb24iOm51bGx9LCJ0ZndfdHdlZXRfZWRpdF9iYWNrZW5kIjp7ImJ1Y2tldCI6Im9uIiwidmVyc2lvbiI6bnVsbH0sInRmd19yZWZzcmNfc2Vzc2lvbiI6eyJidWNrZXQiOiJvbiIsInZlcnNpb24iOm51bGx9LCJ0ZndfZm9zbnJfc29mdF9pbnRlcnZlbnRpb25zX2VuYWJsZWQiOnsiYnVja2V0Ijoib24iLCJ2ZXJzaW9uIjpudWxsfSwidGZ3X21peGVkX21lZGlhXzE1ODk3Ijp7ImJ1Y2tldCI6InRyZWF0bWVudCIsInZlcnNpb24iOm51bGx9LCJ0ZndfZXhwZXJpbWVudHNfY29va2llX2V4cGlyYXRpb24iOnsiYnVja2V0IjoxMjA5NjAwLCJ2ZXJzaW9uIjpudWxsfSwidGZ3X3Nob3dfYmlyZHdhdGNoX3Bpdm90c19lbmFibGVkIjp7ImJ1Y2tldCI6Im9uIiwidmVyc2lvbiI6bnVsbH0sInRmd19kdXBsaWNhdGVfc2NyaWJlc190b19zZXR0aW5ncyI6eyJidWNrZXQiOiJvbiIsInZlcnNpb24iOm51bGx9LCJ0ZndfdXNlX3Byb2ZpbGVfaW1hZ2Vfc2hhcGVfZW5hYmxlZCI6eyJidWNrZXQiOiJvbiIsInZlcnNpb24iOm51bGx9LCJ0ZndfdmlkZW9faGxzX2R5bmFtaWNfbWFuaWZlc3RzXzE1MDgyIjp7ImJ1Y2tldCI6InRydWVfYml0cmF0ZSIsInZlcnNpb24iOm51bGx9LCJ0ZndfbGVnYWN5X3RpbWVsaW5lX3N1bnNldCI6eyJidWNrZXQiOnRydWUsInZlcnNpb24iOm51bGx9LCJ0ZndfdHdlZXRfZWRpdF9mcm9udGVuZCI6eyJidWNrZXQiOiJvbiIsInZlcnNpb24iOm51bGx9fQ%3D%3D&amp;frame=false&amp;hideCard=false&amp;hideThread=false&amp;id=2008867778300690623&amp;lang=cs&amp;origin=https%3A%2F%2Freport24.news%2Fautobahn-seit-stunden-gesperrt-gefahr-durch-abgeknickten-fluegel-eines-nagelneuen-windrads%2F&amp;sessionId=1b8e47fed89bbd0e3685e91a126ad756c860231d&amp;theme=light&amp;widgetsVersion=2615f7e52b7e0%3A1702314776716&amp;width=550px\" frameborder=\"0\" scrolling=\"no\" allowfullscreen=\"allowfullscreen\" data-tweet-id=\"2008867778300690623\" data-mce-fragment=\"1\"><\/iframe><\/div>\n<\/div>\n<\/figure>\n<p><span dir=\"auto\">Mluv\u010d\u00ed spole\u010dnosti RWE listu \u201e\u00a0<\/span><a href=\"https:\/\/www.bild.de\/regional\/nordrhein-westfalen\/polizei-sperrt-autobahn-windradfluegel-droht-abzustuerzen-695e3dce9c2c98991fda32b9\" target=\"_blank\" rel=\"noreferrer noopener\"><span dir=\"auto\">Bild<\/span><\/a><span dir=\"auto\">\u00a0\u201c potvrdil: \u201eM\u016f\u017eeme potvrdit, \u017ee do\u0161lo k po\u0161kozen\u00ed listu rotoru v\u011btrn\u00e9 turb\u00edny ve v\u011btrn\u00e9 farm\u011b Bedburg A44n v povrchov\u00e9m dole Garzweiler. P\u0159\u00edslu\u0161n\u00e9 org\u00e1ny byly okam\u017eit\u011b informov\u00e1ny a oblast je uzav\u0159ena.\u201c<\/span><\/p>\n<p><span dir=\"auto\">Jedn\u00e1 se o nov\u00fd syst\u00e9m od v\u00fdrobce Nordex. Spole\u010dnost RWE jej dosud neschv\u00e1lila, a proto je\u0161t\u011b nebyl v provozu.<\/span><\/p>\n<p><span dir=\"auto\">\u00da\u0159ady tvrd\u00ed, \u017ee zat\u00edm neexistuj\u00ed \u017e\u00e1dn\u00e9 zn\u00e1mky sabot\u00e1\u017ee. D\u00e1lnice byla uzav\u0159ena a dopravn\u00ed z\u00e1cpa je v kilometrech. Policie tvrd\u00ed, \u017ee nem\u016f\u017ee vylou\u010dit, \u201e\u017ee d\u00e1lnici ohro\u017euj\u00ed \u010d\u00e1sti nebo cel\u00e1 v\u011btrn\u00e1 turb\u00edna\u201c.<\/span><\/p>\n<p><span dir=\"auto\">Podle d\u00e1lni\u010dn\u00ed hl\u00eddky vis\u00ed zlomen\u00e9 k\u0159\u00eddlo \u201ejako na vl\u00e1sku\u201c, informuje\u00a0<\/span><a href=\"https:\/\/www1.wdr.de\/nachrichten\/rheinland\/windrad-droht-umzustuerzen-a44-100.html\" target=\"_blank\" rel=\"noreferrer noopener\"><span dir=\"auto\">WDR<\/span><\/a><span dir=\"auto\">\u00a0. Hasi\u010di uv\u00e1d\u011bj\u00ed, \u017ee \u010dekaj\u00ed na d\u00e1lkov\u00e9 ovl\u00e1d\u00e1n\u00ed syst\u00e9mu, aby k\u0159\u00eddlo mohlo spadnout \u201eorganizovan\u00fdm zp\u016fsobem\u201c.<\/span><\/p>\n<p><span dir=\"auto\">To v\u0161ak z\u00e1vis\u00ed na v\u00fdrobci Nordex: Hasi\u010dsk\u00fd sbor v Bedburgu \u010dek\u00e1, zda se Nordex rozhodne aktivovat syst\u00e9m d\u00e1lkov\u00fdm ovl\u00e1d\u00e1n\u00edm, aby vyprovokoval zlomen\u00ed \u010depele.<\/span><\/p>\n<p><span dir=\"auto\">V sou\u010dasn\u00e9 dob\u011b nen\u00ed jasn\u00e9, jak dlouho bude uzav\u00edrka d\u00e1lnice trvat.<\/span><\/p>\n<p><img decoding=\"async\" loading=\"lazy\" class=\"alignnone size-full wp-image-1185\" src=\"http:\/\/www.infokuryr.cz\/n\/wp-content\/uploads\/2021\/04\/kuryr-podpis.png\" alt=\"\" width=\"84\" height=\"24\" \/><\/p>\n<p>&nbsp;<\/p>\n","protected":false},"excerpt":{"rendered":"<p>Severn\u00ed Por\u00fdn\u00ed-Vestf\u00e1lsko: Kolem 10:30 dopoledne musela b\u00fdt tuto st\u0159edu uzav\u0159ena d\u00e1lnice A44 u mimo\u00farov\u0148ov\u00e9 k\u0159i\u017eovatky&#8230;<\/p>\n","protected":false},"author":2,"featured_media":96347,"comment_status":"closed","ping_status":"closed","sticky":false,"template":"","format":"standard","meta":[],"categories":[7],"tags":[1743,1421,10370,6298],"_links":{"self":[{"href":"https:\/\/www.infokuryr.cz\/n\/wp-json\/wp\/v2\/posts\/96346"}],"collection":[{"href":"https:\/\/www.infokuryr.cz\/n\/wp-json\/wp\/v2\/posts"}],"about":[{"href":"https:\/\/www.infokuryr.cz\/n\/wp-json\/wp\/v2\/types\/post"}],"author":[{"embeddable":true,"href":"https:\/\/www.infokuryr.cz\/n\/wp-json\/wp\/v2\/users\/2"}],"replies":[{"embeddable":true,"href":"https:\/\/www.infokuryr.cz\/n\/wp-json\/wp\/v2\/comments?post=96346"}],"version-history":[{"count":0,"href":"https:\/\/www.infokuryr.cz\/n\/wp-json\/wp\/v2\/posts\/96346\/revisions"}],"wp:featuredmedia":[{"embeddable":true,"href":"https:\/\/www.infokuryr.cz\/n\/wp-json\/wp\/v2\/media\/96347"}],"wp:attachment":[{"href":"https:\/\/www.infokuryr.cz\/n\/wp-json\/wp\/v2\/media?parent=96346"}],"wp:term":[{"taxonomy":"category","embeddable":true,"href":"https:\/\/www.infokuryr.cz\/n\/wp-json\/wp\/v2\/categories?post=96346"},{"taxonomy":"post_tag","embeddable":true,"href":"https:\/\/www.infokuryr.cz\/n\/wp-json\/wp\/v2\/tags?post=96346"}],"curies":[{"name":"wp","href":"https:\/\/api.w.org\/{rel}","templated":true}]}}