{"id":9634,"date":"2022-04-14T04:04:22","date_gmt":"2022-04-14T02:04:22","guid":{"rendered":"http:\/\/www.infokuryr.cz\/n\/?p=9634"},"modified":"2022-04-14T04:04:22","modified_gmt":"2022-04-14T02:04:22","slug":"svatopluk-otava-cechy-je-treba-okradat-legalne","status":"publish","type":"post","link":"https:\/\/www.infokuryr.cz\/n\/2022\/04\/14\/svatopluk-otava-cechy-je-treba-okradat-legalne\/","title":{"rendered":"Svatopluk Otava: \u010cechy je t\u0159eba okr\u00e1dat leg\u00e1ln\u011b"},"content":{"rendered":"<div id=\"fb-root\"><\/div>\n<p><strong>Nap\u0159\u00edklad tak n\u011bjak tripartitn\u011b. Koneckonc\u016f se na tom shoduj\u00ed \u0161pi\u010dky tripartitn\u00edch jedn\u00e1n\u00ed jako prezident Svazu pr\u016fmyslu a dopravy Jaroslav Han\u00e1k, p\u0159edseda \u010cesk\u00e9 konfederace odborov\u00fdch svaz\u016f Josef St\u0159edula a ministr zem\u011bd\u011blstv\u00ed Mari\u00e1n Jure\u010dka.<\/strong><\/p>\n<p><span style=\"font-size: 18pt;\"><strong>Odborn\u00edk prod\u00e1, blb daruje\u2026<\/strong><\/span><\/p>\n<p>V\u0161ichni t\u0159i odborn\u00edci na legalizaci okr\u00e1d\u00e1n\u00ed t\u011bch, co je ve skute\u010dnosti \u017eiv\u00ed, oblbuj\u00ed ob\u010dany r\u016fzn\u00fdmi tezemi o p\u0159\u00ed\u010din\u00e1ch a n\u00e1sledc\u00edch hororov\u00e9ho v\u00fdvoje na\u0161eho hospod\u00e1\u0159stv\u00ed. Tak t\u0159eba unisono\u00a0 tvrd\u00ed, \u017ee jedn\u00edm z\u00a0hlavn\u00edch d\u016fvod\u016f ob\u0159\u00ed inflace je v\u00a0t\u011bchto dnech v\u00e1lka na Ukrajin\u011b. To je pochopiteln\u011b le\u017e jako v\u011b\u017e. Na Ukrajin\u011b sice prob\u00edhaj\u00ed boje a \u010de\u0161t\u00ed protektor\u00e1tn\u00ed m\u00edstodr\u017e\u00edc\u00ed se je aktivn\u011b sna\u017e\u00ed podporovat dov\u00e1\u017ekou \u010dehokoli, co tyto boje prodlou\u017e\u00ed, ale infla\u010dn\u00edho v\u00fdvoje v\u00a0\u010cR se tato z\u00e1le\u017eitost nedot\u00fdk\u00e1.<\/p>\n<p>Jedin\u00fdm d\u016fvodem infla\u010dn\u00ed spir\u00e1ly v\u00a0souvislosti s\u00a0t\u00edmto d\u011bn\u00edm je n\u00e1\u0161 sebevra\u017eedn\u00fd p\u0159\u00edklon k\u00a0p\u0159ipojov\u00e1n\u00ed se, ba vyhla\u0161ov\u00e1n\u00ed sankc\u00ed v\u016f\u010di Rusk\u00e9 federaci v\u00a0z\u00e1jmu likvidace slovansk\u00fdch zem\u00ed v\u00fdchodn\u00ed Evropy mezin\u00e1rodn\u00edm banksterstvem anglosask\u00e9 provenience.<\/p>\n<p>Zat\u00edmco vy\u010d\u016fran\u00ed Z\u00e1pa\u010fan\u00e9 vyzbrojuj\u00ed kyjevsk\u00e9 nacisty typicky \u201ena sekyru\u201c s\u00a0t\u00edm, \u017ee v\u00a0budoucnu a\u017e po u\u0161i sv\u00fdch prapravnou\u010dat zadlu\u017een\u00e1 oligarchick\u00e1 d\u017eungle jim tyto dluhy zaplat\u00ed, my, serviln\u00ed podr\u017eta\u0161kov\u00e9\u00a0 t\u011bchto harpagonsk\u00fdch hodnot, tak \u010din\u00edme nezi\u0161tn\u011b. Fialovic \u201ebylon\u00e1sp\u011bt\u201c vl\u00e1da pos\u00edl\u00e1 kv\u00e9ry bandit\u016fm zdarma.<\/p>\n<p><span style=\"font-size: 18pt;\"><strong>Muslimov\u00e9 na z\u00e1pad, banderovci na v\u00fdchod! (A kam m\u00e1me j\u00edt my, \u010ce\u0161i?)<\/strong><\/span><\/p>\n<p>V\u00a0dob\u011b, kdy se na z\u00e1pad od A\u0161e v\u0161echny politick\u00e9 reprezentace \u201estar\u00fdch zem\u00ed\u201c p\u0159edh\u00e1n\u011bji ve vym\u00fd\u0161len\u00ed administrativn\u00edch obstrukc\u00ed, aby z\u00a0velk\u00e9 \u010d\u00e1sti ne\u0161\u0165astn\u00e9 ukrajinsk\u00e9 b\u011b\u017eence, ale i \u0161\u0165astn\u00e9 ukrajinsk\u00e9 mafi\u00e1ny nasm\u011b\u0159ovaly do bloudiv\u00e9ho koloto\u010de \u010desko-polsko-slovensk\u00e9ho nedobrovoln\u00e9ho \u201edobrodin\u00ed\u201c, my se m\u016f\u017eeme p\u0159etrhnout. Fialovic kamarila neum\u011btel\u016f vel\u00ed k\u00a0v\u00fdrob\u011b v\u00edtac\u00edch t\u0159epetalek a jejich rozm\u00edst\u011bn\u00ed v\u0161ude, kde tr\u010d\u00ed z\u00a0n\u011bjak\u00e9ho bar\u00e1ku uvoln\u011bn\u00fd rezav\u00fd roksor, \u201evy\u010darov\u00e1v\u00e1\u201c najednou statis\u00edce voln\u00fdch byt\u016f, rozd\u00e1v\u00e1 p\u0159e\u0161t\u011bdr\u00e9 kapesn\u00e9 ka\u017ed\u00e9mu z\u00e1jemci. Jen kdy\u017e m\u00e1 v\u00a0budoucnu ten nejlep\u0161\u00ed \u00famysl majd\u00e1novit\u011b obohatit hostitele tak, aby je u\u017e nikdy nenapadlo litovat sv\u00fdch dobr\u00fdch skutk\u016f.<\/p>\n<p>No, jo. Ale kdo to v\u0161echno (u n\u00e1s!) zaplat\u00ed? Prost\u011b v\u0161ichni ti \u0161\u0165astn\u00ed, co chod\u00ed jako stroje do pr\u00e1ce, aby honili ka\u017edou korunu pro sv\u00e9 rodiny a d\u00edky \u017e\u00e1dn\u00e9mu \u010dasu k\u00a0zamy\u0161len\u00ed ani v\u011bt\u0161inou netu\u0161\u00ed, co v\u0161echno plat\u00ed. Od toho, aby z\u016fst\u00e1vali co nejd\u00e9le v\u00a0ho\u0159kosladk\u00e9 nev\u011bdomosti, aby si mysleli, \u017ee jejich domovy budou v\u00a0bezpe\u010d\u00ed a jejich \u017eivoty z\u016fstanou klidn\u00e9, se star\u00e1 mimo jin\u00e9, stejn\u011b podl\u00e9 vyklada\u010de, i trojka nesmlouvav\u00fdch pandur\u016f, zvan\u00e1 obecn\u011b tripartita.<\/p>\n<p>\u0160\u00e9f vysvl\u00e9ka\u010d\u016f pracuj\u00edc\u00edch z\u00a0posledn\u00ed ko\u0161ile Han\u00e1k, boss a hoch\u0161tapler St\u0159edula, jen\u017e nikdy po\u0159\u00e1dn\u011b nemakal, ale od sv\u00fdch 22 let intenzivn\u011b \u201echr\u00e1n\u00ed\u201c za pen\u00edze \u201ez\u00e1jmy\u201c t\u011bch, kdo opravdu pracuj\u00ed, jako\u017e i vrchn\u00ed pandur na ministersk\u00e9 stoli\u010dce Jure\u010dka poplkali 12. dubna o tom, kdo bude c\u00e1lovat pansk\u00e9 rozhodnut\u00ed k\u00a0likvidaci posledn\u00edch zbytk\u016f \u010desk\u00e9 suverenity. P\u0159iklonili se (jak jinak) k\u00a0chytr\u00e9mu n\u011bmeck\u00e9mu vyn\u00e1lezu.<\/p>\n<p><span style=\"font-size: 18pt;\"><strong>Zapla\u0165 dan\u011b a my ti pak d\u00e1me n\u011bjak\u00e9 pen\u00edze, a\u0165 si m\u016f\u017ee\u0161 platit i svoji v\u00fdplatu.?<\/strong><\/span><\/p>\n<p>Zavede se tzv. <strong>kurzarbeit. <\/strong>U\u017e jsme to tu jednou v\u00a0r\u00e1mci ml\u017een\u00ed o odklonech v\u00fdsledk\u016f \u010desk\u00e9 ekonomiky do \u0161ed\u00fdch z\u00f3n m\u011bli. I s\u00a0t\u00edm inzerovan\u00fdm \u00fa\u010delem \u201epomoci v\u0161em\u201c, pracuj\u00edc\u00edm, firm\u00e1m, \u017eivnostn\u00edk\u016fm.<\/p>\n<p>\u010cesk\u00e1 republika sice nepat\u0159ila k\u00a0vyvolen\u00fdm z\u00e1padn\u00edm fili\u00e1lk\u00e1m IV. \u0158\u00ed\u0161e, kde st\u00e1t dotoval d\u00edky tomuto vyn\u00e1lezu 100% mzdy zam\u011bstnanc\u016fm, jako\u017e i u\u0161l\u00fd zisk spole\u010dnostem, to ne, ale aspo\u0148 pr\u00fd n\u011bjak\u00fdch t\u011bch 70% za nicned\u011bl\u00e1n\u00ed nebo poflakov\u00e1n\u00ed by sta\u010dit t\u011bm \u010cech\u016fm mohlo. Mohlo? Inu, musilo.<\/p>\n<p>Pon\u011bvad\u017e kdo by dopl\u00e1cel t\u011bch chyb\u011bj\u00edc\u00edch 30% pro N\u011bmce, kdy\u017e by \u010ce\u0161i a jin\u00ed V\u00fdchod\u0148an\u00e9 brali taky 100%? N\u011bjac\u00ed je\u0161t\u011b v\u00fdchodn\u011bj\u0161\u00ed V\u00fdchod\u0148an\u00e9? Nikoli. Ti u\u017e tou dobou byli zam\u011bstn\u00e1n\u00ed hlavn\u011b vyvra\u017e\u010fov\u00e1n\u00edm sv\u00fdch je\u0161t\u011b v\u00edce v\u00fdchodn\u011bj\u0161\u00edch bratranc\u016f a to hlavn\u011b proto, aby si nev\u0161imli, \u017ee jim v\u00a0t\u00e9 jejich pov\u011bstn\u00e9 obilnici nepat\u0159\u00ed u\u017e jedinkat\u00e9 zrnko, nedejbo\u017ee snad kl\u00e1sek\u2026.<\/p>\n<p>A co \u017ee je ten princip kuzarbeitu, jim\u017e n\u00e1s han\u00e1ci, st\u0159edulov\u00e9, jure\u010dkov\u00e9 a podobn\u00e1 fialov\u00e1 spole\u010dnost hodlaj\u00ed spasit p\u0159ed inflac\u00ed a nejsp\u00ed\u0161e hlavn\u011b p\u0159ed p\u0159em\u00fd\u0161len\u00edm? Jednoduch\u00e9 \u2013 ve\u0161ker\u00e9 bohulibosti, na n\u011bj\u017e prost\u00fd lid i ko\u0159istn\u00edci v\u00a0ekonomice tak dob\u0159e sly\u0161\u00ed, zaplat\u00ed st\u00e1t. T\u0159eba 70%, klidn\u011b i 80%, dokonce n\u011bkde a n\u011bkdy i 100%. I u\u0161l\u00e9 zisky.<\/p>\n<p>A jak to ten st\u00e1t ud\u011bl\u00e1? Vybere na dan\u00edch p\u0159ece\u2026, ka\u017ed\u00fd v\u00ed, \u017ee \u017e\u00e1dn\u00fd st\u00e1t \u017e\u00e1dn\u00e9 jin\u00e9 pen\u00edze nem\u00e1, ne\u017e ty, kter\u00e9 vybere na dan\u00edch? A od koho je vybere? Nooo, tak p\u0159\u00edkladn\u011b od firem, ale t\u011bm je pak v\u00a0kurzarbeitu zase vr\u00e1t\u00ed. A taky od zam\u011bstnanc\u016f\u2026?, a t\u011bm je taky vr\u00e1t\u00ed? Ale ne, po\u0159\u00e1d, t\u011bm je nevr\u00e1t\u00ed, ti to p\u0159ece v\u0161echno mus\u00ed zadotovat a zaplatit i za sebe, v\u00edme? Takov\u00e9 nen\u00e1padn\u00e9, zcela vhodn\u00e9 a leg\u00e1ln\u00ed dal\u0161\u00ed zdan\u011bn\u00ed. No, nen\u00ed to kr\u00e1sn\u00e9? Takov\u00e9 cel\u00e9 \u201ehodnotov\u00e9\u201c a z\u00e1padn\u00ed, jak se n\u00e1m to \u010d\u00edm d\u00e1l t\u00edm v\u00edce l\u00edb\u00ed?<\/p>\n<p><strong>Svatopluk Otava<\/strong><\/p>\n<p>P.S.<\/p>\n<p>Jeden st\u00e1t m\u00e1 ov\u0161em i pen\u00edze, kter\u00e9 t\u0159eba ani vybrat nemus\u00ed. Prost\u011b si je natiskne. Ale moc se o tom te\u010f nep\u00ed\u0161e, asi n\u011bjak\u00e1 poruch FED tisk\u00e1ren, \u010di co\u2026.<\/p>\n<p>&nbsp;<\/p>\n","protected":false},"excerpt":{"rendered":"<p>Nap\u0159\u00edklad tak n\u011bjak tripartitn\u011b. Koneckonc\u016f se na tom shoduj\u00ed \u0161pi\u010dky tripartitn\u00edch jedn\u00e1n\u00ed jako prezident Svazu&#8230;<\/p>\n","protected":false},"author":2,"featured_media":1466,"comment_status":"closed","ping_status":"closed","sticky":false,"template":"","format":"standard","meta":[],"categories":[6],"tags":[670,236,29],"_links":{"self":[{"href":"https:\/\/www.infokuryr.cz\/n\/wp-json\/wp\/v2\/posts\/9634"}],"collection":[{"href":"https:\/\/www.infokuryr.cz\/n\/wp-json\/wp\/v2\/posts"}],"about":[{"href":"https:\/\/www.infokuryr.cz\/n\/wp-json\/wp\/v2\/types\/post"}],"author":[{"embeddable":true,"href":"https:\/\/www.infokuryr.cz\/n\/wp-json\/wp\/v2\/users\/2"}],"replies":[{"embeddable":true,"href":"https:\/\/www.infokuryr.cz\/n\/wp-json\/wp\/v2\/comments?post=9634"}],"version-history":[{"count":0,"href":"https:\/\/www.infokuryr.cz\/n\/wp-json\/wp\/v2\/posts\/9634\/revisions"}],"wp:featuredmedia":[{"embeddable":true,"href":"https:\/\/www.infokuryr.cz\/n\/wp-json\/wp\/v2\/media\/1466"}],"wp:attachment":[{"href":"https:\/\/www.infokuryr.cz\/n\/wp-json\/wp\/v2\/media?parent=9634"}],"wp:term":[{"taxonomy":"category","embeddable":true,"href":"https:\/\/www.infokuryr.cz\/n\/wp-json\/wp\/v2\/categories?post=9634"},{"taxonomy":"post_tag","embeddable":true,"href":"https:\/\/www.infokuryr.cz\/n\/wp-json\/wp\/v2\/tags?post=9634"}],"curies":[{"name":"wp","href":"https:\/\/api.w.org\/{rel}","templated":true}]}}