{"id":96336,"date":"2026-01-08T00:16:46","date_gmt":"2026-01-07T23:16:46","guid":{"rendered":"https:\/\/www.infokuryr.cz\/n\/?p=96336"},"modified":"2026-01-07T14:46:32","modified_gmt":"2026-01-07T13:46:32","slug":"miroslav-petr-uz-se-uplne-zblaznil","status":"publish","type":"post","link":"https:\/\/www.infokuryr.cz\/n\/2026\/01\/08\/miroslav-petr-uz-se-uplne-zblaznil\/","title":{"rendered":"Miroslav Petr: U\u017e se \u00fapln\u011b zbl\u00e1znil"},"content":{"rendered":"<div id=\"fb-root\"><\/div>\n<p>P\u0159est\u00e1rl\u00fd &#8222;rocker&#8220;, kter\u00fd pr\u00fd &#8222;vyhnal&#8220; ruskou arm\u00e1du, kritizuje Okamuru kv\u016fli zlat\u00e9mu z\u00e1chodu Timura a jeho bandy. Tomuto kytaristovi v\u016fbec\u00a0 nevad\u00ed, \u017ee pen\u00edze ur\u010den\u00e9 pro \u010desk\u00e9 rodiny a soci\u00e1ln\u011b pot\u0159ebn\u00e9 se vyhazuj\u00ed na luxus ukrajinsk\u00fdch politik\u016f. V\u016fbec mu nevad\u00ed, \u017ee za pen\u00edze na\u0161ich d\u016fchodc\u016f se nakupuj\u00ed zbran\u011b pro Ukrajinu. Nen\u00ed schopen pochopit, \u017ee se t\u00edm podporuje zab\u00edjen\u00ed tis\u00edce Ukrajinc\u016f ka\u017ed\u00fd den. Tak to je jeden z t\u011bch, kte\u0159\u00ed se raduj\u00ed, \u017ee agent P\u00e1vek okradl 2 500 000 d\u016fchodc\u016f, ka\u017ed\u00e9ho o 35 000 K\u010d. Tento kdysi bojovn\u00edk proti\u00a0 komunist\u016fm chv\u00e1l\u00ed projev kovan\u00e9ho komunisty. To nevymysl\u00ed\u0161. Proboha, o \u010dem ten projev vlastn\u011b byl? Zhodnotil Pepa snad v n\u011bm \u010dinnost minul\u00e9 vl\u00e1dy?<\/p>\n<div class=\"body apply-styles\" lang=\"cs\">\n<p>Mluvil snad o n\u011bjak\u00fdch pl\u00e1nech, co ud\u011bl\u00e1 v tomto roce pro blaho \u010desk\u00e9ho n\u00e1roda? Podle soudruha Koc\u00e1ba je bezpe\u010dnostn\u00ed riziko j\u00edt cestou Orb\u00e1na \u010di Fica- skute\u010dn\u00fdch a odv\u00e1\u017en\u00fdch st\u00e1tn\u00edk\u016f, ne oby\u010dejn\u00fdch politik\u016f, kte\u0159\u00ed mysl\u00ed jen na sv\u00e9 koryto, a blaho n\u00e1roda jim je ukraden\u00e9. Podle n\u011bj u\u017e m\u011bla m\u00edt opozice aspo\u0148 10, slovy deset \/!\/ tiskovek. Jeho guru, abstinent V\u00e9na, by vzal hlavu do dlan\u00ed a ho\u0159ce by zaplakal nad jeho patologickou nen\u00e1vist\u00ed. Rusov\u00e9 by pr\u00fd u\u017e byli na hranic\u00edch Slovenska.<\/p>\n<p>Trump je pr\u00fd Ruskem vyd\u00edr\u00e1n a zamotal se pr\u00fd s na\u0161\u00ed STB a s ruskou rozv\u011bdkou. Do Bohnic tohoto bl\u00e1zna necht\u011bj\u00ed, proto\u017ee l\u00e9\u010den\u00ed jeho nevyl\u00e9\u010diteln\u00e9 diagn\u00f3zy je zbyte\u010dn\u00e9. Je to s n\u00edm je\u0161t\u011b hor\u0161\u00ed, ne\u017e si mysl\u00edme. Jak my v Brn\u011b \u0159\u00edk\u00e1me, m\u00e1 nejvy\u0161\u0161\u00ed \u010das, aby si zkou\u0161el d\u0159ev\u011bn\u00e9 py\u017eamo a nau\u010dil se sk\u00e1kat do truhly. Pro\u010d jsem si vzpomn\u011bl na film &#8222;Je\u0161t\u011b v\u011bt\u0161\u00ed blbec ne\u017e jsme doufali&#8220;?<\/p>\n<div>\n<p>S\u00e1\u0161enka, l\u00e1ska abstinenta V\u00e9ny, ur\u00e1\u017eel Okamuru, jeho\u017e strana pr\u00fd sm\u011b\u0159uje k z\u00e1niku, spln\u00ed-li sv\u00e9 sliby. Ve skute\u010dnosti se stane prav\u00fd opak a soudruh Vondra pukne vzteky. S\u00e1\u0161a se oh\u00e1n\u00ed demokraci\u00ed a svobodou slova, ani\u017e by v\u011bd\u011bl co tato slova znamenaj\u00ed. Dokonce z\u00e1vid\u00ed, \u017ee Okamura bere \u010dtvrt milionu m\u011bs\u00ed\u010dn\u011b. \u017de S\u00e1\u0161enka bere v\u00edc ne\u017e dvakr\u00e1t tolik, to ne\u0159ekne. Vzpom\u00edn\u00e1te na slavn\u00fd Jake\u0161\u016fv v\u00fdrok-&#8222;Zagorka, je to mil\u00e1 holka, bere dva miliony, t\u0159i miliony&#8230;&#8220;? Za\u010d bere tato b\u00fdval\u00e1 milenka jeho Guru tolik pen\u011bz? Co vykonal v Bruseli pro blaho \u010desk\u00e9ho n\u00e1roda?<\/p>\n<p>Opozice sb\u00edr\u00e1 podpisy pro odvol\u00e1n\u00ed Okamury. Inu, kde je programem jen a jen nen\u00e1vist k Babi\u0161ovi, Okamurovi a Turkovi, tam nen\u00ed \u017e\u00e1dn\u00e1 perspektiva. Kritizovat vl\u00e1du hned prvn\u00ed den, kdy\u017e je\u0161t\u011b nemohla v\u016fbec nic vykonat, je idiocie prvn\u00edho stupn\u011b. Vzpom\u00edn\u00e1te na Televariet\u00e9, kdy na prvn\u00ed pohled oby\u010dejn\u00e1 \u017eena z kuchyn\u011b byla vyzv\u00e1na ke zp\u011bvu, co\u017e vypadalo na p\u011bkn\u00fd trapas? Pak za\u010dala zp\u00edvat a porota i obecenstvo spustili bou\u0159liv\u00fd potlesk. Podobn\u00fd p\u0159\u00edpad byl i ve sv\u011btov\u00e9 sout\u011b\u017ei Talent, kde tak\u00e9 na pohled oby\u010dejn\u00e1 \u017eena z kuchyn\u011b, jakmile za\u010dala zp\u00edvat, porota i obecenstvo p\u0159ehlu\u0161ilo jej\u00ed n\u00e1dhern\u00fd zp\u011bv bou\u0159liv\u00fdm potleskem. Tak\u017ee hodnotit n\u011bkoho, kdo se je\u0161t\u011b neprojevil, je vrchol demence.<\/p>\n<p>EU chce d\u00e1t politick\u00fdm Ziskovk\u00e1m o 600% v\u00edc na ideologickou propagandu a indoktrinaci. Tak\u00e9 zav\u00e1d\u00ed m\u00edsto cenzury sankce proti ob\u010dan\u016fm. Vrac\u00ed se doba inkvizice a upalov\u00e1n\u00ed \u010darod\u011bjnic. Vzpomn\u011bl jsem si na zn\u00e1mou p\u00edsni\u010dku &#8222;St\u0159edov\u011bk trv\u00e1&#8220;.<\/p>\n<p>V N\u011bmecku umo\u017en\u00ed cizinc\u016fm pon\u011bm\u010dit si vlastn\u00ed jm\u00e9na, aby se tak sn\u00ed\u017eila identifikace &#8222;op\u00e1len\u00fdch in\u017een\u00fdr\u016f&#8220;.<\/p>\n<p>T\u00e9m\u011b\u0159 polovina d\u011bt\u00ed ve V\u00eddni nen\u00ed rakousk\u00e9ho p\u016fvodu.<\/p>\n<p>Skoro 150 000 sedmn\u00e1ctilet\u00fdch Belgi\u010dan\u016f dostalo povol\u00e1vac\u00ed rozkaz. Putin\u00a0 u\u017e nesp\u00ed strachy.<\/p>\n<p>\u010c\u00e1st\u00a0 Berl\u00edna je v\u00edce dn\u016f bez proudu, tak\u017ee v mrazech si nemohou zatopit. M\u00edstn\u00ed nemohou odej\u00edt ze zamrzl\u00fdch byt\u016f k p\u0159\u00edbuzn\u00fdm \u010di do hotelu, proto\u017ee se boj\u00ed, \u017ee jim &#8222;host\u00e9&#8220;, kter\u00e9 pozvala n\u011bmeck\u00e1 svaza\u010dka, vybydl\u00ed byt. Pamatujete na slavn\u00e9- &#8222;wir schaffen&#8220;? Jde o 35 tis\u00edc dom\u00e1cnost\u00ed. N\u011bmeck\u00e1 vl\u00e1da v\u0161echny gener\u00e1tory poslala na Ukrajinu, tak\u017ee nelze ni\u010d\u00edm topit, nen\u00ed-li elekt\u0159ina.<\/p>\n<p>ESLP p\u0159iznal od\u0161kodn\u011bn\u00ed \u010dtvrt milionu liber dvojn\u00e1sobn\u00e9mu muslimsk\u00e9mu vrahovi za to, \u017ee byl ve v\u011bzen\u00ed na samotce.<\/p>\n<p>WHO pl\u00e1nuje v\u00edc o\u010dkovat d\u011bti a omezit kontrolu rodi\u010d\u016f. Povinn\u00e9 o\u010dkov\u00e1n\u00ed pro cel\u00fd sv\u011bt, krom\u011b op\u00e1len\u00fdch chirurg\u016f, chce zav\u00e9st tento, \u010di nejpozd\u011bji p\u0159\u00ed\u0161t\u00ed rok. U n\u00e1s se letos zav\u00e1d\u00ed elektronick\u00e9 o\u010dkovac\u00ed pr\u016fkazy. Soudruh V\u00e1lek tak p\u0159ipravuje povinn\u00e9 o\u010dkov\u00e1n\u00ed p\u0159es ID. Sal\u00e1movka je nejspolehliv\u011bj\u0161\u00ed zav\u00e1d\u011bn\u00ed doslova \u010dehokoli. Vzorn\u00fdm p\u0159\u00edkladem bylo zav\u00e1d\u011bn\u00ed stejnopohlavn\u00edho partnerstv\u00ed. Dnes to vrchol\u00ed adopc\u00ed stejnopohlavn\u00edmi p\u00e1ry a trans, \u00fadajn\u011b 107 pohlav\u00edmi, spolu\u017eit\u00ed v jedn\u00e9 dom\u00e1cnosti alespo\u0148 p\u011bti lid\u00ed\u00a0 v jedn\u00e9 dom\u00e1cnosti s adopcemi x d\u011bt\u00ed&#8230;<\/p>\n<p>V\u011btrn\u00e9 farmy na mo\u0159i dle v\u011bdc\u016f oh\u0159\u00edvaj\u00ed atmosf\u00e9ru. To Zelen\u00ed nep\u0159iznaj\u00ed. Tak vznik\u00e1 &#8222;glob\u00e1ln\u00ed oteplov\u00e1n\u00ed&#8220;. Vzorn\u00fdm d\u016fkazem jsou nast\u00e1vaj\u00edc\u00ed mrazy tento t\u00fdden&#8230;<\/p>\n<p>Soudruhu Chatrn\u00fd, pardon, Vetch\u00fd, pro\u010d jste ihned po \u00fanosu rodiny venezuelsk\u00e9ho prezidenta nezavedl dronovou sb\u00edrku na obranu Venezuely? Donaldova invaze do Venezuely v\u00e1m nevad\u00ed?<\/p>\n<p><a href=\"https:\/\/www.czechfreepress.cz\/dalsi-blogy\/uz-se-uplne-zblaznil.html\">Miroslav Petr<\/a><\/p>\n<p>&nbsp;<\/p>\n<\/div>\n<\/div>\n","protected":false},"excerpt":{"rendered":"<p>P\u0159est\u00e1rl\u00fd &#8222;rocker&#8220;, kter\u00fd pr\u00fd &#8222;vyhnal&#8220; ruskou arm\u00e1du, kritizuje Okamuru kv\u016fli zlat\u00e9mu z\u00e1chodu Timura a jeho&#8230;<\/p>\n","protected":false},"author":2,"featured_media":79051,"comment_status":"closed","ping_status":"closed","sticky":false,"template":"","format":"standard","meta":[],"categories":[6],"tags":[1503,35,122],"_links":{"self":[{"href":"https:\/\/www.infokuryr.cz\/n\/wp-json\/wp\/v2\/posts\/96336"}],"collection":[{"href":"https:\/\/www.infokuryr.cz\/n\/wp-json\/wp\/v2\/posts"}],"about":[{"href":"https:\/\/www.infokuryr.cz\/n\/wp-json\/wp\/v2\/types\/post"}],"author":[{"embeddable":true,"href":"https:\/\/www.infokuryr.cz\/n\/wp-json\/wp\/v2\/users\/2"}],"replies":[{"embeddable":true,"href":"https:\/\/www.infokuryr.cz\/n\/wp-json\/wp\/v2\/comments?post=96336"}],"version-history":[{"count":0,"href":"https:\/\/www.infokuryr.cz\/n\/wp-json\/wp\/v2\/posts\/96336\/revisions"}],"wp:featuredmedia":[{"embeddable":true,"href":"https:\/\/www.infokuryr.cz\/n\/wp-json\/wp\/v2\/media\/79051"}],"wp:attachment":[{"href":"https:\/\/www.infokuryr.cz\/n\/wp-json\/wp\/v2\/media?parent=96336"}],"wp:term":[{"taxonomy":"category","embeddable":true,"href":"https:\/\/www.infokuryr.cz\/n\/wp-json\/wp\/v2\/categories?post=96336"},{"taxonomy":"post_tag","embeddable":true,"href":"https:\/\/www.infokuryr.cz\/n\/wp-json\/wp\/v2\/tags?post=96336"}],"curies":[{"name":"wp","href":"https:\/\/api.w.org\/{rel}","templated":true}]}}