{"id":96318,"date":"2026-01-08T00:18:13","date_gmt":"2026-01-07T23:18:13","guid":{"rendered":"https:\/\/www.infokuryr.cz\/n\/?p=96318"},"modified":"2026-01-07T12:21:39","modified_gmt":"2026-01-07T11:21:39","slug":"10-velmi-dulezitych-trendu-ktere-bychom-meli-sledovat-s-prichodem-roku-2026","status":"publish","type":"post","link":"https:\/\/www.infokuryr.cz\/n\/2026\/01\/08\/10-velmi-dulezitych-trendu-ktere-bychom-meli-sledovat-s-prichodem-roku-2026\/","title":{"rendered":"10 velmi d\u016fle\u017eit\u00fdch trend\u016f, kter\u00e9 bychom m\u011bli sledovat s p\u0159\u00edchodem roku 2026"},"content":{"rendered":"<div id=\"fb-root\"><\/div>\n<div class=\"elementor-element elementor-element-1fb4c2c elementor-widget elementor-widget-theme-post-content\" data-id=\"1fb4c2c\" data-element_type=\"widget\" data-widget_type=\"theme-post-content.default\">\n<div class=\"elementor-widget-container\">\n<p><span dir=\"auto\">Jsme na pokraji glob\u00e1ln\u00ed no\u010dn\u00ed m\u016fry? Mnoz\u00ed popsali to, co pr\u00e1v\u011b pro\u017e\u00edv\u00e1me, jako \u201edokonalou bou\u0159i\u201c. V posledn\u00edch m\u011bs\u00edc\u00edch n\u00e1s zas\u00e1hla jedna krize za druhou, proto\u017ee se glob\u00e1ln\u00ed ud\u00e1losti dramaticky zrychlily. Nyn\u00ed se ale zd\u00e1, \u017ee dal\u0161\u00ed kapitola, do kter\u00e9 vstupujeme, posune v\u0161e na zcela novou \u00farove\u0148.<\/span><\/p>\n<p><span dir=\"auto\">Na Silvestra se na na\u0161\u00ed nejv\u00fdznamn\u011bj\u0161\u00ed pam\u00e1tce ve st\u0159edu zem\u011b stalo n\u011bco velmi ne\u010dekan\u00e9ho. Ur\u010dit\u011b byste si m\u011bli tento \u010dl\u00e1nek p\u0159e\u010d\u00edst a\u017e do konce, abyste pochopili, o \u010dem mluv\u00edm. Leto\u0161n\u00ed rok u\u017e za\u010dal velmi neobvykle a pln\u011b o\u010dek\u00e1v\u00e1m, \u017ee se v nadch\u00e1zej\u00edc\u00edch m\u011bs\u00edc\u00edch stane mnohem v\u00edce bl\u00e1zniv\u00fdch v\u011bc\u00ed. N\u00ed\u017ee uv\u00e1d\u00edme 10 velmi d\u016fle\u017eit\u00fdch trend\u016f, na kter\u00e9 bychom m\u011bli v roce 2026 d\u00e1vat pozor\u2026<\/span><\/p>\n<h3 class=\"wp-block-heading\"><span dir=\"auto\">#1 Cena st\u0159\u00edbra<\/span><\/h3>\n<p><span dir=\"auto\">Cena st\u0159\u00edbra n\u00e1m ukazuje, \u017ee pod povrchem glob\u00e1ln\u00edho finan\u010dn\u00edho syst\u00e9mu se skr\u00fdvaj\u00ed z\u00e1va\u017en\u00e9 probl\u00e9my. Navzdory dramatick\u00e9mu pokusu o potla\u010den\u00ed ceny st\u0159\u00edbra tento t\u00fdden se p\u0159edpokl\u00e1d\u00e1, \u017ee v roce 2025 bude st\u00e1le o 140 procent vy\u0161\u0161\u00ed.<\/span><\/p>\n<p><span dir=\"auto\">A rozd\u00edl mezi cenou pap\u00edrov\u00e9ho st\u0159\u00edbra a cenami, za kter\u00e9 se fyzick\u00e9 st\u0159\u00edbro obchoduje po cel\u00e9m sv\u011bt\u011b, se stal extr\u00e9mn\u011b alarmuj\u00edc\u00edm\u2026<\/span><\/p>\n<p><em><span dir=\"auto\">St\u0159\u00edbro za 130 dolar\u016f v Japonsku, 106 dolar\u016f v Kuvajtu, 97 dolar\u016f v Koreji a \u201e71 dolar\u016f\u201c na z\u00e1padn\u00edch obrazovk\u00e1ch \u2013 to nen\u00ed trh; je to zpov\u011b\u010f. \u010c\u00edsla zn\u011bj\u00ed jako n\u00e1\u010drt z m\u00edsta \u010dinu: V re\u00e1ln\u00e9m sv\u011bt\u011b, kde slitky m\u011bn\u00ed majitele a mince miz\u00ed v trezorech, st\u0159\u00edbro ti\u0161e migrovalo do trojcifern\u00fdch cenov\u00fdch rozp\u011bt\u00ed, zat\u00edmco \u00fadajn\u00e1 \u201eglob\u00e1ln\u00ed referen\u010dn\u00ed cena\u201c v New Yorku a Lond\u00fdn\u011b z\u016fst\u00e1v\u00e1 uv\u011bzn\u011bna ve fantasy sv\u011bt\u011b p\u00e1kov\u00fdch slib\u016f.<\/span><\/em><\/p>\n<p><em><span dir=\"auto\">V tokijsk\u00fdch obchodech a u japonsk\u00fdch prodejc\u016f drah\u00fdch kov\u016f u\u017e nekupujete st\u0159\u00edbro za zhruba 70 dolar\u016f; plat\u00edte ekvivalent 120\u2013130 dolar\u016f za unci, proto\u017ee to jsou n\u00e1klady na dopl\u0148ov\u00e1n\u00ed z\u00e1sob, kdy\u017e zapo\u010d\u00edt\u00e1te omezen\u00e9 velkoobchodn\u00ed dod\u00e1vky, dopravu, poji\u0161t\u011bn\u00ed, kol\u00eds\u00e1n\u00ed m\u011bn a rostouc\u00ed pocit, \u017ee dal\u0161\u00ed z\u00e1silka nemus\u00ed dorazit v\u010das \u2013 nebo v\u016fbec. Kuvajt vypr\u00e1v\u00ed stejn\u00fd p\u0159\u00edb\u011bh jin\u00fdm jazykem: Maloobchodn\u00ed slitky s cenou kolem 100 dolar\u016f za unci nejsou chamtivost\u00ed prodejc\u016f; jsou odpov\u011bd\u00ed trhu na jednoduchou ot\u00e1zku \u2013 co je skute\u010dn\u011b pot\u0159eba k tomu, aby se z dodavatelsk\u00e9ho \u0159et\u011bzce z\u00edskal fyzick\u00fd kov ve sv\u011bt\u011b, kde najednou v\u0161ichni cht\u011bj\u00ed stejnou vz\u00e1cnou komoditu ve stejnou dobu?<\/span><\/em><\/p>\n<h3 class=\"wp-block-heading\"><span dir=\"auto\">#2 Krize cenov\u00e9 dostupnosti<\/span><\/h3>\n<p><span dir=\"auto\">V roce 2025 jsem hodn\u011b psal o krizi cenov\u00e9 dostupnosti ve Spojen\u00fdch st\u00e1tech.<\/span><\/p>\n<p><span dir=\"auto\">Bohu\u017eel v t\u00e9to dob\u011b se asi dv\u011b t\u0159etiny celkov\u00e9 populace USA pot\u00fdkaj\u00ed s placen\u00edm i z\u00e1kladn\u00edch pot\u0159eb\u2026<\/span><\/p>\n<p><em><span dir=\"auto\">P\u0159ibli\u017en\u011b 7 z 10 Ameri\u010dan\u016f, kte\u0159\u00ed se v prosinci z\u00fa\u010dastnili pr\u016fzkumu CBS News, uvedlo, \u017ee m\u00e1 pot\u00ed\u017ee s n\u00e1kupem j\u00eddla, bydlen\u00ed a zdravotn\u00ed p\u00e9\u010de, co\u017e zd\u016fraz\u0148uje probl\u00e9my s dostupnost\u00ed, kter\u00e9 postihuj\u00ed miliony dom\u00e1cnost\u00ed.<\/span><\/em><\/p>\n<h3 class=\"wp-block-heading\"><span dir=\"auto\">#3 Izrael a \u00cdr\u00e1n<\/span><\/h3>\n<p><span dir=\"auto\">To je velk\u00fd probl\u00e9m.<\/span><\/p>\n<p><span dir=\"auto\">Jakmile Izrael a \u00cdr\u00e1n znovu za\u010dnou bojovat, glob\u00e1ln\u00ed ud\u00e1losti se zrychl\u00ed.<\/span><\/p>\n<p><span dir=\"auto\">Zd\u00e1 se, \u017ee na pond\u011bln\u00ed sch\u016fzce izraelsk\u00e9ho premi\u00e9ra Benjamina Netanjahua s prezidentem Trumpem byla projedn\u00e1na nov\u00e1 vlna leteck\u00fdch \u00fader\u016f proti \u00cdr\u00e1nu a jsem p\u0159esv\u011bd\u010den, \u017ee nebude trvat dlouho, ne\u017e tyto leteck\u00e9 \u00fadery skute\u010dn\u011b za\u010dnou\u2026<\/span><\/p>\n<p><em><span dir=\"auto\">V pond\u011bl\u00ed se v Mar-a-Lago setkal premi\u00e9r Benjamin Netanjahu s prezidentem Donaldem Trumpem. Oba l\u00edd\u0159i diskutovali o \u00fasil\u00ed \u00cdr\u00e1nu o obnovu jeho jadern\u00e9ho programu po izraelsk\u00fdch a americk\u00fdch n\u00e1letech v \u010dervnu a tak\u00e9 o roz\u0161\u00ed\u0159en\u00ed jeho arzen\u00e1lu balistick\u00fdch raket.<\/span><\/em><\/p>\n<p><em><span dir=\"auto\">B\u011bhem sch\u016fzky Netanjahu informoval Trumpa o podrobnostech izraelsk\u00fdch pl\u00e1n\u016f na mo\u017enou n\u00e1slednou leteckou kampa\u0148 proti \u00cdr\u00e1nu, pokud Teher\u00e1n bude i nad\u00e1le odm\u00edtat zastavit obohacov\u00e1n\u00ed uranu.<\/span><\/em><\/p>\n<p><em><span dir=\"auto\">Podle americk\u00e9ho \u00fa\u0159edn\u00edka a dvou dal\u0161\u00edch americk\u00fdch zdroj\u016f Izrael zva\u017euje leteck\u00e9 \u00fadery v roce 2026.<\/span><\/em><\/p>\n<h3 class=\"wp-block-heading\"><span dir=\"auto\">#4 V\u00e1lka na Ukrajin\u011b<\/span><\/h3>\n<p><span dir=\"auto\">Rusk\u00e9 s\u00edly neust\u00e1le postupuj\u00ed na v\u00fdchodn\u00ed a ji\u017en\u00ed front\u011b na Ukrajin\u011b, a proto Rusov\u00e9 nebudou ochotni d\u00e1t Ukrajinc\u016fm a na\u0161im evropsk\u00fdm spojenc\u016fm to, co po\u017eaduj\u00ed\u2026<\/span><\/p>\n<p><em><span dir=\"auto\">Rusk\u00fd prezident Vladimir Putin provedl inspekci velitelsk\u00e9ho stanovi\u0161t\u011b rusk\u00fdch ozbrojen\u00fdch sil.<\/span><\/em><br \/>\n<em><span dir=\"auto\">Putin p\u0159ijal hl\u00e1\u0161en\u00ed od n\u00e1\u010deln\u00edka gener\u00e1ln\u00edho \u0161t\u00e1bu Valerije Gerasimova a od velitel\u016f rusk\u00fdch centr\u00e1ln\u00edch a v\u00fdchodn\u00edch vojskov\u00fdch skupin.<\/span><\/em><br \/>\n<em><span dir=\"auto\">Ru\u0161t\u00ed velitel\u00e9 informovali Putina, \u017ee jejich arm\u00e1da dobyla m\u011bsta Mirnohrad, Rodynske a Art\u011bmivka v Don\u011bck\u00e9 oblasti na Ukrajin\u011b a tak\u00e9 Huljajpole a Steponohirsk v Z\u00e1poro\u017esk\u00e9 oblasti.<\/span><\/em><\/p>\n<h3 class=\"wp-block-heading\"><span dir=\"auto\">#5 Evropa se p\u0159ipravuje na v\u00e1lku<\/span><\/h3>\n<p><span dir=\"auto\">Rusko dalo jasn\u011b najevo, \u017ee nem\u00e1 v \u00famyslu \u00fato\u010dit na jin\u00e9 evropsk\u00e9 zem\u011b.<\/span><\/p>\n<p><span dir=\"auto\">Ale z n\u011bjak\u00e9ho d\u016fvodu se Evropan\u00e9 st\u00e1le hore\u010dn\u011b p\u0159ipravuj\u00ed na v\u00e1lku.<\/span><\/p>\n<p><span dir=\"auto\">N\u011bmecko nyn\u00ed ve skute\u010dnosti vy\u017eaduje, aby v\u0161ichni osmn\u00e1ctilet\u00ed mu\u017ei absolvovali povinn\u00fd pr\u016fzkum t\u00fdkaj\u00edc\u00ed se vojensk\u00e9 slu\u017eby\u2026<\/span><\/p>\n<p><em><span dir=\"auto\">N\u011bmecko zintenziv\u0148uje sv\u00e9 v\u00e1le\u010dn\u00e9 p\u0159\u00edpravy \u2013 po\u010d\u00ednaje sv\u00fdmi dosp\u00edvaj\u00edc\u00edmi chlapci.<\/span><\/em><\/p>\n<p><em><span dir=\"auto\">Po\u010d\u00ednaje t\u00edmto t\u00fddnem je ka\u017ed\u00fd n\u011bmeck\u00fd mu\u017e ze z\u00e1kona povinen odpov\u00eddat na arm\u00e1dn\u00ed ot\u00e1zky po dovr\u0161en\u00ed 18 let. Toto je sou\u010d\u00e1st komplexn\u00edho nov\u00e9ho syst\u00e9mu vojensk\u00e9 slu\u017eby, o kter\u00e9m bylo rozhodnuto s ohledem na rostouc\u00ed obavy z velk\u00e9ho konfliktu v Evrop\u011b.<\/span><\/em><\/p>\n<p><em><span dir=\"auto\">Des\u00edtky tis\u00edc mlad\u00fdch lid\u00ed obdr\u017e\u00ed od n\u011bmeck\u00fdch ozbrojen\u00fdch sil povinn\u00fd dotazn\u00edk se 14 ot\u00e1zkami, kter\u00e9 se budou pt\u00e1t nejen na to, jak\u00fd je z\u00e1jem o vojenskou slu\u017ebu, ale tak\u00e9 na to, jak jsou zdatn\u00ed k boji a jak rychle by mohli b\u00fdt p\u0159ipraveni k nasazen\u00ed.<\/span><\/em><\/p>\n<p><em><span dir=\"auto\">Ignorov\u00e1n\u00ed formul\u00e1\u0159e nep\u0159ipad\u00e1 v \u00favahu. Mlad\u00ed mu\u017ei, kte\u0159\u00ed odm\u00edtnou dotazn\u00edk vyplnit \u2013 nebo opakovan\u011b ignoruj\u00ed n\u00e1sledn\u00e9 \u017e\u00e1dosti arm\u00e1dy \u2013 \u010del\u00ed pokut\u00e1m a\u017e do v\u00fd\u0161e 1 000 eur, a to i p\u0159esto, \u017ee minist\u0159i zd\u016fraz\u0148uj\u00ed, \u017ee tento syst\u00e9m nep\u0159edstavuje plnohodnotnou brannou povinnost.<\/span><\/em><\/p>\n<h3 class=\"wp-block-heading\"><span dir=\"auto\">#6 Venezuela<\/span><\/h3>\n<p><span dir=\"auto\">Trumpova administrativa bombarduje lod\u011b s drogami, zabavuje ropn\u00e9 tankery a vyhro\u017euje re\u017eimu venezuelsk\u00e9ho prezidenta Nicol\u00e1se Madura.<\/span><\/p>\n<p><span dir=\"auto\">To by mohlo USA postavit na sr\u00e1\u017ekovou cestu s \u010c\u00ednou.<\/span><\/p>\n<p><span dir=\"auto\">\u010c\u00edna nem\u00e1 v \u00famyslu p\u0159estat nakupovat ropu z Venezuely. Pokud USA za\u010dnou zabavovat \u010d\u00ednsk\u00e9 ropn\u00e9 tankery bl\u00ed\u017e\u00edc\u00ed se k Venezuele, mohlo by to vyvolat v\u00e1\u017en\u00fd mezin\u00e1rodn\u00ed incident. Podle Newsweeku se ve Venezuele brzy o\u010dek\u00e1vaj\u00ed dva \u010d\u00ednsk\u00e9 ropn\u00e9 tankery\u2026<\/span><\/p>\n<p><em><span dir=\"auto\">\u010c\u00ednsk\u00e9 ropn\u00e9 tankery pokra\u010duj\u00ed ve sv\u00fdch plavb\u00e1ch souvisej\u00edc\u00edch s Venezuelou navzdory blok\u00e1d\u011b USA a stup\u0148uj\u00edc\u00ed se kampani zabaven\u00ed tanker\u016f.<\/span><\/em><\/p>\n<p><em><span dir=\"auto\">Dv\u011b plachetnice pluj\u00edc\u00ed pod \u010d\u00ednskou vlajkou operuj\u00ed pobl\u00ed\u017e venezuelsk\u00fdch vod:\u00a0<\/span><span dir=\"auto\">Thousand Sunny<\/span><span dir=\"auto\">\u00a0m\u00e1 dorazit v polovin\u011b ledna a\u00a0<\/span><span dir=\"auto\">Xing Ye<\/span><span dir=\"auto\">\u00a0\u010dek\u00e1 u Francouzsk\u00e9 Guyany, uv\u00e1d\u00ed nov\u00e1 zpr\u00e1va spole\u010dnosti Lloyd&#8217;s List.<\/span><\/em><\/p>\n<p><em><span dir=\"auto\">Newsweek po\u017e\u00e1dal americk\u00e9 ministerstvo zahrani\u010d\u00ed o prohl\u00e1\u0161en\u00ed.<\/span><\/em><\/p>\n<h3 class=\"wp-block-heading\"><span dir=\"auto\">#7 Tchaj-wan<\/span><\/h3>\n<p><span dir=\"auto\">\u010c\u00ed\u0148an\u00e9 pr\u00e1v\u011b dokon\u010dili vojensk\u00e1 cvi\u010den\u00ed simuluj\u00edc\u00ed, jak by vypadala \u00fapln\u00e1 blok\u00e1da Tchaj-wanu.<\/span><\/p>\n<p><span dir=\"auto\">Nap\u011bt\u00ed mezi \u010c\u00ednou a Tchaj-wanem je v sou\u010dasnosti vy\u0161\u0161\u00ed \u201ene\u017e kdykoli v posledn\u00edch letech\u201c&#8230;<\/span><\/p>\n<p><em><span dir=\"auto\">Do konce roku 2025 je nap\u011bt\u00ed mezi \u010c\u00ednou a Tchaj-wanem vy\u0161\u0161\u00ed \u2013 a otev\u0159en\u011bj\u0161\u00ed \u2013 ne\u017e kdykoli p\u0159edt\u00edm v posledn\u00edch letech, a to d\u00edky roz\u0161\u00ed\u0159en\u00e9 vojensk\u00e9 podpo\u0159e Tchaj-peje ze strany USA, st\u00e1le explicitn\u011bj\u0161\u00edm varov\u00e1n\u00edm od region\u00e1ln\u00edch spojenc\u016f a \u010d\u00ednsk\u00fdm vojensk\u00fdm cvi\u010den\u00edm, kter\u00e1 vypadaj\u00ed m\u00e9n\u011b jako symbolick\u00e1 gesta a sp\u00ed\u0161e jako gener\u00e1ln\u00ed zkou\u0161ky.<\/span><\/em><\/p>\n<p><em><span dir=\"auto\">Peking v pr\u016fb\u011bhu roku neust\u00e1le zvy\u0161oval tlak na Tchaj-wan \u2013 prost\u0159ednictv\u00edm rozs\u00e1hl\u00fdch vojensk\u00fdch cvi\u010den\u00ed, leteck\u00fdch a n\u00e1mo\u0159n\u00edch operac\u00ed a c\u00edlen\u00fdch politick\u00fdch sd\u011blen\u00ed \u2013 zat\u00edmco Washington a jeho spojenci reagovali siln\u011bj\u0161\u00edmi odstra\u0161uj\u00edc\u00edmi sign\u00e1ly, kter\u00e9 \u010c\u00edna nyn\u00ed otev\u0159en\u011b odsuzuje jako vm\u011b\u0161ov\u00e1n\u00ed.<\/span><\/em><\/p>\n<h3 class=\"wp-block-heading\"><span dir=\"auto\">#8 Mory (epidemie)<\/span><\/h3>\n<p><span dir=\"auto\">Pta\u010d\u00ed ch\u0159ipka nad\u00e1le zab\u00edj\u00ed miliony pt\u00e1k\u016f po cel\u00e9m sv\u011bt\u011b, r\u016fzn\u00e9 kmeny Mpox nad\u00e1le cirkuluj\u00ed a epidemie, kter\u00e1 vypukla v roce 2020, nad\u00e1le zp\u016fsobuje nemoci lidem po cel\u00e9m sv\u011bt\u011b. Z\u00e1rove\u0148 n\u011bkter\u00e9 st\u00e1ty USA za\u017e\u00edvaj\u00ed historick\u00fd n\u00e1r\u016fst p\u0159\u00edpad\u016f ch\u0159ipky\u2026<\/span><\/p>\n<p><em><span dir=\"auto\">\u201eSuperch\u0159ipka\u201c se v USA \u0161\u00ed\u0159\u00ed explozivn\u011b a n\u011bkter\u00e9 st\u00e1ty eviduj\u00ed v\u00edce p\u0159\u00edpad\u016f ne\u017e kdykoli p\u0159edt\u00edm.<\/span><\/em><\/p>\n<p><em><span dir=\"auto\">Nejnov\u011bj\u0161\u00ed data CDC za t\u00fdden kon\u010d\u00edc\u00ed 20. prosincem ukazuj\u00ed, \u017ee pozitivn\u00ed testy na ch\u0159ipku se ve srovn\u00e1n\u00ed s p\u0159edchoz\u00edm t\u00fddnem zv\u00fd\u0161ily o 53 procent. Ve srovn\u00e1n\u00ed se stejn\u00fdm obdob\u00edm lo\u0148sk\u00e9ho roku je po\u010det pozitivn\u00edch test\u016f t\u00e9m\u011b\u0159 o 75 procent vy\u0161\u0161\u00ed.<\/span><\/em><\/p>\n<p><em><span dir=\"auto\">V t\u00fddnu kon\u010d\u00edc\u00edm 20. prosincem se po\u010det hospitalizac\u00ed zv\u00fd\u0161il o 51 procent a po\u010det ji\u017e hospitalizovan\u00fdch pacient\u016f se ve srovn\u00e1n\u00ed se stejn\u00fdm obdob\u00edm lo\u0148sk\u00e9ho roku t\u00e9m\u011b\u0159 zdvojn\u00e1sobil.<\/span><\/em><\/p>\n<p><span dir=\"auto\">Je jen ot\u00e1zkou \u010dasu, ne\u017e p\u0159ijde dal\u0161\u00ed velk\u00e1 glob\u00e1ln\u00ed pandemie, a v\u011bdci varuj\u00ed, \u017ee by mohla p\u0159ij\u00edt z r\u016fzn\u00fdch mo\u017en\u00fdch sm\u011br\u016f\u2026<\/span><\/p>\n<p><em><span dir=\"auto\">V\u011bdci nad\u00e1le objevuj\u00ed viry se znepokojiv\u00fdmi vlastnostmi (Chen a kol. 2025). N\u011bkte\u0159\u00ed odborn\u00edci se ob\u00e1vaj\u00ed mo\u017enosti \u00faniku informac\u00ed z laborato\u0159\u00ed zab\u00fdvaj\u00edc\u00edch se v\u00fdzkumem patogen\u016f (Palacios, Garcia-Sastre a Relman 2025) nebo schopnosti um\u011bl\u00e9 inteligence v nespr\u00e1vn\u00fdch rukou pomoci vytvo\u0159it biologickou zbra\u0148 (Tjandra 2025). Ve voln\u00e9 p\u0159\u00edrod\u011b se pta\u010d\u00ed ch\u0159ipka H5N1 nad\u00e1le \u0161\u00ed\u0159\u00ed a infikuje \u0161irokou \u0161k\u00e1lu \u017eivo\u010di\u0161n\u00fdch druh\u016f \u2013 virus m\u016f\u017ee b\u00fdt jen jednu mutaci od toho, aby se stal hrozbou pro \u010dlov\u011bka (Lin a kol. 2024). Na objeven\u00ed se \u010dek\u00e1 dal\u0161\u00ed patogen, s nejv\u011bt\u0161\u00ed pravd\u011bpodobnost\u00ed ch\u0159ipka nebo jin\u00fd koronavirus.<\/span><\/em><\/p>\n<h3 class=\"wp-block-heading\"><span dir=\"auto\">#9 Seismick\u00e1 aktivita pod\u00e9l Ohniv\u00e9ho kruhu Tich\u00e9ho oce\u00e1nu<\/span><\/h3>\n<p><span dir=\"auto\">Seismick\u00e1 aktivita pod\u00e9l Ohniv\u00e9ho kruhu Tich\u00e9ho oce\u00e1nu se v roce 2025 dramaticky zv\u00fd\u0161ila.<\/span><\/p>\n<p><span dir=\"auto\">A za\u010d\u00e1tkem roku 2026 bude st\u00e1t Kalifornie ot\u0159esov\u00e1n t\u00e9m\u011b\u0159 denn\u011b citeln\u00fdmi zem\u011bt\u0159esen\u00edmi.<\/span><\/p>\n<p><span dir=\"auto\">Pr\u00e1v\u011b jsme za\u017eili zem\u011bt\u0159esen\u00ed o s\u00edle 4,9 stupn\u011b Richterovy \u0161k\u00e1ly, kter\u00e9 mnoho lid\u00ed zna\u010dn\u011b znepokojilo\u2026<\/span><\/p>\n<p><em><span dir=\"auto\">Podle americk\u00e9ho geologick\u00e9ho \u00fa\u0159adu (USG) zas\u00e1hlo v \u00fater\u00fd pobl\u00ed\u017e m\u011bsta Susanville v okrese Lassen zem\u011bt\u0159esen\u00ed o s\u00edle 4,9 stupn\u011b Richterovy \u0161k\u00e1ly. K ot\u0159esen\u00ed do\u0161lo asi dev\u011bt mil severoz\u00e1padn\u011b od Susanville v 21:49 a jeho s\u00edla byla sn\u00ed\u017eena z p\u016fvodn\u00edch 5,3.<\/span><\/em><\/p>\n<h3 class=\"wp-block-heading\"><span dir=\"auto\">#10 Nejv\u011bt\u0161\u00ed glob\u00e1ln\u00ed potravinov\u00e1 krize v modern\u00ed historii<\/span><\/h3>\n<p><span dir=\"auto\">Jsme uprost\u0159ed nejv\u011bt\u0161\u00ed glob\u00e1ln\u00ed potravinov\u00e9 krize v modern\u00edch d\u011bjin\u00e1ch.<\/span><\/p>\n<p><span dir=\"auto\">Ale neberte mi jen slovo.<\/span><\/p>\n<p><span dir=\"auto\">N\u00e1sleduj\u00edc\u00ed text je p\u0159evzat z ofici\u00e1ln\u00edch webov\u00fdch str\u00e1nek Sv\u011btov\u00e9ho potravinov\u00e9ho programu OSN\u2026<\/span><\/p>\n<p><em><span dir=\"auto\">Ano. V sou\u010dasn\u00e9 dob\u011b \u010del\u00edme glob\u00e1ln\u00ed potravinov\u00e9 krizi \u2013 nejv\u011bt\u0161\u00ed v modern\u00ed historii. Od zalo\u017een\u00ed Sv\u011btov\u00e9ho potravinov\u00e9ho programu OSN (WFP) v roce 1963 hlad nikdy nedos\u00e1hl tak ni\u010div\u00fdch rozm\u011br\u016f. Od vzniku nov\u00fdch konflikt\u016f a rostouc\u00edch dopad\u016f klimatick\u00e9 krize a\u017e po prudce rostouc\u00ed ceny potravin a pohonn\u00fdch hmot jsou miliony lid\u00ed ka\u017ed\u00fd den tla\u010deny bl\u00ed\u017e k hladov\u011bn\u00ed.<\/span><\/em><\/p>\n<p><em><span dir=\"auto\">T\u00e9m\u011b\u0159 350 milion\u016f lid\u00ed na cel\u00e9m sv\u011bt\u011b v sou\u010dasn\u00e9 dob\u011b trp\u00ed nejextr\u00e9mn\u011bj\u0161\u00edmi formami hladu. Z nich je t\u00e9m\u011b\u0159 49 milion\u016f na pokraji hladomoru. Za t\u00edmto obrovsk\u00fdm po\u010dtem stoj\u00ed jednotliv\u00e9 d\u011bti, \u017eeny a mu\u017ei, kte\u0159\u00ed trp\u00ed ni\u010div\u00fdmi d\u016fsledky tohoto hrozn\u00e9ho hladu. Podvy\u017eiven\u00e9 matky rod\u00ed podvy\u017eiven\u00e9 d\u011bti, kter\u00e9 p\u0159en\u00e1\u0161ej\u00ed hlad z jedn\u00e9 generace na druhou. Fyzick\u00fd a du\u0161evn\u00ed v\u00fdvoj d\u011bt\u00ed je zpomalen\u00fd. Zem\u011bd\u011blci nejsou schopni vyp\u011bstovat dostatek potravin, aby u\u017eivili sv\u00e9 rodiny a komunity. Cel\u00e1 m\u011bsta jsou nucena opou\u0161t\u011bt sv\u00e9 domovy a hledat j\u00eddlo.<\/span><\/em><\/p>\n<p><span dir=\"auto\">Opravdu \u017eijeme v apokalyptick\u00e9 dob\u011b.<\/span><\/p>\n<p><span dir=\"auto\">Bohu\u017eel se zd\u00e1, \u017ee mnoho lid\u00ed v z\u00e1padn\u00edm sv\u011bt\u011b to nech\u00e1pe, proto\u017ee na na\u0161\u00ed vlastn\u00ed p\u016fd\u011b nem\u00e1me v\u00e1lku ani hladomor.<\/span><\/p>\n<p><span dir=\"auto\">Ale pro ty, kte\u0159\u00ed se pod\u00edvaj\u00ed pozorn\u011bji, je naprosto jasn\u00e9, \u017ee jsme dos\u00e1hli skute\u010dn\u011b jedine\u010dn\u00e9 kapitoly v lidsk\u00fdch d\u011bjin\u00e1ch.<\/span><\/p>\n<p><span dir=\"auto\">Tolik neuv\u011b\u0159iteln\u011b zvl\u00e1\u0161tn\u00edch v\u011bc\u00ed se d\u011bje kolem n\u00e1s.<\/span><\/p>\n<p><span dir=\"auto\">Na Silvestra dramaticky prolet\u011bl zelen\u00fd meteorit kolem nejd\u016fle\u017eit\u011bj\u0161\u00edho orienta\u010dn\u00edho bodu v centru Spojen\u00fdch st\u00e1t\u016f\u2026<\/span><\/p>\n<p><em><span dir=\"auto\">T\u0159pytiv\u00fd meteor byl pozorov\u00e1n p\u0159el\u00e9taj\u00edc\u00ed nad slavn\u00fdm Gateway Arch v Missouri, n\u011bkolik hodin p\u0159edt\u00edm, ne\u017e se \u00fa\u010dastn\u00edci oslav sp\u011bchali na silvestrovskou oslavu k \u00fapat\u00ed pam\u00e1tn\u00edku.<\/span><\/em><\/p>\n<p><em><span dir=\"auto\">\u201eHEJ, POD\u00cdVEJTE SE, je to\u2026 meteor, kter\u00fd na Silvestra zdrav\u00ed Gateway Arch!\u201c napsal \u00fa\u010det St. Louis Gateway Arch X v p\u0159\u00edsp\u011bvku sd\u00edlen\u00e9m s \u00fa\u017easn\u00fdm videem.<\/span><\/em><\/p>\n<p><em><span dir=\"auto\">V \u0161estisekundov\u00e9m klipu se nad jedn\u00edm koncem oblouku objev\u00ed mal\u00e1 b\u00edl\u00e1 te\u010dka. Ta se rozroste do zelen\u00e9ho plamene, kter\u00fd jednou zapulzuje, ne\u017e zmiz\u00ed zp\u011bt v tmav\u00e9m pop\u0159ed\u00ed \u2013 p\u0159esn\u011b v okam\u017eiku, kdy dos\u00e1hne vrcholu oblouku.<\/span><\/em><\/p>\n<p><em><span dir=\"auto\">Vir\u00e1ln\u00ed video bylo po\u0159\u00edzeno kamerou EarthCam um\u00edst\u011bnou v parku Malcolma Martina Memorial Park ve v\u00fdchodn\u00edm St. Louis. Kamera je nep\u0159etr\u017eit\u011b nam\u00ed\u0159ena p\u0159\u00edmo na panorama m\u011bsta.<\/span><\/em><\/p>\n<p><span dir=\"auto\">To je n\u011bco, co se nevid\u00ed ka\u017ed\u00fd den.<\/span><\/p>\n<p><span dir=\"auto\">Samoz\u0159ejm\u011b se v posledn\u00edch letech na obloze stalo tolik podivn\u00fdch v\u011bc\u00ed a v\u011bt\u0161in\u011b obyvatel je to prost\u011b jedno.<\/span><\/p>\n<p><span dir=\"auto\">V\u011bt\u0161ina z n\u00e1s si nyn\u00ed vytvo\u0159ila neot\u0159esitelnou z\u00e1vislost na z\u00e1bav\u011b a je st\u00e1le obt\u00ed\u017en\u011bj\u0161\u00ed p\u0159im\u011bt lidi, aby se soust\u0159edili na cokoli jin\u00e9ho ne\u017e na z\u00e1bavu.<\/span><\/p>\n<p><span dir=\"auto\">V\u011bt\u0161ina lid\u00ed bude prost\u011b d\u00e1l z\u00edrat na sv\u00e9 obrazovky, zat\u00edmco se sv\u011bt kolem nich hrout\u00ed \u2013 a to je nesm\u00edrn\u011b politov\u00e1n\u00edhodn\u00e9.<\/span><\/p>\n<p><em><strong><span dir=\"auto\">Michael Snyder<\/span><\/strong><\/em><\/p>\n<\/div>\n<\/div>\n<div class=\"elementor-element elementor-element-8c57238 quelle dc-has-condition dc-condition-empty elementor-widget elementor-widget-heading\" data-id=\"8c57238\" data-element_type=\"widget\" data-widget_type=\"heading.default\">\n<div class=\"elementor-widget-container\">\n<h3 class=\"elementor-heading-title elementor-size-default\"><span style=\"font-size: 10pt;\"><a href=\"https:\/\/themostimportantnews.com\/archives\/10-very-important-trends-to-watch-as-we-enter-2026#google_vignette\" target=\"_blank\" rel=\"nofollow noopener\"><span dir=\"auto\">Zdroj<\/span><\/a><\/span><\/h3>\n<p>&nbsp;<\/p>\n<\/div>\n<\/div>\n","protected":false},"excerpt":{"rendered":"<p>Jsme na pokraji glob\u00e1ln\u00ed no\u010dn\u00ed m\u016fry? Mnoz\u00ed popsali to, co pr\u00e1v\u011b pro\u017e\u00edv\u00e1me, jako \u201edokonalou bou\u0159i\u201c&#8230;.<\/p>\n","protected":false},"author":2,"featured_media":96319,"comment_status":"closed","ping_status":"closed","sticky":false,"template":"","format":"standard","meta":[],"categories":[7],"tags":[1042,276,2009],"_links":{"self":[{"href":"https:\/\/www.infokuryr.cz\/n\/wp-json\/wp\/v2\/posts\/96318"}],"collection":[{"href":"https:\/\/www.infokuryr.cz\/n\/wp-json\/wp\/v2\/posts"}],"about":[{"href":"https:\/\/www.infokuryr.cz\/n\/wp-json\/wp\/v2\/types\/post"}],"author":[{"embeddable":true,"href":"https:\/\/www.infokuryr.cz\/n\/wp-json\/wp\/v2\/users\/2"}],"replies":[{"embeddable":true,"href":"https:\/\/www.infokuryr.cz\/n\/wp-json\/wp\/v2\/comments?post=96318"}],"version-history":[{"count":0,"href":"https:\/\/www.infokuryr.cz\/n\/wp-json\/wp\/v2\/posts\/96318\/revisions"}],"wp:featuredmedia":[{"embeddable":true,"href":"https:\/\/www.infokuryr.cz\/n\/wp-json\/wp\/v2\/media\/96319"}],"wp:attachment":[{"href":"https:\/\/www.infokuryr.cz\/n\/wp-json\/wp\/v2\/media?parent=96318"}],"wp:term":[{"taxonomy":"category","embeddable":true,"href":"https:\/\/www.infokuryr.cz\/n\/wp-json\/wp\/v2\/categories?post=96318"},{"taxonomy":"post_tag","embeddable":true,"href":"https:\/\/www.infokuryr.cz\/n\/wp-json\/wp\/v2\/tags?post=96318"}],"curies":[{"name":"wp","href":"https:\/\/api.w.org\/{rel}","templated":true}]}}