{"id":96299,"date":"2026-01-07T06:40:31","date_gmt":"2026-01-07T05:40:31","guid":{"rendered":"https:\/\/www.infokuryr.cz\/n\/?p=96299"},"modified":"2026-01-07T06:41:04","modified_gmt":"2026-01-07T05:41:04","slug":"pravoslavni-krestane-slavi-dnes-vanocni-svatky-putin-poblahopral-pravoslavnym-vericim-k-vanocum","status":"publish","type":"post","link":"https:\/\/www.infokuryr.cz\/n\/2026\/01\/07\/pravoslavni-krestane-slavi-dnes-vanocni-svatky-putin-poblahopral-pravoslavnym-vericim-k-vanocum\/","title":{"rendered":"Pravoslavn\u00ed k\u0159es\u0165an\u00e9 slav\u00ed dnes V\u00e1no\u010dn\u00ed sv\u00e1tky: Putin poblahop\u0159\u00e1l pravoslavn\u00fdm v\u011b\u0159\u00edc\u00edm k V\u00e1noc\u016fm"},"content":{"rendered":"<div id=\"fb-root\"><\/div>\n<div class=\"article__block\" data-type=\"text\"><\/div>\n<div class=\"article__block\" data-type=\"quote\">\n<div class=\"article__quote\">\n<div class=\"article__quote-text m-small\" data-text-length=\"287\">\n<p><strong>Rusk\u00fd prezident Vladimir Putin poblahop\u0159\u00e1l pravoslavn\u00fdm v\u011b\u0159\u00edc\u00edm k V\u00e1noc\u016fm, na <\/strong><a href=\"http:\/\/kremlin.ru\/events\/president\/news\/78997\">webov\u00fdch str\u00e1nk\u00e1ch Kremlu<\/a>\u00a0byl zve\u0159ejn\u011bn telegram\u00a0.<\/p>\n<p>&#8222;Srde\u010dn\u011b v\u00e1m blahop\u0159eji k Narozen\u00ed Krista.&#8220;<\/p>\n<p>Zd\u016fraznil, \u017ee Rusk\u00e1 pravoslavn\u00e1 c\u00edrkev v\u00fdznamn\u011b p\u0159isp\u011bla ke sjednocen\u00ed obyvatel zem\u011b.<\/p>\n<p>\u201eS pocitem hlubok\u00e9ho uspokojen\u00ed si v\u0161\u00edm\u00e1m obrovsk\u00e9ho, vskutku jedine\u010dn\u00e9ho p\u0159\u00ednosu Rusk\u00e9 pravoslavn\u00e9 c\u00edrkve a dal\u0161\u00edch k\u0159es\u0165ansk\u00fdch denominac\u00ed k jednot\u011b spole\u010dnosti, k zachov\u00e1n\u00ed na\u0161eho bohat\u00e9ho historick\u00e9ho a kulturn\u00edho d\u011bdictv\u00ed a k vlasteneck\u00e9, duchovn\u00ed a mor\u00e1ln\u00ed v\u00fdchov\u011b ml\u00e1de\u017ee.\u201c<\/p>\n<\/div>\n<\/div>\n<\/div>\n<div class=\"article__block\" data-type=\"article\" data-nosnippet=\"true\" data-id=\"2066676803\" data-article=\"main-photo\">\n<div class=\"article__article color-font-hover-only m-image\">\n<div class=\"article__article-image\"><img decoding=\"async\" loading=\"lazy\" class=\"wp-image-96300 aligncenter\" src=\"http:\/\/www.infokuryr.cz\/n\/wp-content\/uploads\/2026\/01\/putin-vanoce-300x155.jpg\" alt=\"\" width=\"571\" height=\"295\" srcset=\"https:\/\/www.infokuryr.cz\/n\/wp-content\/uploads\/2026\/01\/putin-vanoce-300x155.jpg 300w, https:\/\/www.infokuryr.cz\/n\/wp-content\/uploads\/2026\/01\/putin-vanoce.jpg 586w\" sizes=\"(max-width: 571px) 100vw, 571px\" \/><\/div>\n<\/div>\n<\/div>\n<div class=\"article__block\" data-type=\"text\"><\/div>\n<div class=\"article__block\" data-type=\"quote\">\n<div class=\"article__quote\">\n<div class=\"article__quote-bg color-font\"><\/div>\n<\/div>\n<\/div>\n<div class=\"article__block\" data-type=\"quote\">\n<div class=\"article__quote\">\n<div data-text-length=\"211\">\n<p>\u201eN\u00e1bo\u017eensk\u00e9 organizace v\u011bnuj\u00ed ne\u00fanavnou pozornost skutk\u016fm milosrdenstv\u00ed a dobro\u010dinnosti, staraj\u00ed se o pot\u0159ebn\u00e9, podporuj\u00ed \u00fa\u010dastn\u00edky a veter\u00e1ny speci\u00e1ln\u00edch vojensk\u00fdch operac\u00ed a hodn\u011b d\u011blaj\u00ed pro harmonizaci mezin\u00e1bo\u017eensk\u00e9ho a mezietnick\u00e9ho dialogu v na\u0161\u00ed zemi. Takov\u00e1 d\u016fle\u017eit\u00e1 a tolik pot\u0159ebn\u00e1 pr\u00e1ce si zaslou\u017e\u00ed nejup\u0159\u00edmn\u011bj\u0161\u00ed uzn\u00e1n\u00ed.\u201c<\/p>\n<p><strong>V\u00fdzva k obr\u00e1nc\u016fm<\/strong><\/p>\n<p>Podle Kremlu se prezident z\u00fa\u010dastnil v\u00e1no\u010dn\u00ed bohoslu\u017eby v chr\u00e1mu sv. Ji\u0159\u00edho V\u00edt\u011bzn\u00e9ho v Moskevsk\u00e9 oblasti spolu s voj\u00e1ky a jejich rodinami. P\u0159\u00edtomn\u00fdm tak\u00e9 pop\u0159\u00e1l k sv\u00e1tk\u016fm.<\/p>\n<p>\u201eNejprve bych cht\u011bl oslovit nejmlad\u0161\u00ed publikum dne\u0161n\u00ed bohoslu\u017eby. Chci \u0159\u00edct, \u017ee m\u016f\u017eete b\u00fdt pr\u00e1vem hrd\u00ed na sv\u00e9 otce a matky, stejn\u011b jako jsme v na\u0161\u00ed zemi, v Rusku, v\u017edycky byli hrd\u00ed na na\u0161e voj\u00e1ky.\u201c<\/p>\n<p>Rusk\u00fd v\u016fdce p\u0159ipomn\u011bl, \u017ee B\u016fh je \u010dasto naz\u00fdv\u00e1n Spasitelem, proto\u017ee proto p\u0159i\u0161el na zem.<\/p>\n<p>\u201eZde jsou v\u00e1le\u010dn\u00edci, v\u00e1le\u010dn\u00edci Ruska, oni v\u017edy, jako by na P\u00e1n\u016fv rozkaz, pln\u00ed pr\u00e1v\u011b toto posl\u00e1n\u00ed &#8211; obranu vlasti a jej\u00edho lidu, sp\u00e1su vlasti a jej\u00edho lidu.\u201c<\/p>\n<p>Putin vyj\u00e1d\u0159il d\u016fv\u011bru, \u017ee z\u00e1stupci jin\u00fdch vyzn\u00e1n\u00ed sd\u00edlej\u00ed radost z V\u00e1noc s pravoslavn\u00fdmi.<\/p>\n<p>\u201eStejn\u011b jako se s nimi radujeme, kdy\u017e slav\u00ed sv\u00e9 sv\u00e1tky. A stejn\u011b jako se v\u0161ichni spole\u010dn\u011b radujeme z na\u0161ich spole\u010dn\u00fdch v\u00edt\u011bzstv\u00ed, proto\u017ee, jak v\u00edme, v\u00edt\u011bzstv\u00ed je v\u017edycky jedno pro v\u0161echny.\u201c<\/p>\n<p>Katol\u00edci a protestanti slav\u00ed V\u00e1noce 25. prosince.<\/p>\n<p>\u201eP\u0159eji v\u00e1m vesel\u00e9 V\u00e1noce a \u0161\u0165astn\u00fd nov\u00fd rok. P\u0159eji v\u00e1m hodn\u011b \u0161t\u011bst\u00ed a va\u0161eho str\u00e1\u017en\u00e9ho and\u011bla, aby s v\u00e1mi byl v\u017edy. D\u011bkuji v\u00e1m za va\u0161i slu\u017ebu vlasti. Vesel\u00e9 sv\u00e1tky.\u201c<\/p>\n<p>V \u010cesk\u00e9 republice jsou pravoslavn\u00ed v\u011b\u0159\u00edc\u00ed druhou nejv\u011bt\u0161\u00ed n\u00e1bo\u017eenskou skupinou hned po katolick\u00e9 c\u00edrkvi.<\/p>\n<\/div>\n<\/div>\n<\/div>\n<div data-text-length=\"211\"><\/div>\n<div data-text-length=\"211\"><img decoding=\"async\" loading=\"lazy\" class=\"alignnone size-full wp-image-1185\" src=\"http:\/\/www.infokuryr.cz\/n\/wp-content\/uploads\/2021\/04\/kuryr-podpis.png\" alt=\"\" width=\"84\" height=\"24\" \/><\/div>\n<div class=\"article__block\" data-type=\"quote\">\n<div class=\"article__quote\">\n<div data-text-length=\"211\"><\/div>\n<div data-text-length=\"211\"><\/div>\n<\/div>\n<\/div>\n","protected":false},"excerpt":{"rendered":"<p>Rusk\u00fd prezident Vladimir Putin poblahop\u0159\u00e1l pravoslavn\u00fdm v\u011b\u0159\u00edc\u00edm k V\u00e1noc\u016fm, na webov\u00fdch str\u00e1nk\u00e1ch Kremlu\u00a0byl zve\u0159ejn\u011bn telegram\u00a0&#8230;.<\/p>\n","protected":false},"author":2,"featured_media":96301,"comment_status":"closed","ping_status":"closed","sticky":false,"template":"","format":"standard","meta":[],"categories":[7],"tags":[43,1131,102,1471],"_links":{"self":[{"href":"https:\/\/www.infokuryr.cz\/n\/wp-json\/wp\/v2\/posts\/96299"}],"collection":[{"href":"https:\/\/www.infokuryr.cz\/n\/wp-json\/wp\/v2\/posts"}],"about":[{"href":"https:\/\/www.infokuryr.cz\/n\/wp-json\/wp\/v2\/types\/post"}],"author":[{"embeddable":true,"href":"https:\/\/www.infokuryr.cz\/n\/wp-json\/wp\/v2\/users\/2"}],"replies":[{"embeddable":true,"href":"https:\/\/www.infokuryr.cz\/n\/wp-json\/wp\/v2\/comments?post=96299"}],"version-history":[{"count":1,"href":"https:\/\/www.infokuryr.cz\/n\/wp-json\/wp\/v2\/posts\/96299\/revisions"}],"predecessor-version":[{"id":96302,"href":"https:\/\/www.infokuryr.cz\/n\/wp-json\/wp\/v2\/posts\/96299\/revisions\/96302"}],"wp:featuredmedia":[{"embeddable":true,"href":"https:\/\/www.infokuryr.cz\/n\/wp-json\/wp\/v2\/media\/96301"}],"wp:attachment":[{"href":"https:\/\/www.infokuryr.cz\/n\/wp-json\/wp\/v2\/media?parent=96299"}],"wp:term":[{"taxonomy":"category","embeddable":true,"href":"https:\/\/www.infokuryr.cz\/n\/wp-json\/wp\/v2\/categories?post=96299"},{"taxonomy":"post_tag","embeddable":true,"href":"https:\/\/www.infokuryr.cz\/n\/wp-json\/wp\/v2\/tags?post=96299"}],"curies":[{"name":"wp","href":"https:\/\/api.w.org\/{rel}","templated":true}]}}