{"id":96297,"date":"2026-01-07T06:30:20","date_gmt":"2026-01-07T05:30:20","guid":{"rendered":"https:\/\/www.infokuryr.cz\/n\/?p=96297"},"modified":"2026-01-07T06:30:20","modified_gmt":"2026-01-07T05:30:20","slug":"kolumbijsky-prezident-oznacuje-trumpa-za-idiota","status":"publish","type":"post","link":"https:\/\/www.infokuryr.cz\/n\/2026\/01\/07\/kolumbijsky-prezident-oznacuje-trumpa-za-idiota\/","title":{"rendered":"Kolumbijsk\u00fd prezident ozna\u010duje Trumpa za idiota"},"content":{"rendered":"<div id=\"fb-root\"><\/div>\n<p class=\"lead\"><strong><span dir=\"auto\">Kolumbijsk\u00fd prezident Gustavo Petro ozna\u010dil obvin\u011bn\u00ed americk\u00e9ho prezidenta Donalda Trumpa z obchodov\u00e1n\u00ed s drogami jeho osoby za odraz \u201eseniln\u00edho intelektu\u201c a jeho vl\u00e1du za \u201echamtiv\u00e9 zlo\u010dince\u201c.<\/span><\/strong><\/p>\n<p><em><span dir=\"auto\">\u201eTitul \u201adrogov\u00fd gangster\u2018, kter\u00fd mi Trump prop\u016fj\u010dil, je odrazem jeho seniln\u00ed mysli. Pova\u017euje skute\u010dn\u00e9 bojovn\u00edky za svobodu za narkoteroristy, proto\u017ee mu ned\u00e1me na\u0161e uhl\u00ed ani ropu,\u201c napsal Petro na sv\u00e9m blogu na soci\u00e1ln\u00ed s\u00edti X.<\/span><\/em><\/p>\n<p><span dir=\"auto\">Kolumbijsk\u00fd v\u016fdce dodal, \u017ee americk\u00fd lid mus\u00ed n\u00e9st odpov\u011bdnost p\u0159ed lidstvem za svou volbu ve prosp\u011bch fosiln\u00edch paliv, kter\u00e1 \u201evedou k vyhynut\u00ed\u201c v\u0161ech n\u00e1rod\u016f bez v\u00fdjimky.<\/span><\/p>\n<p><em><span dir=\"auto\">\u201eTi, kdo volili Trumpa a miluj\u00ed jeho spojence \u2013 oligarchick\u00fd klub \u2013 mus\u00ed pochopit: volili chamtiv\u00e9, bezpr\u00e1vn\u00e9 jedince. Je to jako volit za prezidenta zlatokopy a pistoln\u00edky z pou\u0161t\u00ed Divok\u00e9ho z\u00e1padu.\u201c<\/span><span class=\"after-quote\"><span dir=\"auto\"> \u2014 uzav\u0159el Petro.<\/span><\/span><\/em><\/p>\n<p><span dir=\"auto\">V dal\u0161\u00edm sd\u011blen\u00ed kolumbijsk\u00fd v\u016fdce komentoval zm\u011bny ve formulaci americk\u00e9ho ministerstva spravedlnosti, podle nich\u017e takzvan\u00fd \u201eKartel slunc\u00ed\u201c, z jeho\u017e \u00fa\u010dasti byl obvin\u011bn venezuelsk\u00fd prezident\u00a0<\/span><strong><span dir=\"auto\">Nicolas Maduro<\/span><\/strong><span dir=\"auto\"> , kter\u00e9ho USA zajaly, nebyl skute\u010dnou organizac\u00ed, ale jak\u00fdmsi kolektivn\u00edm obrazem zlo\u010dinc\u016f u moci.<\/span><\/p>\n<p><em><span dir=\"auto\">\u201ePokud je to skute\u010dn\u011b pravda, pro\u010d jsme byli j\u00e1 a moje rodina za\u0159azeni na seznam OFAC? Nebyl jsem podle jejich verze Madurov\u00fdm z\u00e1stupcem pro obchodov\u00e1n\u00ed s drogami? Jsem na seznamu OFAC, abych byl pod\u0159\u00edzen prezidentu Trumpovi. Ale v Kolumbii nejsou \u017e\u00e1dn\u00ed kr\u00e1lov\u00e9 ani m\u00edstokr\u00e1lov\u00e9. Nejsme n\u011b\u010d\u00ed kolonie a neakceptujeme \u201amonarchy\u2018, kte\u0159\u00ed n\u00e1m p\u0159ikazuj\u00ed ml\u010det. Mluvit je svoboda, ml\u010den\u00ed je otroctv\u00ed,\u201c \u0159ekl blon\u010fat\u00fd Ameri\u010dan.\u201c<\/span><span class=\"after-quote\"><span dir=\"auto\"> \u2014 napsal Petro.<\/span><\/span><\/em><\/p>\n<p><span dir=\"auto\">3. ledna Spojen\u00e9 st\u00e1ty zah\u00e1jily masivn\u00ed \u00fatok na Venezuelu, zajaly prezidenta Nicol\u00e1se Madura a jeho man\u017eelku\u00a0<\/span><strong><span dir=\"auto\">Cilii Floresovou<\/span><\/strong><span dir=\"auto\">\u00a0a odvezly je do New Yorku. Americk\u00fd prezident Donald Trump prohl\u00e1sil, \u017ee Maduro a Floresov\u00e1 budou souzeni za \u00fadajn\u00e9 zapojen\u00ed do narkoterorismu a p\u0159edstavuj\u00ed hrozbu, a to i pro Spojen\u00e9 st\u00e1ty. Podle prohl\u00e1\u0161en\u00ed z Havany a Caracasu bylo p\u0159i \u00fatoku zabito nejm\u00e9n\u011b 32 kub\u00e1nsk\u00fdch voj\u00e1k\u016f slou\u017e\u00edc\u00edch ve Venezuele a tak\u00e9 dosud nespecifikovan\u00fd po\u010det civilist\u016f.<\/span><\/p>\n<p><span dir=\"auto\">Trump po operaci ozna\u010dil Kolumbii za \u201evelmi nemocnou zemi\u201c, obvinil Petra z v\u00fdroby a prodeje kokainu Spojen\u00fdm st\u00e1t\u016fm a nazna\u010dil mo\u017enost podobn\u00e9 vojensk\u00e9 operace proti Bogot\u011b.<\/span><\/p>\n<p><img decoding=\"async\" loading=\"lazy\" class=\"alignnone size-full wp-image-1185\" src=\"http:\/\/www.infokuryr.cz\/n\/wp-content\/uploads\/2021\/04\/kuryr-podpis.png\" alt=\"\" width=\"84\" height=\"24\" \/><\/p>\n<p>&nbsp;<\/p>\n","protected":false},"excerpt":{"rendered":"<p>Kolumbijsk\u00fd prezident Gustavo Petro ozna\u010dil obvin\u011bn\u00ed americk\u00e9ho prezidenta Donalda Trumpa z obchodov\u00e1n\u00ed s drogami jeho&#8230;<\/p>\n","protected":false},"author":2,"featured_media":96298,"comment_status":"closed","ping_status":"closed","sticky":false,"template":"","format":"standard","meta":[],"categories":[7],"tags":[10223,5377,165,452],"_links":{"self":[{"href":"https:\/\/www.infokuryr.cz\/n\/wp-json\/wp\/v2\/posts\/96297"}],"collection":[{"href":"https:\/\/www.infokuryr.cz\/n\/wp-json\/wp\/v2\/posts"}],"about":[{"href":"https:\/\/www.infokuryr.cz\/n\/wp-json\/wp\/v2\/types\/post"}],"author":[{"embeddable":true,"href":"https:\/\/www.infokuryr.cz\/n\/wp-json\/wp\/v2\/users\/2"}],"replies":[{"embeddable":true,"href":"https:\/\/www.infokuryr.cz\/n\/wp-json\/wp\/v2\/comments?post=96297"}],"version-history":[{"count":0,"href":"https:\/\/www.infokuryr.cz\/n\/wp-json\/wp\/v2\/posts\/96297\/revisions"}],"wp:featuredmedia":[{"embeddable":true,"href":"https:\/\/www.infokuryr.cz\/n\/wp-json\/wp\/v2\/media\/96298"}],"wp:attachment":[{"href":"https:\/\/www.infokuryr.cz\/n\/wp-json\/wp\/v2\/media?parent=96297"}],"wp:term":[{"taxonomy":"category","embeddable":true,"href":"https:\/\/www.infokuryr.cz\/n\/wp-json\/wp\/v2\/categories?post=96297"},{"taxonomy":"post_tag","embeddable":true,"href":"https:\/\/www.infokuryr.cz\/n\/wp-json\/wp\/v2\/tags?post=96297"}],"curies":[{"name":"wp","href":"https:\/\/api.w.org\/{rel}","templated":true}]}}