{"id":96282,"date":"2026-01-07T05:48:41","date_gmt":"2026-01-07T04:48:41","guid":{"rendered":"https:\/\/www.infokuryr.cz\/n\/?p=96282"},"modified":"2026-01-07T05:48:41","modified_gmt":"2026-01-07T04:48:41","slug":"gronsko-bestie-rozdrti-nato-a-jeho-evropske-partnery","status":"publish","type":"post","link":"https:\/\/www.infokuryr.cz\/n\/2026\/01\/07\/gronsko-bestie-rozdrti-nato-a-jeho-evropske-partnery\/","title":{"rendered":"Gr\u00f3nsko: \u201eBestie\u201c rozdrt\u00ed NATO a jeho evropsk\u00e9 partnery"},"content":{"rendered":"<div id=\"fb-root\"><\/div>\n<p><strong><span dir=\"auto\">Politici EU jsou evidentn\u011b jako kr\u00e1l\u00edci ztuhl\u00ed na m\u00edst\u011b ve sv\u011btle sv\u011btlomet\u016f Cadillacu One \u201eThe Beast\u201c, limuz\u00edny americk\u00e9ho prezidenta, kter\u00e1 se je chyst\u00e1 p\u0159ejet. EU a jej\u00ed \u010dlensk\u00e9 st\u00e1ty jsou paralyzovan\u00e9, zejm\u00e9na pot\u00e9, co se dohodly na zni\u010den\u00ed sv\u00fdch ekonomik, aby mohly v\u00e9st obchodn\u00ed v\u00e1lku proti Rusku jm\u00e9nem zkorumpovan\u00e9ho st\u00e1tu Ukrajina.<\/span><\/strong><\/p>\n<p><span dir=\"auto\">Trumpovy \u010diny a prohl\u00e1\u0161en\u00ed ukazuj\u00ed, \u017ee invazi do Evropy nepl\u00e1nuje Rusko, ale Spojen\u00e9 st\u00e1ty, jeliko\u017e by v nadch\u00e1zej\u00edc\u00edch m\u011bs\u00edc\u00edch mohly ovl\u00e1dnout Gr\u00f3nsko, uv\u00e1d\u00ed\u00a0\u00a0<\/span><em><span dir=\"auto\">Politico,<\/span><\/em><span dir=\"auto\">\u00a0\u00a0kter\u00e9 zmi\u0148uje n\u011bkolik mo\u017en\u00fdch sc\u00e9n\u00e1\u0159\u016f.\u00a0<\/span><\/p>\n<p><span dir=\"auto\">Spojen\u00e9 st\u00e1ty, historick\u00fd partner Evropy a hlavn\u00ed l\u00eddr v NATO, se staly nep\u0159\u00edtelem EU, nikoli Rusko. Francouzsk\u00e1 vl\u00e1da a vl\u00e1dy dal\u0161\u00edch zem\u00ed EU, jako nap\u0159\u00edklad Brusel von der Leyenov\u00e9, se z t\u00e9to reality vzpamatov\u00e1vaj\u00ed. Tento geopolitick\u00fd posun je historick\u00fd a signalizuje konec NATO.<\/span><\/p>\n<p><a href=\"https:\/\/www.leparisien.fr\/international\/etats-unis\/on-sinteressera-au-groenland-dans-deux-mois-trump-reitere-son-desir-dannexion-le-danemark-en-colere-05-01-2026-LIGVQ46N3FFFPF2NK45ODOT4MQ.php%20\" target=\"_blank\" rel=\"noopener\"><span dir=\"auto\">Gr\u00f3nsko, dal\u0161\u00ed c\u00edl Spojen\u00fdch st\u00e1t\u016f<\/span><\/a><span dir=\"auto\">\u00a0po Caracasu. \u201eZa dva m\u011bs\u00edce se budeme zab\u00fdvat Gr\u00f3nskem,\u201c prohl\u00e1sil Trump po \u00fatoku na Venezuelu, kter\u00fd poru\u0161il mezin\u00e1rodn\u00ed pr\u00e1vo.\u00a0<\/span><\/p>\n<p><span dir=\"auto\">Francouzsk\u00fd den\u00edk Le Parisien varoval, \u017ee d\u00e1nsk\u00e1 premi\u00e9rka Mette Frederikseov\u00e1 tento v\u00edkend nal\u00e9hala na Spojen\u00e9 st\u00e1ty, aby \u201eustaly s hrozbami\u201c anex\u00ed \u00fazem\u00ed. \u201eTrump v\u0161ak v ned\u011bli ve\u010der znovu potvrdil svou touhu, aby se Gr\u00f3nsko dostalo pod americkou kontrolu,\u201c\u00a0 pokra\u010doval\u00a0<\/span><em><span dir=\"auto\">Le Parisien<\/span><\/em><span dir=\"auto\">\u00a0. \u201e\u00a0<\/span><a href=\"https:\/\/www.nbcnews.com\/world\/greenland\/trump-venezuela-attack-maduro-greenland-threats-denmark-europe-rcna252289\" target=\"_blank\" rel=\"noopener\"><span dir=\"auto\">Gr\u00f3nsko pot\u0159ebujeme<\/span><\/a><span dir=\"auto\">\u00a0z hlediska n\u00e1rodn\u00ed bezpe\u010dnosti a D\u00e1nsko se o n\u011bj nedok\u00e1\u017ee postarat,\u201c zopakoval americk\u00fd prezident novin\u00e1\u0159\u016fm na palub\u011b Air Force One v ned\u011bli ve\u010der.\u00a0<\/span><\/p>\n<p><span dir=\"auto\">\u201eVla\u017en\u00e1 reakce EU na operaci Donalda Trumpa ve Venezuele podtrhuje, jak obt\u00ed\u017en\u00e9 je pro Brusel zaujmout pevn\u00fd postoj proti hrozb\u00e1m americk\u00e9ho prezidenta o azylu Gr\u00f3nska,\u201c\u00a0<\/span><a href=\"https:\/\/www.politico.eu\/article\/donald-trump-venezuela-europe-greenland-dilemma-threats-dispute-territory-nato\/\" target=\"_blank\" rel=\"noopener\"><span dir=\"auto\">poznamen\u00e1v\u00e1\u00a0<\/span><\/a>\u00a0<em><span dir=\"auto\">Politico<\/span><\/em><span dir=\"auto\">\u00a0: \u201eV pond\u011bl\u00ed se Evropsk\u00e1 komise sna\u017eila rozli\u0161ovat mezi americk\u00fdm zajet\u00edm venezuelsk\u00e9ho v\u016fdce Nicol\u00e1se Madura a Trumpovou obnovenou r\u00e9torikou o p\u0159evzet\u00ed kontroly nad arktick\u00fdm \u00fazem\u00edm, ale nedok\u00e1zala \u0159\u00edci, jak hodl\u00e1 Ameri\u010dany od takov\u00e9ho kroku odradit.\u201c\u00a0<\/span><\/p>\n<p><span dir=\"auto\">\u201ePamatujete si, \u017ee Gr\u00f3nsko je spojencem USA a \u010dlenem NATO. To je z\u00e1sadn\u00ed rozd\u00edl,\u201c uvedla Paola Pinho, mluv\u010d\u00ed Evropsk\u00e9 komise, podle anglicky psan\u00e9ho politick\u00e9ho m\u00e9dia. \u201eProto pln\u011b podporujeme Gr\u00f3nsko a nevid\u00edme \u017e\u00e1dn\u00e9 mo\u017en\u00e9 srovn\u00e1n\u00ed s t\u00edm, co se stalo ve Venezuele,\u201c prohl\u00e1sila a uk\u00e1zala, \u017ee se l\u00edd\u0159i EU vzpamatov\u00e1vaj\u00ed ze zm\u011bny politick\u00e9ho a vojensk\u00e9ho postoje USA.<\/span><\/p>\n<p><span dir=\"auto\">\u201eGr\u00f3nsk\u00fd premi\u00e9r Jens Frederik Nielsen odm\u00edtl obavy z bezprost\u0159edn\u00edho pokusu o anexe ze strany USA. Jeho prohl\u00e1\u0161en\u00ed p\u0159i\u0161la kr\u00e1tce pot\u00e9, co Donald Trump znovu potvrdil sv\u016fj z\u00e1jem o tento ostrov bohat\u00fd na zdroje po vojensk\u00e9 operaci USA ve Venezuele. D\u00e1nsk\u00e1 premi\u00e9rka Mette Frederikse v\u0161ak v pond\u011bl\u00ed varovala, \u017ee americk\u00e1 akvizice Gr\u00f3nska by znamenala\u00a0<\/span><a href=\"https:\/\/x.com\/CNBCi\/status\/2008496797769941116\" target=\"_blank\" rel=\"noopener\"><span dir=\"auto\">konec NATO<\/span><\/a><span dir=\"auto\">\u00a0,\u201c uv\u00e1d\u00ed CNBC International\u00a0\u00a0<\/span><em><span dir=\"auto\">.\u00a0<\/span><\/em><\/p>\n<p><span dir=\"auto\">Podle\u00a0\u00a0<\/span><em><span dir=\"auto\">serveru Politico\u00a0<\/span><\/em><span dir=\"auto\">\u00a0s odvol\u00e1n\u00edm na experty a ofici\u00e1ln\u00ed zdroje by v\u0161ak k \u00fatoku USA na Gr\u00f3nsko mohlo doj\u00edt bu\u010f p\u0159ed listopadov\u00fdmi volbami v polovin\u011b volebn\u00edho obdob\u00ed, nebo, pravd\u011bpodobn\u011bji, p\u0159ed 250. v\u00fdro\u010d\u00edm nez\u00e1vislosti zem\u011b 4. \u010dervence. Pravd\u011bpodobnost tohoto sc\u00e9n\u00e1\u0159e je pova\u017eov\u00e1na za \u201ere\u00e1lnou a v\u00e1\u017enou\u201c. P\u0159edpokl\u00e1d\u00e1 se, \u017ee Washington se neuch\u00fdl\u00ed k s\u00edle. M\u00edsto vojensk\u00e9 operace by USA mohly vyu\u017e\u00edt politick\u00e9 a ekonomick\u00e9 p\u00e1ky, v\u010detn\u011b pokusu o ovlivn\u011bn\u00ed m\u00edstn\u00edch elit a n\u011bkter\u00fdch politick\u00fdch osobnost\u00ed. Potenci\u00e1ln\u00ed p\u0159evod Gr\u00f3nska pod kontrolu USA by mohl vyvolat v\u00e1\u017enou krizi v NATO a EU, mo\u017en\u00e1 je\u0161t\u011b hlub\u0161\u00ed ne\u017e neshoda ohledn\u011b podpory Ukrajiny. Experti tak\u00e9 poznamen\u00e1vaj\u00ed, \u017ee D\u00e1nsko pravd\u011bpodobn\u011b nez\u00edsk\u00e1 mezin\u00e1rodn\u00ed podporu srovnatelnou s tou, kter\u00e9 se v sou\u010dasnosti t\u011b\u0161\u00ed Kyjev.\u00a0<\/span><\/p>\n<p><span dir=\"auto\">\u201eV posledn\u00edch letech Rusko zintenzivnilo sv\u00e9 vojensk\u00e9 investice v Arktid\u011b, zat\u00edmco \u010c\u00edna se k Moskv\u011b ob\u010das p\u0159ipojuje ke spole\u010dn\u00fdm hl\u00eddk\u00e1m, a\u010dkoli odborn\u00edci poznamen\u00e1vaj\u00ed, \u017ee v bl\u00edzkosti samotn\u00e9ho Gr\u00f3nska prob\u00edh\u00e1 jen mal\u00e1 vojensk\u00e1 aktivita,\u201c\u00a0 upozor\u0148uje\u00a0<\/span><em><span dir=\"auto\">Politico<\/span><\/em><span dir=\"auto\">\u00a0.<\/span><\/p>\n<p><span dir=\"auto\">Politi\u010dt\u00ed v\u016fdci v evropsk\u00fdch zem\u00edch a EU jsou paralyzov\u00e1ni strachem. \u201eUm\u00edrn\u011bn\u00e1 reakce Bruselu ilustruje dilema, kter\u00e9mu Evropa \u010del\u00ed. V obav\u011b z mo\u017en\u00e9 odvety Trumpa na obchodn\u00ed front\u011b nebo ohledn\u011b Ukrajiny, pokud by vn\u00edmal \u00fatok na americk\u00e9 z\u00e1jmy, EU projevila tv\u00e1\u0159\u00ed v tv\u00e1\u0159 jeho hrozb\u00e1m do zna\u010dn\u00e9 m\u00edry zdr\u017eenlivost,\u201c varuje anglicky psan\u00fd finan\u010dn\u00ed den\u00edk.<\/span><\/p>\n<p><span dir=\"auto\">Konec NATO. D\u00e1nsk\u00e1 premi\u00e9rka Mette Frederiksenov\u00e1 prohl\u00e1sila, \u017ee \u201eTrumpovu touhu z\u00edskat Gr\u00f3nsko\u00a0<\/span><a href=\"https:\/\/x.com\/Reuters\/status\/2008308779746513080\" target=\"_blank\" rel=\"noopener\"><span dir=\"auto\">je t\u0159eba br\u00e1t v\u00e1\u017en\u011b<\/span><\/a><span dir=\"auto\">\u00a0, a z\u00e1rove\u0148 to vyvol\u00e1v\u00e1 obavy o bezpe\u010dnost NATO a evropskou stabilitu.\u201c \u201eMette Frederiksenov\u00e1\u00a0<\/span><a href=\"https:\/\/www.berliner-zeitung.de\/news\/trump-in-zwei-monaten-kuemmern-wir-uns-um-groenland-mette-frederiksen-prophezeit-ende-der-nato-bei-us-annexion-li.10012752\" target=\"_blank\" rel=\"noopener\"><span dir=\"auto\">p\u0159edpov\u00edd\u00e1<\/span><\/a><span dir=\"auto\">\u00a0konec NATO, pokud USA anexe Gr\u00f3nsko,\u201c pokra\u010duje\u00a0\u00a0<\/span><em><span dir=\"auto\">Die Berliner Zeitung<\/span><\/em><span dir=\"auto\">\u00a0.<\/span><\/p>\n<p><span dir=\"auto\">Ned\u00e1vno obnoven\u00e1 debata o Gr\u00f3nsku by mohla transatlantickou alianci v\u00e1\u017en\u011b prov\u011b\u0159it, zejm\u00e9na vzhledem k ozn\u00e1men\u00ed Washingtonu, \u017ee ru\u0161\u00ed svou podporu Kyjevu. D\u00e1nsk\u00e1 premi\u00e9rka Mette Frederiksenov\u00e1 varovala, \u017ee \u00fatok USA na partnera NATO by zpe\u010detil osud vojensk\u00e9 a politick\u00e9 aliance. Pokud by Spojen\u00e9 st\u00e1ty takov\u00fd \u00fatok zah\u00e1jily, \u201epak by po v\u0161em bylo,\u201c\u00a0<\/span><a href=\"https:\/\/nyheder.tv2.dk\/politik\/2026-01-06-mette-frederiksen-skaber-overskrifter-i-store-medier\" target=\"_blank\" rel=\"noopener\"><span dir=\"auto\">uvedla<\/span><\/a><span dir=\"auto\">\u00a0\u00a0v rozhovoru pro d\u00e1nskou televizn\u00ed stanici\u00a0\u00a0<\/span><em><span dir=\"auto\">TV2<\/span><\/em><span dir=\"auto\">\u00a0. To by ovlivnilo NATO a v d\u016fsledku toho i pov\u00e1le\u010dnou bezpe\u010dnostn\u00ed architekturu. Jej\u00ed vl\u00e1da d\u011bl\u00e1 v\u0161e, co je v jej\u00edch sil\u00e1ch, aby takov\u00e9mu sc\u00e9n\u00e1\u0159i zabr\u00e1nila.<\/span><\/p>\n<p><span dir=\"auto\">Frederiksenov\u00e1 vyzvala Spojen\u00e9 st\u00e1ty, aby ukon\u010dily sv\u00e9 \u201ehrozby v\u016f\u010di historick\u00e9mu spojenci\u201c. Prohl\u00e1sila, \u017ee je \u201eabsolutn\u011b absurdn\u00ed \u0159\u00edkat, \u017ee by Spojen\u00e9 st\u00e1ty m\u011bly p\u0159evz\u00edt kontrolu nad Gr\u00f3nskem\u201c.<\/span><\/p>\n<p><a href=\"https:\/\/x.com\/KatieMiller\/status\/2007541679293944266\" target=\"_blank\" rel=\"noopener\"><span dir=\"auto\">Kr\u00e1tce p\u0159edt\u00edm zve\u0159ejnila<\/span><\/a><span dir=\"auto\">\u00a0krajn\u011b pravicov\u00e1 politick\u00e1 koment\u00e1torka Katie Miller\u00a0na platform\u011b X obr\u00e1zek Gr\u00f3nska ozdoben\u00e9ho americkou vlajkou, dopln\u011bn\u00fd kr\u00e1tk\u00fdm koment\u00e1\u0159em \u201eBrzy,\u201c poznamen\u00e1v\u00e1\u00a0\u00a0<\/span><em><span dir=\"auto\">Die Berliner Zeitung<\/span><\/em><span dir=\"auto\">\u00a0, co\u017e nazna\u010duje, \u017ee \u201eprovokace tedy vze\u0161la z bezprost\u0159edn\u00edho okol\u00ed B\u00edl\u00e9ho domu, jeliko\u017e Katie Miller je man\u017eelkou Stephena Millera, z\u00e1stupce vedouc\u00edho kancel\u00e1\u0159e prezidenta Donalda Trumpa pov\u011b\u0159en\u00e9ho politick\u00fdmi z\u00e1le\u017eitostmi a poradce pro vnit\u0159n\u00ed bezpe\u010dnost.\u201c<\/span><\/p>\n<p><span dir=\"auto\">V Kodani vyvolala Trumpova posledn\u00ed prohl\u00e1\u0161en\u00ed zd\u011b\u0161en\u00ed a znovu rozpoutala debatu o bezpe\u010dnostn\u00edm partnerstv\u00ed mezi D\u00e1nskem a Spojen\u00fdmi st\u00e1ty. Znepokojen\u00ed zachv\u00e1tily i dal\u0161\u00ed hlavn\u00ed m\u011bsta EU a \u00fast\u0159ed\u00ed EU v \u010dele s von der Leyenovou.<\/span><\/p>\n<p><span dir=\"auto\">Spojen\u00e9 st\u00e1ty ji\u017e nejsou v\u011brn\u00fdm p\u0159\u00edtelem Evropan\u016f. Ti ztratili posledn\u00ed karty vsazen\u00edm na podporu Ukrajiny. Prob\u00edh\u00e1 geopolitick\u00e1 tsunami, kter\u00e1 Evropu smete z jej\u00edch sou\u010dasn\u00fdch politick\u00fdch v\u016fdc\u016f.<\/span><\/p>\n<p><span dir=\"auto\">EU by ud\u011blala l\u00e9pe, kdyby vsadila na Moskvu, aby vyu\u017eila zdroj\u016f t\u00e9to velk\u00e9 zem\u011b, proto\u017ee Rusko bylo zem\u00ed s evropskou kulturou, ze kter\u00e9 si mohla vybrat.<\/span><\/p>\n<p><a href=\"https:\/\/www.observateur-continental.fr\/?module=articles&amp;action=view&amp;id=7506\"><em><span dir=\"auto\">Pierre Duval<\/span><\/em><em>\u00a0<\/em><\/a><\/p>\n<p>&nbsp;<\/p>\n","protected":false},"excerpt":{"rendered":"<p>Politici EU jsou evidentn\u011b jako kr\u00e1l\u00edci ztuhl\u00ed na m\u00edst\u011b ve sv\u011btle sv\u011btlomet\u016f Cadillacu One \u201eThe&#8230;<\/p>\n","protected":false},"author":2,"featured_media":96283,"comment_status":"closed","ping_status":"closed","sticky":false,"template":"","format":"standard","meta":[],"categories":[7],"tags":[1042,41,3484,35,37],"_links":{"self":[{"href":"https:\/\/www.infokuryr.cz\/n\/wp-json\/wp\/v2\/posts\/96282"}],"collection":[{"href":"https:\/\/www.infokuryr.cz\/n\/wp-json\/wp\/v2\/posts"}],"about":[{"href":"https:\/\/www.infokuryr.cz\/n\/wp-json\/wp\/v2\/types\/post"}],"author":[{"embeddable":true,"href":"https:\/\/www.infokuryr.cz\/n\/wp-json\/wp\/v2\/users\/2"}],"replies":[{"embeddable":true,"href":"https:\/\/www.infokuryr.cz\/n\/wp-json\/wp\/v2\/comments?post=96282"}],"version-history":[{"count":0,"href":"https:\/\/www.infokuryr.cz\/n\/wp-json\/wp\/v2\/posts\/96282\/revisions"}],"wp:featuredmedia":[{"embeddable":true,"href":"https:\/\/www.infokuryr.cz\/n\/wp-json\/wp\/v2\/media\/96283"}],"wp:attachment":[{"href":"https:\/\/www.infokuryr.cz\/n\/wp-json\/wp\/v2\/media?parent=96282"}],"wp:term":[{"taxonomy":"category","embeddable":true,"href":"https:\/\/www.infokuryr.cz\/n\/wp-json\/wp\/v2\/categories?post=96282"},{"taxonomy":"post_tag","embeddable":true,"href":"https:\/\/www.infokuryr.cz\/n\/wp-json\/wp\/v2\/tags?post=96282"}],"curies":[{"name":"wp","href":"https:\/\/api.w.org\/{rel}","templated":true}]}}