{"id":96266,"date":"2026-01-07T00:30:36","date_gmt":"2026-01-06T23:30:36","guid":{"rendered":"https:\/\/www.infokuryr.cz\/n\/?p=96266"},"modified":"2026-01-06T17:17:40","modified_gmt":"2026-01-06T16:17:40","slug":"nikdy-dost-cisto-proc-levicovi-zeleni-vrhaji-levicovy-berlin-do-chladu","status":"publish","type":"post","link":"https:\/\/www.infokuryr.cz\/n\/2026\/01\/07\/nikdy-dost-cisto-proc-levicovi-zeleni-vrhaji-levicovy-berlin-do-chladu\/","title":{"rendered":"Nikdy dost \u010disto: Pro\u010d levicov\u00ed Zelen\u00ed vrhaj\u00ed levicov\u00fd Berl\u00edn do chladu"},"content":{"rendered":"<div id=\"fb-root\"><\/div>\n<p><strong><span dir=\"auto\">Uprost\u0159ed zimy se n\u011bkter\u00e9 \u010d\u00e1sti Berl\u00edna pono\u0159ily do tmy. \u017dh\u00e1\u0159sk\u00fd \u00fatok na elektr\u00e1rnu v Lichterfelde nechal p\u0159ibli\u017en\u011b 45 000 dom\u00e1cnost\u00ed bez elekt\u0159iny a topen\u00ed. K \u00fatoku se p\u0159ihl\u00e1sila levicov\u00e1 \u201eVolcano Group\u201c, fanatick\u00e1 skupina, kter\u00e1 se sna\u017e\u00ed prosadit \u201eochranu klimatu\u201c prost\u0159ednictv\u00edm militantn\u00edho n\u00e1sil\u00ed. Ter\u010dem \u00fatok\u016f se stal Berl\u00edn, pravd\u011bpodobn\u011b nejlevicov\u011bj\u0161\u00ed metropole v Evrop\u011b. Pro\u010d tito fanatici \u00fato\u010d\u00ed pr\u00e1v\u011b na ty, kte\u0159\u00ed sd\u00edlej\u00ed jejich ide\u00e1ly?<\/span><\/strong><\/p>\n<p><span dir=\"auto\">Berl\u00edn je pova\u017eov\u00e1n za vzorov\u00e9 m\u011bsto \u201eprogresivn\u00ed\u201c politiky N\u011bmecka. Vl\u00e1dnouc\u00ed starosta vyv\u011b\u0161uje duhov\u00e9 vlajky, m\u011bsto ubytov\u00e1v\u00e1 \u017eadatele o azyl v luxusn\u00edch hotelech a investuje miliony do \u201eklimaticky \u0161etrn\u00fdch\u201c toalet a cyklostezek, kter\u00e9 stoj\u00ed v\u00edc ne\u017e n\u011bkter\u00e9 \u00faseky d\u00e1lnic (pozn\u00e1mka: na cyklostezky bylo vy\u010dlen\u011bno 319 milion\u016f eur!). Pro opravdov\u00e9 v\u011b\u0159\u00edc\u00ed to ale nesta\u010d\u00ed. Berl\u00edn je levicov\u00fd. Ale ne DOSTATE\u010cN\u011a levicov\u00fd!<\/span><\/p>\n<p><span dir=\"auto\">Minim\u00e1ln\u00ed kompromis s realitou \u010din\u00ed z m\u011bsta v o\u010d\u00edch skupiny Vulkan komplice \u201esyst\u00e9mu\u201c.\u00a0<\/span><a href=\"https:\/\/report24.news\/damit-begruenden-antifa-terroristen-ihren-moerderischen-anschlag-auf-berlin\/\"><span dir=\"auto\">Prohl\u00e1\u0161en\u00ed skupiny o odpov\u011bdnosti<\/span><\/a><span dir=\"auto\">\u00a0nenech\u00e1v\u00e1 \u017e\u00e1dn\u00e9 pochybnosti o ideologick\u00e9 \u010distot\u011b t\u011bchto levicov\u00fdch fanatik\u016f. Fosiln\u00ed energie je \u010dir\u00e1 \u201echamtivost\u201c, Zem\u011b je \u201evy\u010derp\u00e1v\u00e1na, vys\u00e1v\u00e1na, spalov\u00e1na, zn\u00e1sil\u0148ov\u00e1na\u201c a \u201ejednodu\u0161e spaluje\u201c. Vyp\u00edn\u00e1n\u00ed elektr\u00e1ren je \u201emanu\u00e1ln\u00ed pr\u00e1ce\u201c, tak\u017ee je nutn\u00e9 je i nad\u00e1le sabotovat. \u00datok byl \u201eve\u0159ejn\u011b prosp\u011b\u0161nou akc\u00ed\u201c, \u201espole\u010densky prosp\u011b\u0161nou\u201c akc\u00ed a \u201eaktem mezin\u00e1rodn\u00ed solidarity\u201c. Jsou zde p\u0159\u00edtomny v\u0161echny kl\u00ed\u010dov\u00e9 pojmy hnut\u00ed Wokoharam, od spole\u010dn\u00e9ho dobra po solidaritu. Ka\u017ed\u00fd, kdo nen\u00ed na 110 procent v souladu, je prohl\u00e1\u0161en za nep\u0159\u00edtele. Fanatick\u00e1 logika par excellence.<\/span><\/p>\n<p><span dir=\"auto\">Tento vzorec zn\u00e1me z historie a literatury. Robespierre, str\u016fjce Francouzsk\u00e9 revoluce, s\u00e1m zem\u0159el pod gilotinou, popravenou jeho spolurevolucion\u00e1\u0159i. Ve filmu \u201eHra o tr\u016fny\u201c byla Cersei Lannister uv\u011bzn\u011bna pr\u00e1v\u011b t\u011bmi n\u00e1bo\u017eensk\u00fdmi fanatiky, kter\u00e9 d\u0159\u00edve manipulovala. Revoluce v\u017edy po\u017e\u00edr\u00e1 sv\u00e9 vlastn\u00ed d\u011bti. Dnes jsme toho sv\u011bdky v C\u00edrkvi klimatick\u00fdch zm\u011bn. Um\u00edrn\u011bn\u011bj\u0161\u00ed ekologizace je tak\u00e9 pova\u017eov\u00e1na za zradu. Ka\u017ed\u00fd, kdo z d\u016fvod\u016f fyzick\u00e9 nutnosti chce nad\u00e1le vyu\u017e\u00edvat ropu a plyn k prevenci v\u00fdpadk\u016f proudu, je v o\u010d\u00edch Wokoharam sou\u010d\u00e1st\u00ed probl\u00e9mu. Tato z\u00e1sada plat\u00ed i mimo C\u00edrkev klimatick\u00fdch zm\u011bn. I v politick\u00e9m isl\u00e1mu prav\u00ed v\u011b\u0159\u00edc\u00ed neznaj\u00ed kompromisy. Kdokoli se odch\u00fdl\u00ed od \u010dist\u00e9 cesty, st\u00e1v\u00e1 se ter\u010dem.<\/span><\/p>\n<p><span dir=\"auto\">Ob\u011b hnut\u00ed, probuzen\u00fd extremismus i islamofa\u0161ismus, sd\u00edlej\u00ed netoleranci v\u016f\u010di jak\u00e9koli odchylce od cesty ortodoxie. A p\u0159esto se v Evrop\u011b ani jedno z nich d\u016fsledn\u011b nepotl\u00e1\u010d\u00ed, ale sp\u00ed\u0161e se o n\u011b usiluje. V N\u011bmecku a Rakousku proud\u00ed stovky milion\u016f eur organizac\u00edm, kter\u00e9 bu\u010f sympatizuj\u00ed s Antifou nebo Muslimsk\u00fdm bratrstvem, nebo jsou samy sou\u010d\u00e1st\u00ed t\u011bchto skupin. Levicov\u00e9 n\u00e1sil\u00ed je bagatelizov\u00e1no, dokud je nam\u00ed\u0159eno pouze proti \u201epravici\u201c. Islamistick\u00e9 s\u00edt\u011b mohou voln\u011b p\u016fsobit a indoktrinovat, pokud (zat\u00edm) otev\u0159en\u011b nenos\u00ed zbran\u011b. Islamofa\u0161ist\u00e9 ji\u017e sp\u00e1chali vra\u017edy, od berl\u00ednsk\u00fdch v\u00e1no\u010dn\u00edch trh\u016f a\u017e po centrum V\u00eddn\u011b. V p\u0159\u00edpad\u011b probuzen\u00e9ho extremismu je jen ot\u00e1zkou \u010dasu, kdy n\u00e1sil\u00ed proti majetku p\u0159eroste v n\u00e1sil\u00ed proti lidem.<\/span><\/p>\n<p><span dir=\"auto\">Na\u0161e vl\u00e1dy, neovlivn\u011bn\u00e9 \u017e\u00e1dn\u00fdm aktem n\u00e1sil\u00ed a ka\u017ed\u00fdm projevem extremismu, financuj\u00ed ty, kte\u0159\u00ed se sna\u017e\u00ed zni\u010dit otev\u0159enou spole\u010dnost. Pro na\u0161e, promi\u0148te mi francouzsk\u00e9, naprosto neschopn\u00e9 vl\u00e1dce je nep\u0159\u00edtel v\u017edy na pravici. Nejv\u011bt\u0161\u00ed hrozbou pro bezpe\u010dnost Evropy v\u0161ak jsou levicov\u00ed, zelen\u00ed a isl\u00e1m\u0161t\u00ed extremist\u00e9. Netoleruj\u00ed \u017e\u00e1dnou jinou v\u00edru, \u017e\u00e1dnou odchylku od cesty ctnosti, \u017e\u00e1dnou realitu, \u017e\u00e1dn\u00e9 kompromisy. Pro fanatika nem\u016f\u017ee b\u00fdt \u010dlov\u011bk nikdy dostate\u010dn\u011b \u010dist\u00fd v prav\u00e9 v\u00ed\u0159e.<\/span><\/p>\n<p><img decoding=\"async\" loading=\"lazy\" class=\"alignnone size-full wp-image-1185\" src=\"http:\/\/www.infokuryr.cz\/n\/wp-content\/uploads\/2021\/04\/kuryr-podpis.png\" alt=\"\" width=\"84\" height=\"24\" \/><\/p>\n<p>&nbsp;<\/p>\n","protected":false},"excerpt":{"rendered":"<p>Uprost\u0159ed zimy se n\u011bkter\u00e9 \u010d\u00e1sti Berl\u00edna pono\u0159ily do tmy. \u017dh\u00e1\u0159sk\u00fd \u00fatok na elektr\u00e1rnu v Lichterfelde&#8230;<\/p>\n","protected":false},"author":2,"featured_media":96267,"comment_status":"closed","ping_status":"closed","sticky":false,"template":"","format":"standard","meta":[],"categories":[7],"tags":[233,1503,5097,2703,103],"_links":{"self":[{"href":"https:\/\/www.infokuryr.cz\/n\/wp-json\/wp\/v2\/posts\/96266"}],"collection":[{"href":"https:\/\/www.infokuryr.cz\/n\/wp-json\/wp\/v2\/posts"}],"about":[{"href":"https:\/\/www.infokuryr.cz\/n\/wp-json\/wp\/v2\/types\/post"}],"author":[{"embeddable":true,"href":"https:\/\/www.infokuryr.cz\/n\/wp-json\/wp\/v2\/users\/2"}],"replies":[{"embeddable":true,"href":"https:\/\/www.infokuryr.cz\/n\/wp-json\/wp\/v2\/comments?post=96266"}],"version-history":[{"count":0,"href":"https:\/\/www.infokuryr.cz\/n\/wp-json\/wp\/v2\/posts\/96266\/revisions"}],"wp:featuredmedia":[{"embeddable":true,"href":"https:\/\/www.infokuryr.cz\/n\/wp-json\/wp\/v2\/media\/96267"}],"wp:attachment":[{"href":"https:\/\/www.infokuryr.cz\/n\/wp-json\/wp\/v2\/media?parent=96266"}],"wp:term":[{"taxonomy":"category","embeddable":true,"href":"https:\/\/www.infokuryr.cz\/n\/wp-json\/wp\/v2\/categories?post=96266"},{"taxonomy":"post_tag","embeddable":true,"href":"https:\/\/www.infokuryr.cz\/n\/wp-json\/wp\/v2\/tags?post=96266"}],"curies":[{"name":"wp","href":"https:\/\/api.w.org\/{rel}","templated":true}]}}