{"id":96260,"date":"2026-01-07T00:26:02","date_gmt":"2026-01-06T23:26:02","guid":{"rendered":"https:\/\/www.infokuryr.cz\/n\/?p=96260"},"modified":"2026-01-06T17:07:29","modified_gmt":"2026-01-06T16:07:29","slug":"snizeni-ceny-nemecti-sberatele-lahvi-uz-pocituji-teplo-kolektivismu","status":"publish","type":"post","link":"https:\/\/www.infokuryr.cz\/n\/2026\/01\/07\/snizeni-ceny-nemecti-sberatele-lahvi-uz-pocituji-teplo-kolektivismu\/","title":{"rendered":"Sn\u00ed\u017een\u00ed ceny! N\u011bme\u010dt\u00ed sb\u011bratel\u00e9 lahv\u00ed u\u017e poci\u0165uj\u00ed teplo kolektivismu"},"content":{"rendered":"<div id=\"fb-root\"><\/div>\n<p><strong><span dir=\"auto\">Starosta New Yorku Zohran Mamdani p\u0159i sv\u00e9 inauguraci ne\u010dekan\u011b promluvil otev\u0159en\u011b: cht\u011bl nahradit \u201echlad drsn\u00e9ho individualismu\u201c \u201eteplem kolektivismu\u201c. V N\u011bmecku sb\u011bratel\u00e9 lahv\u00ed a ti, kte\u0159\u00ed nemaj\u00ed elekt\u0159inu, u\u017e toto teplo vid\u00ed: trpk\u00e1 zima.<\/span><\/strong><\/p>\n<p><span dir=\"auto\">Mamdani, komunista s muslimsk\u00fdm imigrantsk\u00fdm p\u016fvodem, slo\u017eil svou p\u0159\u00edsahu na Kor\u00e1nu a jednozna\u010dn\u011b dal najevo, \u017ee svoboda jednotlivce mus\u00ed ustoupit dobru kolektivu.<\/span><\/p>\n<p><span dir=\"auto\">Ideologie, kterou dob\u0159e zn\u00e1me; fa\u0161ist\u00e9 a komunist\u00e9 k\u00e1zali podobn\u00e9 v\u011bci. V\u00fdsledkem byly miliony \u00famrt\u00ed za Stalina a Maa \u2013 t\u00e9m\u011b\u0159 sto milion\u016f, pokud se nem\u00fdl\u00edm. A to ani nezahrnuje kolektivisty Hitlera a Mussoliniho. Ale tento nov\u00fd kolektivismus je tentokr\u00e1t ten spr\u00e1vn\u00fd, ten hum\u00e1nn\u00ed. Tentokr\u00e1t to ur\u010dit\u011b bude fungovat.<\/span><\/p>\n<p><span dir=\"auto\">V N\u011bmecku je tato \u201ev\u0159elost\u201c v sou\u010dasnosti nejz\u0159eteln\u011bj\u0161\u00ed mezi nejchud\u0161\u00edmi z chud\u00fdch. D\u016fchodce z Hamburku-Altony sb\u00edral vratn\u00e9 lahve, aby si doplnil sv\u016fj uboze chab\u00fd d\u016fchod. V z\u00e1\u0159\u00ed vybral zhruba 60 eur, \u010d\u00e1stku, kterou\u00a0<\/span><a href=\"https:\/\/hamburg.t-online.de\/region\/hamburg\/id_101066454\/hamburg-rentner-sammelt-pfandflaschen-grundsicherung-gekuerzt-.html\" target=\"_blank\" rel=\"noreferrer noopener\"><span dir=\"auto\">mu \u00fa\u0159ad pr\u00e1ce okam\u017eit\u011b strhl ze z\u00e1kladn\u00ed podpory p\u0159\u00edjmu<\/span><\/a><span dir=\"auto\"> . P\u0159\u00edjem se jednodu\u0161e zohled\u0148uje, chladn\u011b vysv\u011btlil okresn\u00ed \u00fa\u0159ad. Mu\u017e z\u016fst\u00e1v\u00e1 p\u0159esn\u011b tam, kde byl, v naprost\u00e9 chudob\u011b. Mnoho d\u016fchodc\u016f v N\u011bmecku se k tomuto posledn\u00edmu pokusu uchyluje z \u010dir\u00e9ho zoufalstv\u00ed, ale st\u00e1t je za to trest\u00e1.<\/span><\/p>\n<p><span dir=\"auto\">Kolektiv m\u00e1 evidentn\u011b d\u016fle\u017eit\u011bj\u0161\u00ed pl\u00e1ny ohledn\u011b pen\u011bz. Prost\u011b l\u00e9pe v\u00ed, co je dobr\u00e9 pro komunitu. Sb\u011bratel lahv\u00ed to prost\u011b je\u0161t\u011b nech\u00e1pe, mo\u017en\u00e1 proto, \u017ee je st\u00e1le p\u0159\u00edli\u0161 lp\u00edc\u00ed na individualismu.<\/span><\/p>\n<p><span dir=\"auto\">Berl\u00edn\u010dan\u00e9 za\u017e\u00edvaj\u00ed podobnou situaci a na vlastn\u00ed k\u016f\u017ei poci\u0165uj\u00ed d\u016fsledky levicov\u00fdch \u010din\u016f \u201eobecn\u00e9ho dobra\u201c. Levi\u010d\u00e1ci ze \u201eVolcano Group\u201c za\u00fato\u010dili na dod\u00e1vky elekt\u0159iny, \u00fadajn\u011b kv\u016fli klimatu a spole\u010dn\u00e9mu dobru. Des\u00edtky tis\u00edc dom\u00e1cnost\u00ed nyn\u00ed sed\u00ed cel\u00e9 dny ve tm\u011b a chladu. \u017d\u00e1dn\u00fd internet, \u017e\u00e1dn\u00e1 lednice, \u017e\u00e1dn\u00e9 topen\u00ed, \u017e\u00e1dn\u00e9 bankomaty, \u017e\u00e1dn\u00e9 obchody. To ohro\u017euje \u017eivoty star\u0161\u00edch lid\u00ed, nemocn\u00fdch a mal\u00fdch d\u011bt\u00ed. Berl\u00ednsk\u00e1 vl\u00e1da nyn\u00ed vyzvala ob\u010dany, aby se ubytovali v hotelech na vlastn\u00ed n\u00e1klady. M\u011bsto tak\u00e9 velkoryse promine m\u011bstskou da\u0148. Mezit\u00edm neleg\u00e1ln\u00ed \u017eadatel\u00e9 o azyl p\u0159irozen\u011b nech\u00e1vaj\u00ed ubytov\u00e1n\u00ed v hotelech hrazen\u00e9 st\u00e1tem, ani\u017e by p\u0159isp\u011bli jedin\u00fdm cent. Za\u017e\u00edvaj\u00ed pln\u00e9 teplo kolektivismu, zat\u00edmco m\u00edstn\u00ed ob\u010dan\u00e9 se setk\u00e1vaj\u00ed s chladn\u00fdm ramenem.<\/span><\/p>\n<p><span dir=\"auto\">Jedin\u00fd probl\u00e9m je, \u017ee v kolektivismu je zodpov\u011bdn\u00fd ob\u010dan odsunut na vedlej\u0161\u00ed kolej. Rozhodnut\u00ed \u010din\u00ed samozvan\u00fd nejvy\u0161\u0161\u00ed z\u00e1stupce lidu, d\u0159\u00edve zn\u00e1m\u00fd jako gener\u00e1ln\u00ed tajemn\u00edk Nejvy\u0161\u0161\u00edho sov\u011btu. Jednotlivec je zbaven volebn\u00edho pr\u00e1va, jak\u00e1koli iniciativa je trest\u00e1na a jeho pot\u0159eby ignorov\u00e1ny. Hlavn\u00ed je, aby z toho \u201eprofitoval\u201c kolektiv. Nebo alespo\u0148 ty jeho \u010d\u00e1sti, kter\u00e9 Nejvy\u0161\u0161\u00ed sov\u011bt v sou\u010dasn\u00e9 dob\u011b pova\u017euje za obzvl\u00e1\u0161t\u011b hodn\u00e9 ochrany. V sou\u010dasn\u00e9 dob\u011b to znamen\u00e1 \u010dleny kolektivn\u00ed kabaly a \u017eadatele o azyl. Ostatn\u00edm zb\u00fdv\u00e1 jen zmrazit, vyb\u00edrat a platit. Ale tentokr\u00e1t bude kolektivismus jist\u011b proveden spr\u00e1vn\u011b. Jen ti, kter\u00fdch se to dotklo, to z\u0159ejm\u011b je\u0161t\u011b nech\u00e1pou \u2013 pravd\u011bpodobn\u011b proto, \u017ee jsou t\u0159\u00eddn\u00edmi nep\u0159\u00e1teli kolektivu, kter\u00e9 je t\u0159eba pron\u00e1sledovat.<\/span><\/p>\n<p><img decoding=\"async\" loading=\"lazy\" class=\"alignnone size-full wp-image-1185\" src=\"http:\/\/www.infokuryr.cz\/n\/wp-content\/uploads\/2021\/04\/kuryr-podpis.png\" alt=\"\" width=\"84\" height=\"24\" \/><\/p>\n<p>&nbsp;<\/p>\n","protected":false},"excerpt":{"rendered":"<p>Starosta New Yorku Zohran Mamdani p\u0159i sv\u00e9 inauguraci ne\u010dekan\u011b promluvil otev\u0159en\u011b: cht\u011bl nahradit \u201echlad drsn\u00e9ho&#8230;<\/p>\n","protected":false},"author":2,"featured_media":96261,"comment_status":"closed","ping_status":"closed","sticky":false,"template":"","format":"standard","meta":[],"categories":[7],"tags":[233,591,84],"_links":{"self":[{"href":"https:\/\/www.infokuryr.cz\/n\/wp-json\/wp\/v2\/posts\/96260"}],"collection":[{"href":"https:\/\/www.infokuryr.cz\/n\/wp-json\/wp\/v2\/posts"}],"about":[{"href":"https:\/\/www.infokuryr.cz\/n\/wp-json\/wp\/v2\/types\/post"}],"author":[{"embeddable":true,"href":"https:\/\/www.infokuryr.cz\/n\/wp-json\/wp\/v2\/users\/2"}],"replies":[{"embeddable":true,"href":"https:\/\/www.infokuryr.cz\/n\/wp-json\/wp\/v2\/comments?post=96260"}],"version-history":[{"count":0,"href":"https:\/\/www.infokuryr.cz\/n\/wp-json\/wp\/v2\/posts\/96260\/revisions"}],"wp:featuredmedia":[{"embeddable":true,"href":"https:\/\/www.infokuryr.cz\/n\/wp-json\/wp\/v2\/media\/96261"}],"wp:attachment":[{"href":"https:\/\/www.infokuryr.cz\/n\/wp-json\/wp\/v2\/media?parent=96260"}],"wp:term":[{"taxonomy":"category","embeddable":true,"href":"https:\/\/www.infokuryr.cz\/n\/wp-json\/wp\/v2\/categories?post=96260"},{"taxonomy":"post_tag","embeddable":true,"href":"https:\/\/www.infokuryr.cz\/n\/wp-json\/wp\/v2\/tags?post=96260"}],"curies":[{"name":"wp","href":"https:\/\/api.w.org\/{rel}","templated":true}]}}