{"id":96259,"date":"2026-01-07T00:25:50","date_gmt":"2026-01-06T23:25:50","guid":{"rendered":"https:\/\/www.infokuryr.cz\/n\/?p=96259"},"modified":"2026-01-06T12:01:38","modified_gmt":"2026-01-06T11:01:38","slug":"jiri-paroubek-kdo-opravdu-stal-za-vybuchy-ve-vrbeticich","status":"publish","type":"post","link":"https:\/\/www.infokuryr.cz\/n\/2026\/01\/07\/jiri-paroubek-kdo-opravdu-stal-za-vybuchy-ve-vrbeticich\/","title":{"rendered":"Ji\u0159\u00ed Paroubek: Kdo opravdu st\u00e1l za v\u00fdbuchy ve Vrb\u011btic\u00edch?"},"content":{"rendered":"<div id=\"fb-root\"><\/div>\n<p><strong>V\u00e1clav Moravec ve sv\u00e9m diskuzn\u00edm po\u0159adu v ned\u011bli otev\u0159el jeden probl\u00e9m tak, aby podle mo\u017enosti vytvo\u0159il prostor pro koali\u010dn\u00ed roztr\u017eku. To se mu na\u0161t\u011bst\u00ed tak \u00fapln\u011b nepoda\u0159ilo.<\/strong><\/p>\n<p style=\"font-weight: 400;\">O co \u0161lo? Moravec se vr\u00e1til ke star\u00e9mu v\u00fdroku p\u0159edsedy poslaneck\u00e9ho klubu SPD Radima Fialy. Ten \u00a0se vyj\u00e1d\u0159il, \u017ee nen\u00ed jist\u00e9, \u017ee by za v\u00fdbuchy ve Vrb\u011btic\u00edch st\u00e1li opravdu Rusov\u00e9. Tento v\u00fdrok Radima Fialy z\u00e1hy negovali minist\u0159i za hnut\u00ed ANO. Pochopiteln\u011b. Jsou loaj\u00e1ln\u00ed ke sv\u00e9mu \u0161\u00e9fovi a je to tak spr\u00e1vn\u00e9. Nebo\u0165 Andrej Babi\u0161 to byl, jako premi\u00e9r a tak\u00e9 Jan Ham\u00e1\u010dek, jako ministr vnitra, kdo na z\u00e1klad\u011b\u00a0 &#8222;d\u016fvodn\u00e9ho podez\u0159en\u00ed&#8220; zprefabrikovan\u00e9ho \u010desk\u00fdmi zpravodajci, ozna\u010dili Rusy, tedy jejich zpravodajsk\u00e9 slu\u017eby, za autory v\u00fdbuch\u016f ve Vrb\u011btic\u00edch.<\/p>\n<p style=\"font-weight: 400;\">Ty v\u00fdbuchy skon\u010dily, mimo dal\u0161\u00edch rozs\u00e1hl\u00fdch \u0161kod, tak\u00e9 smrt\u00ed dvou zam\u011bstnanc\u016f firmy, kter\u00e1 spravovala v t\u00e9 dob\u011b vrb\u011btick\u00fd are\u00e1l.<\/p>\n<p style=\"font-weight: 400;\">D\u016fkazy pro toto tvrzen\u00ed, nahrazen\u00e9 &#8222;d\u016fvodn\u00fdm podez\u0159en\u00edm&#8220;, nebyly nikdy \u010desk\u00e9 ve\u0159ejnosti p\u0159edlo\u017eeny. Ze zji\u0161t\u011bn\u00ed zpravodajc\u016f se stal axiom, tedy tvrzen\u00ed, o kter\u00e9m se nem\u00e1, ba nesm\u00ed, pochybovat. A takto to stav\u00ed i protivl\u00e1dn\u00ed mainstreamov\u00e1 m\u00e9dia a trapn\u00e1 opozice.<\/p>\n<p style=\"font-weight: 400;\">Vl\u00e1dn\u00ed strany se jist\u011b nebudou vracet k t\u00e9to ot\u00e1zce, kter\u00e1 je m\u016f\u017ee rozd\u011blovat. Nicm\u00e9n\u011b, \u010desk\u00e1 ve\u0159ejnost by si zaslou\u017eila, aby se dozv\u011bd\u011bla, jak to opravdu s t\u011bmito v\u00fdbuchy bylo. Na\u0161e zpravodajsk\u00e9 slu\u017eby by m\u011bly d\u00e1t d\u016fkazy na st\u016fl. Tedy, jasn\u00e9 d\u016fkazy. A jenom p\u0159ipom\u00edn\u00e1m, \u017ee \u010cesk\u00e1 policie pod z\u00e1minkou, \u017ee rusk\u00e1 strana nechce spolupracovat na objasn\u011bn\u00ed cel\u00e9ho p\u0159\u00edpadu, kauzu odlo\u017eila. Jinak\u00a0\u00a0\u0159e\u010deno, ta &#8222;d\u016fvodn\u00e1 podez\u0159en\u00ed&#8220;, o nich\u017e se hovo\u0159ilo v dob\u011b, kdy Babi\u0161ova vl\u00e1da\u00a0\u00a0vymis\u0165ovala rusk\u00e9 diplomaty\u00a0\u00a0&#8211; \u00fadajn\u00e9 \u0161piony &#8211; z republiky b\u011bhem 48 hodin, asi nebyly tak siln\u00e9. Tedy tak, aby policie na jejich z\u00e1klad\u011b mohla vydat mezin\u00e1rodn\u00ed zatyka\u010de na konkr\u00e9tn\u00ed osoby. Na konkr\u00e9tn\u00ed osoby, kter\u00e9 zavinily tento incident, tyto v\u00fdbuchy. Osoby, kter\u00e9 by m\u011bly stanout p\u0159ed \u010desk\u00fdm soudem. Tak, aby se cel\u00fd p\u0159\u00edpad opravdu uzav\u0159el. Pokud se tak nestane a p\u0159ipom\u00edn\u00e1m, \u017ee vin\u00edci, a\u0165 u\u017e to jsou Rusov\u00e9 nebo Eskym\u00e1ci, by m\u011bli b\u00fdt souzeni na z\u00e1klad\u011b d\u016fkaz\u016f. Jinak z\u016fst\u00e1v\u00e1 cel\u00e1 v\u011bc na vod\u011b a nev\u011brohodn\u00e1. V tom se d\u00e1 s R. Fialou souhlasit.<\/p>\n<p style=\"font-weight: 400;\">Tak\u017ee, je\u0161t\u011b jednou opakuji: d\u016fkazy na st\u016fl a soud s vin\u00edky v\u00fdbuch\u016f. To je jedin\u00e1 v\u011brohodn\u00e1 cesta, jak celou kauzu uzav\u0159\u00edt. Babi\u0161ova vl\u00e1da tedy p\u0159ed lety asi m\u011bla b\u00fdt k\u00a0\u00a0&#8222;d\u016fvodn\u00fdm podez\u0159en\u00edm&#8220; \u010desk\u00fdch zpravodajc\u016f zdr\u017eenliv\u011bj\u0161\u00ed&#8230;Tedy, jedn\u00e1 se nejsp\u00ed\u0161 o dal\u0161\u00ed Koudelk\u016fv pomn\u00edk.<\/p>\n<p><a href=\"https:\/\/vasevec.info\/domaci-politika\/kdo-opravdu-stal-za-vybuchy-ve-vrbeticich\">Ji\u0159\u00ed Paroubek<\/a><\/p>\n<p><img decoding=\"async\" loading=\"lazy\" class=\"alignnone size-medium wp-image-2342\" src=\"http:\/\/www.infokuryr.cz\/n\/wp-content\/uploads\/2021\/06\/paroubek-300x208.jpg\" alt=\"\" width=\"300\" height=\"208\" srcset=\"https:\/\/www.infokuryr.cz\/n\/wp-content\/uploads\/2021\/06\/paroubek-300x208.jpg 300w, https:\/\/www.infokuryr.cz\/n\/wp-content\/uploads\/2021\/06\/paroubek.jpg 318w\" sizes=\"(max-width: 300px) 100vw, 300px\" \/><\/p>\n<p>&nbsp;<\/p>\n","protected":false},"excerpt":{"rendered":"<p>V\u00e1clav Moravec ve sv\u00e9m diskuzn\u00edm po\u0159adu v ned\u011bli otev\u0159el jeden probl\u00e9m tak, aby podle mo\u017enosti&#8230;<\/p>\n","protected":false},"author":2,"featured_media":8484,"comment_status":"closed","ping_status":"closed","sticky":false,"template":"","format":"standard","meta":[],"categories":[6],"tags":[146,1503,145],"_links":{"self":[{"href":"https:\/\/www.infokuryr.cz\/n\/wp-json\/wp\/v2\/posts\/96259"}],"collection":[{"href":"https:\/\/www.infokuryr.cz\/n\/wp-json\/wp\/v2\/posts"}],"about":[{"href":"https:\/\/www.infokuryr.cz\/n\/wp-json\/wp\/v2\/types\/post"}],"author":[{"embeddable":true,"href":"https:\/\/www.infokuryr.cz\/n\/wp-json\/wp\/v2\/users\/2"}],"replies":[{"embeddable":true,"href":"https:\/\/www.infokuryr.cz\/n\/wp-json\/wp\/v2\/comments?post=96259"}],"version-history":[{"count":0,"href":"https:\/\/www.infokuryr.cz\/n\/wp-json\/wp\/v2\/posts\/96259\/revisions"}],"wp:featuredmedia":[{"embeddable":true,"href":"https:\/\/www.infokuryr.cz\/n\/wp-json\/wp\/v2\/media\/8484"}],"wp:attachment":[{"href":"https:\/\/www.infokuryr.cz\/n\/wp-json\/wp\/v2\/media?parent=96259"}],"wp:term":[{"taxonomy":"category","embeddable":true,"href":"https:\/\/www.infokuryr.cz\/n\/wp-json\/wp\/v2\/categories?post=96259"},{"taxonomy":"post_tag","embeddable":true,"href":"https:\/\/www.infokuryr.cz\/n\/wp-json\/wp\/v2\/tags?post=96259"}],"curies":[{"name":"wp","href":"https:\/\/api.w.org\/{rel}","templated":true}]}}