{"id":96256,"date":"2026-01-07T00:19:23","date_gmt":"2026-01-06T23:19:23","guid":{"rendered":"https:\/\/www.infokuryr.cz\/n\/?p=96256"},"modified":"2026-01-06T11:55:47","modified_gmt":"2026-01-06T10:55:47","slug":"erik-best-prukopnik-okamura","status":"publish","type":"post","link":"https:\/\/www.infokuryr.cz\/n\/2026\/01\/07\/erik-best-prukopnik-okamura\/","title":{"rendered":"Erik Best: Pr\u016fkopn\u00edk Okamura"},"content":{"rendered":"<div id=\"fb-root\"><\/div>\n<p>Opozice veden\u00e1 Andrejem Babi\u0161em v\u00a0\u0159\u00edjnu vyhr\u00e1la parlamentn\u00ed volby, av\u0161ak nov\u00e1 opozice, neofici\u00e1ln\u011b veden\u00e1 Martinem Kupkou \u010di Petrem Pavlem, m\u00e1 st\u00e1le sympatie mainstreamov\u00fdch m\u00e9di\u00ed, v\u010detn\u011b \u010cesk\u00e9 televize a\u00a0\u010cesk\u00e9ho rozhlasu.<\/p>\n<p>Babi\u0161 si je toho v\u011bdom a\u00a0d\u011bl\u00e1 v\u0161e pro to, aby se vyhnul st\u0159et\u016fm. To je opak\u00a0<a href=\"https:\/\/www.poynter.org\/reporting-editing\/2025\/united-states-press-freedom-donald-trump\/\" target=\"_blank\" rel=\"noopener\">jedn\u00e1n\u00ed ne\u00fastupn\u00e9ho Donalda Trumpa sm\u011brem k\u00a0nep\u0159\u00e1telsk\u00fdm m\u00e9di\u00edm<\/a>, p\u0159esto\u017ee jeho MAGA program a\u00a0Babi\u0161ovo \u201e\u010cesko na prvn\u00edm m\u00edst\u011b\u201c jsou v\u00a0mnoha ohledech\u00a0<a href=\"https:\/\/www.fsfinalword.cz\/?page=archive&amp;show=1&amp;day=2026-1-2\" target=\"_blank\" rel=\"noopener\">na stejn\u00e9 vln\u011b<\/a>.<\/p>\n<p>Je to v\u0161ak sp\u00ed\u0161e p\u0159edseda Sn\u011bmovny Tomio Okamura z\u00a0hnut\u00ed SPD, kdo v\u00a0medi\u00e1ln\u00edm prostoru zastupuje roli Trumpa nebo viceprezidenta J. D. Vance. T\u00f3n a\u00a0mnoh\u00e9 kontroverzn\u00ed prvky Okamurova\u00a0<a href=\"https:\/\/www.youtube.com\/watch?v=Qs8whrFfhtU\" target=\"_blank\" rel=\"noopener\">novoro\u010dn\u00edho projevu<\/a>\u00a0vedou pr\u00e1v\u011b k\u00a0Trumpovi nebo Vanceovi, v\u010detn\u011b odkazu na\u00a0<a href=\"https:\/\/www.youtube.com\/watch?v=-Ijn-W6VAPw&amp;t=1047s\" target=\"_blank\" rel=\"noopener\">t\u0159et\u00ed sv\u011btovou v\u00e1lku<\/a>.<\/p>\n<p>Okamura si libuje v\u00a0pobou\u0159en\u00ed, kter\u00e9 vyvol\u00e1v\u00e1, a\u00a0Babi\u0161 z\u00a0toho t\u011b\u017e\u00ed tak\u00e9. S\u00a0Okamurou v\u00a0pozici pr\u016fkopn\u00edka bude moci Babi\u0161 postupn\u011b zvy\u0161ovat hlasitost vlastn\u00edho projevu, jak si \u010desk\u00e1 spole\u010dnost bude zvykat na to, o\u00a0co jeho koalice usiluje.<\/p>\n<p><a href=\"https:\/\/www.fsfinalword.cz\/?page=archive&amp;day=2026-01-06&amp;utm_source=utm_source%3Dnewsletter&amp;utm_medium=utm_medium%3De-mail&amp;utm_campaign=utm_campaign%3Dfinal_word_6.1.2026\">Erik Best<\/a><\/p>\n<p><img decoding=\"async\" loading=\"lazy\" class=\"alignnone wp-image-1179\" src=\"http:\/\/www.infokuryr.cz\/n\/wp-content\/uploads\/2021\/04\/erik-best.jpg\" alt=\"\" width=\"109\" height=\"123\" \/><\/p>\n<p>&nbsp;<\/p>\n","protected":false},"excerpt":{"rendered":"<p>Opozice veden\u00e1 Andrejem Babi\u0161em v\u00a0\u0159\u00edjnu vyhr\u00e1la parlamentn\u00ed volby, av\u0161ak nov\u00e1 opozice, neofici\u00e1ln\u011b veden\u00e1 Martinem Kupkou&#8230;<\/p>\n","protected":false},"author":2,"featured_media":91578,"comment_status":"closed","ping_status":"closed","sticky":false,"template":"","format":"standard","meta":[],"categories":[6],"tags":[126,1503,158,1317],"_links":{"self":[{"href":"https:\/\/www.infokuryr.cz\/n\/wp-json\/wp\/v2\/posts\/96256"}],"collection":[{"href":"https:\/\/www.infokuryr.cz\/n\/wp-json\/wp\/v2\/posts"}],"about":[{"href":"https:\/\/www.infokuryr.cz\/n\/wp-json\/wp\/v2\/types\/post"}],"author":[{"embeddable":true,"href":"https:\/\/www.infokuryr.cz\/n\/wp-json\/wp\/v2\/users\/2"}],"replies":[{"embeddable":true,"href":"https:\/\/www.infokuryr.cz\/n\/wp-json\/wp\/v2\/comments?post=96256"}],"version-history":[{"count":0,"href":"https:\/\/www.infokuryr.cz\/n\/wp-json\/wp\/v2\/posts\/96256\/revisions"}],"wp:featuredmedia":[{"embeddable":true,"href":"https:\/\/www.infokuryr.cz\/n\/wp-json\/wp\/v2\/media\/91578"}],"wp:attachment":[{"href":"https:\/\/www.infokuryr.cz\/n\/wp-json\/wp\/v2\/media?parent=96256"}],"wp:term":[{"taxonomy":"category","embeddable":true,"href":"https:\/\/www.infokuryr.cz\/n\/wp-json\/wp\/v2\/categories?post=96256"},{"taxonomy":"post_tag","embeddable":true,"href":"https:\/\/www.infokuryr.cz\/n\/wp-json\/wp\/v2\/tags?post=96256"}],"curies":[{"name":"wp","href":"https:\/\/api.w.org\/{rel}","templated":true}]}}