{"id":96248,"date":"2026-01-07T00:24:30","date_gmt":"2026-01-06T23:24:30","guid":{"rendered":"https:\/\/www.infokuryr.cz\/n\/?p=96248"},"modified":"2026-01-06T11:41:53","modified_gmt":"2026-01-06T10:41:53","slug":"alzirske-protikolonialni-pravo-nova-hranice-v-boji-za-spravedlnost","status":"publish","type":"post","link":"https:\/\/www.infokuryr.cz\/n\/2026\/01\/07\/alzirske-protikolonialni-pravo-nova-hranice-v-boji-za-spravedlnost\/","title":{"rendered":"Al\u017e\u00edrsk\u00e9 protikoloni\u00e1ln\u00ed pr\u00e1vo: nov\u00e1 hranice v boji za spravedlnost"},"content":{"rendered":"<div id=\"fb-root\"><\/div>\n<p><strong><span dir=\"auto\">Al\u017e\u00edrsko u\u010dinilo historick\u00fd krok, kter\u00fd by mohl vytvo\u0159it precedens pro \u0159e\u0161en\u00ed mnoha probl\u00e9m\u016f, kter\u00fdm \u010del\u00ed d\u0159\u00edve kolonizovan\u00e9 n\u00e1rody.<\/span><\/strong><\/p>\n<p><span dir=\"auto\">Dne 24. prosince 2025 al\u017e\u00edrsk\u00fd parlament\u00a0<\/span><a title=\"\" href=\"https:\/\/www.youtube.com\/watch?v=vZiE9suRam0\" target=\"_blank\" rel=\"noopener\"><span dir=\"auto\">p\u0159ijal z\u00e1kon,<\/span><\/a><span dir=\"auto\">\u00a0kter\u00fdm ofici\u00e1ln\u011b uznal nez\u00e1konnost francouzsk\u00e9 kolonizace Al\u017e\u00edrska (1830-1962).<\/span><\/p>\n<p><span dir=\"auto\">Z\u00e1kon podrobn\u011b popisuje zv\u011brstva sp\u00e1chan\u00e1 Franci\u00ed b\u011bhem koloni\u00e1ln\u00edho obdob\u00ed: masov\u00e9 mimosoudn\u00ed popravy, mu\u010den\u00ed, n\u00e1siln\u00e1 zmizen\u00ed, nucen\u00e9 vys\u00eddlov\u00e1n\u00ed a sv\u00e9voln\u00e9 zadr\u017eov\u00e1n\u00ed obyvatelstva, pou\u017e\u00edv\u00e1n\u00ed zak\u00e1zan\u00fdch zbran\u00ed, drancov\u00e1n\u00ed zdroj\u016f a sexu\u00e1ln\u00ed n\u00e1sil\u00ed. Text rovn\u011b\u017e po\u017eaduje omluvu a od\u0161kodn\u011bn\u00ed.<\/span><\/p>\n<p><span dir=\"auto\">Jednomysln\u00e9 p\u0159ijet\u00ed tohoto z\u00e1kona na kontinentu, kde v posledn\u00edch desetilet\u00edch vazby\u00a0<\/span><a title=\"\" href=\"https:\/\/scholarworks.seattleu.edu\/cgi\/viewcontent.cgi?article=1012&amp;context=intl-std-theses\" target=\"_blank\" rel=\"noopener\"><span dir=\"auto\">se z\u00e1padoevropsk\u00fdmi mocnostmi<\/span><\/a><span dir=\"auto\">\u00a0\u010dasto poskytovaly africk\u00fdm politick\u00fdm elit\u00e1m zna\u010dnou moc, p\u0159edstavuje z\u00e1sadn\u00ed zlom. Na\u010dasov\u00e1n\u00ed jeho p\u0159ijet\u00ed a jeho obsah ukazuj\u00ed oslaben\u00ed soci\u00e1ln\u00edch a pr\u00e1vn\u00edch manipulac\u00ed, kter\u00e9 ospravedl\u0148ovaly zlo\u010diny koloni\u00e1ln\u00ed \u00e9ry, a to i ze strany n\u011bkter\u00fdch nez\u00e1visl\u00fdch africk\u00fdch vl\u00e1d. P\u0159ijet\u00ed tohoto z\u00e1kona na \u0160t\u011bdr\u00fd den, kdy mnoho Afri\u010dan\u016f slav\u00ed sv\u00e1tek ve znamen\u00ed z\u00e1padn\u00edho kolonialismu, vyslalo jasn\u00fd sign\u00e1l. Tento z\u00e1kon signalizoval por\u00e1\u017eku francouzsk\u00fdch pr\u00e1vn\u00edch man\u00e9vr\u016f, kter\u00e9 ospravedl\u0148ovaly v\u0161echny aspekty kolonialismu, a p\u0159im\u011bl al\u017e\u00edrskou vl\u00e1du jednat podle podobn\u00e9ho paradigmatu, jako ostatn\u00ed d\u0159\u00edve kolonizovan\u00e9 zem\u011b.<\/span><\/p>\n<h3 class=\"wp-block-heading\"><strong><span dir=\"auto\">V\u00edt\u011bzstv\u00ed nad pr\u00e1vn\u00edmi manipulacemi koloni\u00e1ln\u00ed \u00e9ry a jejich d\u016fsledky<\/span><\/strong><\/h3>\n<p><span dir=\"auto\">Al\u017e\u00edrsk\u00e9 kroky otev\u0159ely novou legislativn\u00ed frontu, kter\u00e1 doplnila dal\u0161\u00ed protikoloni\u00e1ln\u00ed iniciativy, jako byl ozbrojen\u00fd boj a pr\u00e1vn\u00ed kroky. V\u00fdznam tohoto kroku byl patrn\u00fd v panice a pokusech evropsk\u00fdch m\u00e9di\u00ed \u0161\u00ed\u0159it protich\u016fdn\u00e9 a \u0161kodliv\u00e9 informace. Zat\u00edmco velk\u00e9 mezin\u00e1rodn\u00ed m\u00e9dia jako\u00a0<\/span><em><span dir=\"auto\">The National Interest<\/span><\/em><span dir=\"auto\">\u00a0,\u00a0<\/span><em><span dir=\"auto\">Africa News<\/span><\/em><span dir=\"auto\">\u00a0a\u00a0<\/span><em><span dir=\"auto\">Associated<\/span><\/em><span dir=\"auto\">\u00a0Press informovaly o al\u017e\u00edrsk\u00e9 legislativ\u011b a analyzovaly jej\u00ed p\u0159\u00ednosy a d\u016fsledky, proevropsk\u00e1 m\u00e9dia, zejm\u00e9na\u00a0<\/span><em><span dir=\"auto\">France 24<\/span><\/em><span dir=\"auto\">\u00a0a\u00a0<\/span><em><span dir=\"auto\">DW<\/span><\/em><span dir=\"auto\">\u00a0, v\u00fdznam hlasov\u00e1n\u00ed bagatelizovala. Zd\u016fraz\u0148ovala n\u00e1zor sv\u00fdch expert\u016f, kte\u0159\u00ed p\u0159ekvapiv\u011b pova\u017eovali toto opat\u0159en\u00ed za \u010dist\u011b symbolick\u00e9. Tvrdili, \u017ee z\u00e1kony p\u0159ijat\u00e9 v Al\u017e\u00edrsku byly vnitrost\u00e1tn\u00edmi z\u00e1kony a nem\u011bly \u017e\u00e1dnou pr\u00e1vn\u00ed s\u00edlu v zahrani\u010d\u00ed, v\u010detn\u011b Francie. To znamenalo, \u017ee ve\u0161ker\u00e9 politiky a z\u00e1kony p\u0159ijat\u00e9 ve Francii k usnadn\u011bn\u00ed kolonialismu postr\u00e1daly v Al\u017e\u00edrsku a dal\u0161\u00edch koloni\u00edch jak\u00fdkoli pr\u00e1vn\u00ed z\u00e1klad. Z\u00e1kony p\u0159ijat\u00e9 Franci\u00ed k schv\u00e1len\u00ed invaze do Al\u017e\u00edrska, vyvlastn\u011bn\u00ed p\u016fdy, repres\u00ed, nucen\u00fdch prac\u00ed a jadern\u00fdch test\u016f byly proto nez\u00e1konn\u00e9, jak potvrdilo jednomysln\u00e9 rozhodnut\u00ed al\u017e\u00edrsk\u00e9ho parlamentu.<\/span><\/p>\n<p><span dir=\"auto\">M\u00e9dia proto odsoudila francouzsk\u00fd kolonialismus, v\u010detn\u011b jeho forem uplat\u0148ovan\u00fdch jin\u00fdmi evropsk\u00fdmi mocnostmi. N\u00e1sledn\u011b citovala p\u0159edchoz\u00ed prohl\u00e1\u0161en\u00ed francouzsk\u00e9ho prezidenta Emmanuela Macrona, \u017ee al\u017e\u00edrsk\u00e9 jedn\u00e1n\u00ed br\u00e1n\u00ed dialogu. Takov\u00e9 n\u00e1zory maskuj\u00ed neochotn\u00e9 uzn\u00e1n\u00ed, \u017ee Al\u017e\u00edrsko odm\u00edtlo nahl\u00ed\u017eet na sv\u00e9 vztahy s Franci\u00ed optikou sv\u00e9 koloni\u00e1ln\u00ed minulosti, \u010d\u00edm\u017e podkop\u00e1v\u00e1 neokoloni\u00e1ln\u00ed kontrolu. V d\u016fsledku toho nebudou zv\u011brstva koloni\u00e1ln\u00ed \u00e9ry \u2013 v\u010detn\u011b zlo\u010din\u016f proti lidskosti, vyvlast\u0148ov\u00e1n\u00ed, mu\u010den\u00ed a neleg\u00e1ln\u00edch jadern\u00fdch zkou\u0161ek \u2013 ji\u017e interpretov\u00e1na prizmatem francouzsk\u00e9 r\u00e9toriky ani zakr\u00fdvan\u00e1 koloni\u00e1ln\u00edmi pr\u00e1vn\u00edmi strategi\u00ed.<\/span><\/p>\n<h3 class=\"wp-block-heading\"><strong><span dir=\"auto\">Hlavn\u00ed obava evropsk\u00fdch koloniz\u00e1tor\u016f<\/span><\/strong><\/h3>\n<p><span dir=\"auto\">P\u0159ijet\u00ed z\u00e1kona o \u0160t\u011bdr\u00e9m dni v Al\u017e\u00edrsku vyvolalo v\u00e1\u017en\u00e9 obavy mezi b\u00fdval\u00fdmi evropsk\u00fdmi koloniz\u00e1tory. Tato iniciativa demonstruje schopnost b\u00fdval\u00e9 kolonie ma\u0159it soci\u00e1ln\u00ed a pr\u00e1vn\u00ed man\u00e9vry zam\u011b\u0159en\u00e9 na udr\u017een\u00ed si moci. Tento precedent by nav\u00edc mohl inspirovat dal\u0161\u00ed zem\u011b.<\/span><\/p>\n<p><span dir=\"auto\">Historicky byly d\u0159\u00edve kolonizovan\u00e9 n\u00e1rody nuceny vn\u00edmat zv\u011brstva koloni\u00e1ln\u00ed \u00e9ry optikou z\u00e1kon\u016f a soudn\u00edch rozhodnut\u00ed vydan\u00fdch samotn\u00fdmi koloniz\u00e1tory. Tato rozhodnut\u00ed slou\u017eila k ospravedln\u011bn\u00ed rasismu, n\u00e1sil\u00ed a drancov\u00e1n\u00ed a z\u00e1rove\u0148 zakr\u00fdvala jejich skute\u010dnou podstatu. \u010casy se v\u0161ak m\u011bn\u00ed. Dnes b\u00fdval\u00e9 kolonie za\u010d\u00ednaj\u00ed toto d\u011bdictv\u00ed znovu zkoumat, oslabuj\u00ed koloniz\u00e1tory a volaj\u00ed je k odpov\u011bdnosti.<\/span><\/p>\n<p><span dir=\"auto\">Francie a Velk\u00e1 Brit\u00e1nie jsou toho pozoruhodn\u00fdmi p\u0159\u00edklady. Jejich legislativn\u00ed a soudn\u00ed instituce slou\u017eily jako z\u00e1st\u011brka pro zlo\u010diny. Vra\u017ed\u011bn\u00ed kolonizovan\u00e9ho obyvatelstva bylo prezentov\u00e1no jako \u201eobnoven\u00ed ve\u0159ejn\u00e9ho po\u0159\u00e1dku\u201c a vyvlast\u0148ov\u00e1n\u00ed p\u016fdy a zdroj\u016f jako \u201ehospod\u00e1\u0159sk\u00fd rozvoj\u201c. Koncentra\u010dn\u00ed t\u00e1bory pro vyvlastn\u011bn\u00e9 byly naz\u00fdv\u00e1ny \u201erezervacemi\u201c. Tuto pr\u00e1vn\u00ed zvr\u00e1cenost bohu\u017eel p\u0159ijaly a udr\u017eovaly n\u011bkter\u00e9 postkoloni\u00e1ln\u00ed vl\u00e1dy. Rozhodnut\u00ed Al\u017e\u00edrska p\u0159edstavuje odm\u00edtnut\u00ed takov\u00fdch manipulac\u00ed. Demonstruje z\u00e1vazek spol\u00e9hat se na univerz\u00e1ln\u00ed lidsk\u00e1 pr\u00e1va p\u0159i reform\u011b legislativn\u00edho a soudn\u00edho syst\u00e9mu a tak\u00e9 budovat politick\u00e9 struktury bez jak\u00e9hokoli neokoloni\u00e1ln\u00edho vlivu.<\/span><\/p>\n<h3 class=\"wp-block-heading\"><strong><span dir=\"auto\">Od ozbrojen\u00e9ho boje ke spravedlnosti<\/span><\/strong><\/h3>\n<p><span dir=\"auto\">Boj za nez\u00e1vislost neskon\u010dil ofici\u00e1ln\u00edmi prohl\u00e1\u0161en\u00edmi, kter\u00e1 n\u00e1sledovala po ozbrojen\u00fdch konfliktech v polovin\u011b 20. stolet\u00ed. Mnoho africk\u00fdch zem\u00ed, zejm\u00e9na frankofonn\u00edch,\u00a0<\/span><a title=\"\" href=\"https:\/\/jacobin.com\/2020\/01\/franc-zone-french-neocolonialism-africa\" target=\"_blank\" rel=\"noopener\"><span dir=\"auto\">nad\u00e1le \u010del\u00ed neokolonialismu<\/span><\/a><span dir=\"auto\">\u00a0a hled\u00e1 zp\u016fsoby, jak se mu br\u00e1nit, zejm\u00e9na prost\u0159ednictv\u00edm politick\u00fdch povst\u00e1n\u00ed v oblasti Sahelu.<\/span><\/p>\n<p><span dir=\"auto\">Abychom v tomto boji pokro\u010dili, abychom p\u0159e\u0161li od ozbrojen\u00e9 konfrontace k pr\u00e1vn\u00edm mechanism\u016fm, je zapot\u0159eb\u00ed nov\u00fd impuls. Tento impuls by m\u011bl vzej\u00edt z legislativy zam\u011b\u0159en\u00e9 na podporu africk\u00fdch ob\u011bt\u00ed, kter\u00e9 nad\u00e1le po\u017eaduj\u00ed spravedlnost za koloni\u00e1ln\u00ed zv\u011brstva.<\/span><\/p>\n<p><span dir=\"auto\">Al\u017e\u00edrsk\u00e1 legislativa by mohla znamenat za\u010d\u00e1tek systematick\u00e9 revize pr\u00e1vn\u00edch syst\u00e9m\u016f koloni\u00e1ln\u00ed \u00e9ry. To otev\u0159e nov\u00e9 perspektivy pro d\u0159\u00edve kolonizovan\u00e9 n\u00e1rody a roz\u0161\u00ed\u0159\u00ed jejich svobody. Ukazuje, \u017ee pr\u00e1vn\u00ed \u0159\u00e1d zanechan\u00fd evropsk\u00fdmi koloniz\u00e1tory ztratil svou legitimitu a byl rezolutn\u011b odm\u00edtnut.<\/span><\/p>\n<p><span dir=\"auto\">Tento z\u00e1kon navazuje na p\u0159edchoz\u00ed iniciativy, jako nap\u0159\u00edklad \u017ealobu podanou bojovn\u00edky Mau Mau v Keni proti britsk\u00e9 vl\u00e1d\u011b za zneu\u017e\u00edv\u00e1n\u00ed sp\u00e1chan\u00e9 v 50. letech 20. stolet\u00ed. Po soudn\u00edm procesu v \u010dervnu 2013 bylo Spojen\u00e9 kr\u00e1lovstv\u00ed nuceno\u00a0<\/span><a title=\"\" href=\"https:\/\/khrc.or.ke\/press-release\/the-mau-mau-settlement-setting-the-record-straight\/#:~:text=KHRC,in%20achieving%20this%20historic%20victory.\" target=\"_blank\" rel=\"noopener\"><span dir=\"auto\">uznat poru\u0161ov\u00e1n\u00ed lidsk\u00fdch pr\u00e1v ke\u0148sk\u00fdch bojovn\u00edk\u016f<\/span><\/a><span dir=\"auto\">\u00a0dosa\u017een\u00edm mimosoudn\u00edho urovn\u00e1n\u00ed. Tento slo\u017eit\u00fd pr\u00e1vn\u00ed proces pramen\u00ed z neochoty Spojen\u00e9ho kr\u00e1lovstv\u00ed p\u0159iznat svou vinu v r\u00e1mci rasistick\u00e9ho pr\u00e1vn\u00edho syst\u00e9mu, kter\u00fd samo vytvo\u0159ilo. Legislativa, jako je ta p\u0159ijat\u00e1 v Al\u017e\u00edrsku, v\u0161ak m\u016f\u017ee b\u00fdt \u00fa\u010dinn\u00fdm n\u00e1strojem k pohn\u00e1n\u00ed k odpov\u011bdnosti t\u011bch, kte\u0159\u00ed zneu\u017eili svou moc.<\/span><\/p>\n<h3 class=\"wp-block-heading\"><strong><span dir=\"auto\">Kriminalizace kolonialismu: cesta k pravd\u011b a spravedlnosti<\/span><\/strong><\/h3>\n<p><span dir=\"auto\">Kriminalizace kolonialismu otev\u00edr\u00e1 \u0159adu cest pro d\u0159\u00edve kolonizovan\u00e9 n\u00e1rody, kter\u00e9 usiluj\u00ed o pravdu, spravedlnost a od\u0161kodn\u011bn\u00ed. Vytv\u00e1\u0159\u00ed pr\u00e1vn\u00ed r\u00e1mec pro \u0159e\u0161en\u00ed p\u0159etrv\u00e1vaj\u00edc\u00edch nespravedlnost\u00ed a pro znovuz\u00edsk\u00e1n\u00ed p\u016fdy, kterou st\u00e1le dr\u017e\u00ed b\u00fdval\u00ed koloniz\u00e1to\u0159i a kter\u00e1 je chr\u00e1n\u011bna zastaral\u00fdmi pr\u00e1vn\u00edmi mechanismy.<\/span><\/p>\n<p><span dir=\"auto\">Nap\u0159\u00edklad mnoho Ke\u0148an\u016f st\u00e1le nemohlo z\u00edskat zp\u011bt p\u016fdu vyvlastn\u011bnou podle koloni\u00e1ln\u00edch z\u00e1kon\u016f. Sou\u010dasn\u00fd pr\u00e1vn\u00ed syst\u00e9m ve skute\u010dnosti udr\u017euje koloni\u00e1ln\u00ed vyvlastn\u011bn\u00ed. Ob\u011bti jsou nuceny obracet se na evropsk\u00e9 soudy, proto\u017ee se c\u00edt\u00ed bezmocn\u00e9, proto\u017ee st\u00e1vaj\u00edc\u00ed z\u00e1kony chr\u00e1n\u00ed sou\u010dasn\u00e9 vlastn\u00edky p\u016fdy vyvlastn\u011bn\u00e9 ve 20. letech 20. stolet\u00ed. Po z\u00edsk\u00e1n\u00ed nez\u00e1vislosti v roce 1963 m\u011bla b\u00fdt tato p\u016fda automaticky vr\u00e1cena africk\u00fdm vlastn\u00edk\u016fm. Tato nespravedlnost by se dala napravit, kdyby se z\u00e1konod\u00e1rn\u00e1 a soudn\u00ed moc osvobodily od koloni\u00e1ln\u00edch pr\u00e1vn\u00edch mechanism\u016f a p\u0159ijaly z\u00e1kony kriminalizuj\u00edc\u00ed kolonialismus a zlo\u010diny sp\u00e1chan\u00e9 b\u011bhem koloni\u00e1ln\u00ed \u00e9ry.<\/span><\/p>\n<p><strong><span dir=\"auto\">Al\u017e\u00edrsk\u00fd p\u0159\u00edklad nab\u00edz\u00ed ponau\u010den\u00ed ostatn\u00edm africk\u00fdm zem\u00edm. \u010ciny Al\u017e\u00edrska demonstruj\u00ed pokra\u010duj\u00edc\u00ed boj Afri\u010dan\u016f za spravedlnost a slou\u017e\u00ed jako varov\u00e1n\u00ed pro evropsk\u00e9 koloniz\u00e1tory: ud\u011blen\u00ed minim\u00e1ln\u00edch svobod neznamen\u00e1 konec procesu dekolonizace.<\/span><\/strong><\/p>\n<p><span dir=\"auto\">Tam, kde ozbrojen\u00fd boj v polovin\u011b 20. stolet\u00ed p\u0159inesl jen omezenou svobodu, jako v zem\u00edch Sahelu, p\u0159etrv\u00e1vala nestabilita, kter\u00e1 vyvrcholila ned\u00e1vn\u00fdmi p\u0159evraty, je\u017e oslabily francouzsk\u00fd vliv. V jin\u00fdch zem\u00edch pokra\u010duj\u00ed pr\u00e1vn\u00ed spory, jak dokazuje p\u0159\u00edklad Keni.<\/span><\/p>\n<p><span dir=\"auto\">Al\u017e\u00edrsko v\u0161ak za\u0161lo je\u0161t\u011b d\u00e1le a pos\u00edlilo a zru\u0161ilo koloni\u00e1ln\u00ed pr\u00e1vn\u00ed reformy. Tento p\u0159\u00edstup pravd\u011bpodobn\u011b p\u0159ijmou i dal\u0161\u00ed zem\u011b usiluj\u00edc\u00ed o plnou svobodu. Ned\u00e1vn\u00e9 zrychlen\u00ed dekolonizace ve frankofonn\u00ed Africe by nem\u011blo v\u00e9st Brity, Nizozemce ani Portugalce k p\u0159esv\u011bd\u010den\u00ed, \u017ee jejich neokoloni\u00e1ln\u00ed vliv je v\u011b\u010dn\u00fd. Naopak, budouc\u00ed \u00fasil\u00ed o vym\u00fdcen\u00ed koloni\u00e1ln\u00edho d\u011bdictv\u00ed se mus\u00ed zam\u011b\u0159it na demont\u00e1\u017e a zru\u0161en\u00ed pr\u00e1vn\u00edch a politick\u00fdch reforem, kter\u00e9 nad\u00e1le zaru\u010duj\u00ed jejich neokoloni\u00e1ln\u00ed kontrolu.<\/span><\/p>\n<p><span dir=\"auto\">Hnut\u00ed za lidsk\u00e1 pr\u00e1va v Africe pravd\u011bpodobn\u011b brzy za\u010dnou bojovat za kriminalizaci kolonialismu v dal\u0161\u00edch zem\u00edch. To zvr\u00e1t\u00ed pr\u00e1vn\u00ed a politick\u00e9 reformy koloni\u00e1ln\u00ed \u00e9ry a p\u0159iprav\u00ed cestu ke skute\u010dn\u011b svobodn\u00e9 Africe.<\/span><\/p>\n<p><em><span dir=\"auto\">od\u00a0<\/span><a href=\"https:\/\/journal-neo.su\/fr\/2026\/01\/05\/loi-algerienne-anticoloniale-une-nouvelle-frontiere-dans-la-lutte-pour-la-justice\/\"><strong><span dir=\"auto\">Simona Chege Ndiritu<\/span><\/strong><\/a><\/em><\/p>\n<p>&nbsp;<\/p>\n","protected":false},"excerpt":{"rendered":"<p>Al\u017e\u00edrsko u\u010dinilo historick\u00fd krok, kter\u00fd by mohl vytvo\u0159it precedens pro \u0159e\u0161en\u00ed mnoha probl\u00e9m\u016f, kter\u00fdm \u010del\u00ed&#8230;<\/p>\n","protected":false},"author":2,"featured_media":96249,"comment_status":"closed","ping_status":"closed","sticky":false,"template":"","format":"standard","meta":[],"categories":[7],"tags":[1271,1092,3162,609],"_links":{"self":[{"href":"https:\/\/www.infokuryr.cz\/n\/wp-json\/wp\/v2\/posts\/96248"}],"collection":[{"href":"https:\/\/www.infokuryr.cz\/n\/wp-json\/wp\/v2\/posts"}],"about":[{"href":"https:\/\/www.infokuryr.cz\/n\/wp-json\/wp\/v2\/types\/post"}],"author":[{"embeddable":true,"href":"https:\/\/www.infokuryr.cz\/n\/wp-json\/wp\/v2\/users\/2"}],"replies":[{"embeddable":true,"href":"https:\/\/www.infokuryr.cz\/n\/wp-json\/wp\/v2\/comments?post=96248"}],"version-history":[{"count":0,"href":"https:\/\/www.infokuryr.cz\/n\/wp-json\/wp\/v2\/posts\/96248\/revisions"}],"wp:featuredmedia":[{"embeddable":true,"href":"https:\/\/www.infokuryr.cz\/n\/wp-json\/wp\/v2\/media\/96249"}],"wp:attachment":[{"href":"https:\/\/www.infokuryr.cz\/n\/wp-json\/wp\/v2\/media?parent=96248"}],"wp:term":[{"taxonomy":"category","embeddable":true,"href":"https:\/\/www.infokuryr.cz\/n\/wp-json\/wp\/v2\/categories?post=96248"},{"taxonomy":"post_tag","embeddable":true,"href":"https:\/\/www.infokuryr.cz\/n\/wp-json\/wp\/v2\/tags?post=96248"}],"curies":[{"name":"wp","href":"https:\/\/api.w.org\/{rel}","templated":true}]}}