{"id":96228,"date":"2026-01-07T00:14:42","date_gmt":"2026-01-06T23:14:42","guid":{"rendered":"https:\/\/www.infokuryr.cz\/n\/?p=96228"},"modified":"2026-01-06T10:51:09","modified_gmt":"2026-01-06T09:51:09","slug":"eu-planuje-rozsirit-cenzuru-i-na-vedu-o-klimatu-a-energetice-kritika-ma-byt-povazovana-za-hrozbu-pro-demokracii","status":"publish","type":"post","link":"https:\/\/www.infokuryr.cz\/n\/2026\/01\/07\/eu-planuje-rozsirit-cenzuru-i-na-vedu-o-klimatu-a-energetice-kritika-ma-byt-povazovana-za-hrozbu-pro-demokracii\/","title":{"rendered":"EU pl\u00e1nuje roz\u0161\u00ed\u0159it cenzuru i na v\u011bdu o klimatu a energetice \u2013 kritika m\u00e1 b\u00fdt pova\u017eov\u00e1na za \u201ehrozbu pro demokracii\u201c"},"content":{"rendered":"<div id=\"fb-root\"><\/div>\n<div class=\"elementor-element elementor-element-1fb4c2c elementor-widget elementor-widget-theme-post-content\" data-id=\"1fb4c2c\" data-element_type=\"widget\" data-widget_type=\"theme-post-content.default\">\n<div class=\"elementor-widget-container\">\n<p><span dir=\"auto\">Zat\u00edmco se narativy EU hrout\u00ed, zoufal\u00ed v\u016fdci pl\u00e1nuj\u00ed dal\u0161\u00ed tyransk\u00e1 opat\u0159en\u00ed, aby zabr\u00e1nili kolapsu v\u0161eho.<\/span><\/p>\n<h4><strong><span dir=\"auto\">Cenzura v\u011bdeck\u00fdch debat\u2026<\/span><\/strong><\/h4>\n<p><span dir=\"auto\">Vedouc\u00ed p\u0159edstavitel\u00e9 EU jsou v sou\u010dasn\u00e9 dob\u011b pobou\u0159eni t\u00edm, \u017ee ameri\u010dt\u00ed p\u0159edstavitel\u00e9 jsou tak drz\u00ed, \u017ee je obvi\u0148uj\u00ed z cenzury. Pokud jde v\u0161ak o potla\u010dov\u00e1n\u00ed otev\u0159en\u00e9 diskuse a odli\u0161n\u00fdch n\u00e1zor\u016f na d\u016fle\u017eit\u00e9 ot\u00e1zky, je situace ve skute\u010dnosti je\u0161t\u011b hor\u0161\u00ed, ne\u017e si v\u011bt\u0161ina lid\u00ed uv\u011bdomuje. A bude se jen zhor\u0161ovat.<\/span><\/p>\n<p><a href=\"https:\/\/www.disinfo.eu\/heat-harmful-environmental-agendas-and-tactics\/\" target=\"_blank\" rel=\"noreferrer noopener\" data-type=\"link\" data-id=\"https:\/\/www.disinfo.eu\/heat-harmful-environmental-agendas-and-tactics\/\"><span dir=\"auto\">Ned\u00e1vn\u00e1 zpr\u00e1va<\/span><\/a><span dir=\"auto\">\u00a0(nep\u0159\u00edmo financovan\u00e1 EU)\u00a0zve\u0159ejn\u011bn\u00e1 za\u010d\u00e1tkem tohoto roku ukazuje, jak EU pl\u00e1nuje roz\u0161\u00ed\u0159it cenzuru i na v\u011bdu o klimatu a energetice.<\/span><\/p>\n<p><span dir=\"auto\">V publikaci \u201e\u0160kodliv\u00e9 environment\u00e1ln\u00ed agendy a taktiky\u201c (HEAT) auto\u0159i zkoumaj\u00ed, jak jsou klimaticky souvisej\u00edc\u00ed dezinformace, nepravdiv\u00e9 informace a malinformace (MDM) strategicky vyu\u017e\u00edv\u00e1ny k podkop\u00e1v\u00e1n\u00ed klimatick\u00e9 politiky v Evrop\u011b, zejm\u00e9na v N\u011bmecku, Francii a Nizozemsku.<\/span><\/p>\n<h4><strong><span dir=\"auto\">Skeptici klimatologie ohro\u017euj\u00ed demokracii<\/span><\/strong><\/h4>\n<p><span dir=\"auto\">Zpr\u00e1va tvrd\u00ed, \u017ee dezinformace o klimatu jdou nad r\u00e1mec pouh\u00e9ho pop\u00edr\u00e1n\u00ed v\u011bdeck\u00fdch poznatk\u016f a staly se n\u00e1strojem \u0161ir\u0161\u00ed politick\u00e9 a soci\u00e1ln\u00ed polarizace.<\/span><\/p>\n<p><span dir=\"auto\">Auto\u0159i tvrd\u00ed, \u017ee naprost\u00e9 pop\u00edr\u00e1n\u00ed klimatick\u00fdch zm\u011bn je nahrazov\u00e1no narativy zam\u011b\u0159en\u00fdmi na \u201eodd\u00e1len\u00ed klimatick\u00fdch zm\u011bn\u201c. A\u010dkoli tyto narativy \u010dasto klimatick\u00e9 zm\u011bny uzn\u00e1vaj\u00ed, napadaj\u00ed proveditelnost, n\u00e1klady a spravedlnost \u0159e\u0161en\u00ed a tvrd\u00ed nap\u0159\u00edklad, \u017ee zelen\u00e1 politika by zruinovala dom\u00e1cnosti nebo zni\u010dila pr\u016fmyslov\u00e1 odv\u011btv\u00ed.<\/span><\/p>\n<h4><strong><span dir=\"auto\">Nep\u0159\u00e1tel\u00e9<\/span><\/strong><\/h4>\n<p><span dir=\"auto\">Zpr\u00e1va identifikuje \u010dty\u0159i hlavn\u00ed pil\u00ed\u0159e, kter\u00e9 tyto agendy poh\u00e1n\u011bj\u00ed:<\/span><\/p>\n<ul>\n<li><span dir=\"auto\">Konspira\u010dn\u00ed prost\u0159ed\u00ed: ned\u016fv\u011bra k elit\u00e1m a narativy o \u201ehlubok\u00e9m st\u00e1tu\u201c (nap\u0159. \u201eVelk\u00fd reset\u201c).<\/span><\/li>\n<li><span dir=\"auto\">Kulturn\u00ed v\u00e1lka\/stranick\u00fd diskurz: Zobrazov\u00e1n\u00ed opat\u0159en\u00ed na ochranu klimatu jako autorit\u00e1\u0159sk\u00e9ho nebo elit\u00e1\u0159sk\u00e9ho projektu.<\/span><\/li>\n<li><span dir=\"auto\">Nep\u0159\u00e1tel\u0161t\u00ed st\u00e1tn\u00ed akt\u00e9\u0159i (HSA): V\u00fdznamn\u00e9 zapojen\u00ed s\u00edt\u00ed ovl\u00e1dan\u00fdch Ruskem (nap\u0159. Portal Kombat), kter\u00e9 vyu\u017e\u00edvaj\u00ed lokalizovan\u00e9 dom\u00e9ny, jako je Pravda DE, k \u0161\u00ed\u0159en\u00ed polarizuj\u00edc\u00edho obsahu.<\/span><\/li>\n<li><span dir=\"auto\">Spojen\u00ed s velk\u00fdmi ropn\u00fdmi spole\u010dnostmi: Narativy, kter\u00e9 jsou v souladu se z\u00e1jmy pr\u016fmyslu fosiln\u00edch paliv, i kdy\u017e je p\u0159\u00edm\u00e9 p\u0159i\u010d\u00edt\u00e1n\u00ed spole\u010dnostem \u010dasto zast\u0159eno.<\/span><\/li>\n<\/ul>\n<p><span dir=\"auto\">Nap\u0159\u00edklad v N\u011bmecku prob\u00edhaj\u00ed \u00fatoky na energetickou transformaci a z\u00e1kon o vyt\u00e1p\u011bn\u00ed budov.<\/span><\/p>\n<p><span dir=\"auto\">Ve Francii existuj\u00ed souvislosti mezi klimatickou politikou a hnut\u00edm \u201e\u017elut\u00fdch vest\u201c nebo antielit\u00e1\u0159sk\u00fdmi n\u00e1ladami.<\/span><\/p>\n<p><span dir=\"auto\">Mezit\u00edm byla \u201edus\u00edkov\u00e1 krize\u201c v Nizozemsku reinterpretov\u00e1na jako \u201ezab\u00edr\u00e1n\u00ed p\u016fdy vl\u00e1dou\u201c.<\/span><\/p>\n<p><span dir=\"auto\">Hlavy evropsk\u00fdch st\u00e1t\u016f a vl\u00e1d jsou p\u0159esv\u011bd\u010deny, \u017ee jejich politika nem\u00e1 se v\u0161emi t\u011bmito ne\u00fasp\u011bchy nic spole\u010dn\u00e9ho. V jejich o\u010d\u00edch vina le\u017e\u00ed v\u00fdhradn\u011b na vzpurn\u00fdch ob\u010danech a jejich dezinforma\u010dn\u00edch kampan\u00edch.<\/span><\/p>\n<h3><strong><span dir=\"auto\">Kl\u00ed\u010dov\u00e1 doporu\u010den\u00ed zpr\u00e1vy<\/span><\/strong><\/h3>\n<p><span dir=\"auto\">Auto\u0159i vyz\u00fdvaj\u00ed k rozhodn\u00fdm krok\u016fm na institucion\u00e1ln\u00ed a platformn\u00ed \u00farovni s c\u00edlem \u0159e\u0161it dezinformace o klimatu jako struktur\u00e1ln\u00ed hrozbu a nebezpe\u010d\u00ed pro demokracii. Tomu se mus\u00ed zabr\u00e1nit!<\/span><\/p>\n<h4><strong><span dir=\"auto\">Platformy mus\u00ed jednat!<\/span><\/strong><\/h4>\n<p><span dir=\"auto\">Nejd\u016fle\u017eit\u011bj\u0161\u00edm doporu\u010den\u00edm je, aby EU v\u00fdslovn\u011b uznala dezinformace o klimatu jako syst\u00e9mov\u00e9 riziko v r\u00e1mci z\u00e1kona o digit\u00e1ln\u00edch slu\u017eb\u00e1ch (kritiky ozna\u010dovan\u00e9ho tak\u00e9 jako z\u00e1kon o digit\u00e1ln\u00ed cenzu\u0159e). To by donutilo tzv. velmi velk\u00e9 online platformy (VLOP) k proaktivn\u00edm opat\u0159en\u00edm a prov\u00e1d\u011bn\u00ed posouzen\u00ed rizik.<\/span><\/p>\n<p><span dir=\"auto\">Auto\u0159i rovn\u011b\u017e vyz\u00fdvaj\u00ed k audit\u016fm algoritm\u016f a ve\u0159ejn\u00e9mu pod\u00e1v\u00e1n\u00ed zpr\u00e1v o moderov\u00e1n\u00ed obsahu, zejm\u00e9na obsahu souvisej\u00edc\u00edho s klimatem. Tvrd\u00ed, \u017ee je na\u010dase tvrd\u011b zakro\u010dit proti skeptik\u016fm.<\/span><\/p>\n<h4><strong><span dir=\"auto\">\u201eNez\u00e1visl\u00ed\u201c audito\u0159i<\/span><\/strong><\/h4>\n<p><span dir=\"auto\">\u201eNez\u00e1visl\u00ed v\u00fdzkumn\u00edci\u201c budou m\u00edt nav\u00edc p\u0159\u00edstup k dezagregovan\u00fdm dat\u016fm z platformy, aby mohli sledovat, jak se tyto narativy \u0161\u00ed\u0159\u00ed.<\/span><\/p>\n<p><span dir=\"auto\">Dal\u0161\u00ed doporu\u010den\u00ed vyz\u00fdv\u00e1 k ozna\u010dov\u00e1n\u00ed a omezen\u00ed \u0161\u00ed\u0159en\u00ed \u201eideologick\u00fdch nebo sponzorovan\u00fdch\u201c klimatick\u00fdch dezinformac\u00ed.<\/span><\/p>\n<h4><strong><span dir=\"auto\">\u201eD\u016fv\u011bryhodn\u00ed nahla\u0161ovatel\u00e9\u201c<\/span><\/strong><\/h4>\n<p><span dir=\"auto\">Auto\u0159i rovn\u011b\u017e vyz\u00fdvaj\u00ed k pos\u00edlen\u00e9mu monitorov\u00e1n\u00ed prorusk\u00fdch a dal\u0161\u00edch nep\u0159\u00e1telsk\u00fdch st\u00e1tn\u00edch operac\u00ed, kter\u00e9 zneu\u017e\u00edvaj\u00ed debaty o klimatu k oslaben\u00ed demokratick\u00e9 odolnosti EU.<\/span><\/p>\n<p><span dir=\"auto\">Dal\u0161\u00edm navrhovan\u00fdm krokem v boji proti \u201eklimatick\u00fdm informac\u00edm\u201c je z\u0159\u00edzen\u00ed kan\u00e1l\u016f pro hl\u00e1\u0161en\u00ed pro organizace ob\u010dansk\u00e9 spole\u010dnosti (tzv. \u201ed\u016fv\u011bryhodn\u00ed oznamovatel\u00e9\u201c), kter\u00e9 by regula\u010dn\u00edm org\u00e1n\u016fm hl\u00e1sily koordinovan\u00e9 nepravdiv\u00e9 chov\u00e1n\u00ed (CIB) a \u0161kodliv\u00e9 narativy.<\/span><\/p>\n<h4><strong><span dir=\"auto\">\u201eP\u0159edspavov\u00e1n\u00ed\u201c<\/span><\/strong><\/h4>\n<p><span dir=\"auto\">Pat\u0159\u00ed sem i kampan\u011b \u201ep\u0159ed span\u00edm\u201c, jejich\u017e c\u00edlem je proaktivn\u011b vzd\u011bl\u00e1vat ve\u0159ejnost o dezinforma\u010dn\u00edch taktik\u00e1ch d\u0159\u00edve, ne\u017e se s nimi setk\u00e1 \u2013 zejm\u00e9na ve venkovsk\u00fdch oblastech a d\u011blnick\u00fdch \u010dtvrt\u00edch s ni\u017e\u0161\u00ed \u00farovn\u00ed vzd\u011bl\u00e1n\u00ed, kter\u00e9 jsou \u010dasto c\u00edlem takov\u00fdch kampan\u00ed.<\/span><\/p>\n<\/div>\n<\/div>\n<div class=\"elementor-element elementor-element-8c57238 quelle dc-has-condition dc-condition-empty elementor-widget elementor-widget-heading\" data-id=\"8c57238\" data-element_type=\"widget\" data-widget_type=\"heading.default\">\n<div class=\"elementor-widget-container\">\n<h3 class=\"elementor-heading-title elementor-size-default\"><span style=\"font-size: 10pt;\"><a href=\"https:\/\/notrickszone.com\/2025\/12\/31\/welcome-to-2026-europe-laying-groundwork-for-climate-science-censorship\/\" target=\"_blank\" rel=\"nofollow noopener\"><span dir=\"auto\">Zdroj<\/span><\/a><\/span><\/h3>\n<p>&nbsp;<\/p>\n<\/div>\n<\/div>\n","protected":false},"excerpt":{"rendered":"<p>Zat\u00edmco se narativy EU hrout\u00ed, zoufal\u00ed v\u016fdci pl\u00e1nuj\u00ed dal\u0161\u00ed tyransk\u00e1 opat\u0159en\u00ed, aby zabr\u00e1nili kolapsu v\u0161eho&#8230;.<\/p>\n","protected":false},"author":2,"featured_media":84375,"comment_status":"closed","ping_status":"closed","sticky":false,"template":"","format":"standard","meta":[],"categories":[7],"tags":[63,41,48],"_links":{"self":[{"href":"https:\/\/www.infokuryr.cz\/n\/wp-json\/wp\/v2\/posts\/96228"}],"collection":[{"href":"https:\/\/www.infokuryr.cz\/n\/wp-json\/wp\/v2\/posts"}],"about":[{"href":"https:\/\/www.infokuryr.cz\/n\/wp-json\/wp\/v2\/types\/post"}],"author":[{"embeddable":true,"href":"https:\/\/www.infokuryr.cz\/n\/wp-json\/wp\/v2\/users\/2"}],"replies":[{"embeddable":true,"href":"https:\/\/www.infokuryr.cz\/n\/wp-json\/wp\/v2\/comments?post=96228"}],"version-history":[{"count":0,"href":"https:\/\/www.infokuryr.cz\/n\/wp-json\/wp\/v2\/posts\/96228\/revisions"}],"wp:featuredmedia":[{"embeddable":true,"href":"https:\/\/www.infokuryr.cz\/n\/wp-json\/wp\/v2\/media\/84375"}],"wp:attachment":[{"href":"https:\/\/www.infokuryr.cz\/n\/wp-json\/wp\/v2\/media?parent=96228"}],"wp:term":[{"taxonomy":"category","embeddable":true,"href":"https:\/\/www.infokuryr.cz\/n\/wp-json\/wp\/v2\/categories?post=96228"},{"taxonomy":"post_tag","embeddable":true,"href":"https:\/\/www.infokuryr.cz\/n\/wp-json\/wp\/v2\/tags?post=96228"}],"curies":[{"name":"wp","href":"https:\/\/api.w.org\/{rel}","templated":true}]}}