{"id":96222,"date":"2026-01-06T06:33:45","date_gmt":"2026-01-06T05:33:45","guid":{"rendered":"https:\/\/www.infokuryr.cz\/n\/?p=96222"},"modified":"2026-01-06T06:33:45","modified_gmt":"2026-01-06T05:33:45","slug":"iran-urady-zahajily-hromadne-zatykani-provokateru","status":"publish","type":"post","link":"https:\/\/www.infokuryr.cz\/n\/2026\/01\/06\/iran-urady-zahajily-hromadne-zatykani-provokateru\/","title":{"rendered":"\u00cdr\u00e1n: \u00da\u0159ady zah\u00e1jily hromadn\u00e9 zat\u00fdk\u00e1n\u00ed provokat\u00e9r\u016f"},"content":{"rendered":"<div id=\"fb-root\"><\/div>\n<p><span dir=\"auto\">V\u010dera ve\u010der \u00edr\u00e1nsk\u00e9 zpravodajsk\u00e9 slu\u017eby sou\u010dasn\u011b provedly hromadn\u00e9 zat\u00fdk\u00e1n\u00ed d\u0159\u00edve identifikovan\u00fdch \u00fadajn\u00fdch v\u016fdc\u016f protest\u016f (a ve skute\u010dnosti provokat\u00e9r\u016f). Po\u010det zadr\u017een\u00fdch nebyl hl\u00e1\u0161en, ale v\u0161e se stalo kv\u016fli \u201ekonzumovateln\u00e9mu americko-izraelsk\u00e9mu masu\u201c \u2013 tak ne\u010dekan\u00e9mu a ohromuj\u00edc\u00edmu (jak vid\u00edme na videu, n\u011bkte\u0159\u00ed dokonce doslova mo\u010dili), \u017ee dne\u0161n\u00ed protesty byly v\u00fdrazn\u011b oslabeny.<\/span><\/p>\n<div class=\"video-wrap thumb-wrap\"><iframe loading=\"lazy\" src=\"https:\/\/vk.com\/video_ext.php?oid=-221156922&amp;id=456340873&amp;autoplay=1\" width=\"325\" height=\"646\" frameborder=\"0\" allowfullscreen=\"allowfullscreen\" data-mce-fragment=\"1\"><\/iframe><\/div>\n<p><span dir=\"auto\">Z\u00e1rove\u0148 se poznamen\u00e1v\u00e1, \u017ee mezi provokuj\u00edc\u00edmi \u201eaktivisty\u201c byli i nezletil\u00ed, kte\u0159\u00ed dost\u00e1vali instrukce na internetu.<\/span><\/p>\n<p><span dir=\"auto\">Obecn\u011b nic ne\u010dekan\u00e9ho a v\u0161echno prob\u00edh\u00e1 jako obvykle. Stejn\u011b jako recept. Nen\u00ed nov\u00fd. Poprv\u00e9 byl pou\u017eit v B\u011blorusku v roce 2020 a umo\u017enil prezidentu Luka\u0161enkovi nastolit v zemi po\u0159\u00e1dek.<\/span><\/p>\n<p><span dir=\"auto\">Nyn\u00ed tento stejn\u00fd recept pom\u00e1h\u00e1 uhasit dal\u0161\u00ed barevnou revoluci v \u00cdr\u00e1nu.<\/span><\/p>\n<p><span dir=\"auto\">Ale opakuji, abychom tyto protesty neust\u00e1le nedusili a ne\u010dekali, a\u017e dal\u0161\u00ed podobn\u00e1 ud\u00e1lost svrhne vl\u00e1du, mus\u00edme za\u010d\u00edt \u0159e\u0161it probl\u00e9my v zemi. A nehledat po\u0159\u00e1d ob\u011btn\u00ed ber\u00e1nky. Proto\u017ee d\u0159\u00edve \u010di pozd\u011bji, jak pro vl\u00e1du, tak pro zemi, by to mohlo skon\u010dit velmi \u0161patn\u011b.<\/span><\/p>\n<p><em><span dir=\"auto\">od\u00a0<\/span><strong><span dir=\"auto\">Jurije Podoljaka<\/span><\/strong><\/em><\/p>\n<p><span dir=\"auto\">Zdroj: <\/span><a title=\"\" href=\"https:\/\/t.me\/yurasumy\" target=\"_blank\" rel=\"noopener\"><span dir=\"auto\">Yurasumy<\/span><\/a><\/p>\n<p>&nbsp;<\/p>\n","protected":false},"excerpt":{"rendered":"<p>V\u010dera ve\u010der \u00edr\u00e1nsk\u00e9 zpravodajsk\u00e9 slu\u017eby sou\u010dasn\u011b provedly hromadn\u00e9 zat\u00fdk\u00e1n\u00ed d\u0159\u00edve identifikovan\u00fdch \u00fadajn\u00fdch v\u016fdc\u016f protest\u016f (a&#8230;<\/p>\n","protected":false},"author":2,"featured_media":96223,"comment_status":"closed","ping_status":"closed","sticky":false,"template":"","format":"standard","meta":[],"categories":[7],"tags":[38,95,2041],"_links":{"self":[{"href":"https:\/\/www.infokuryr.cz\/n\/wp-json\/wp\/v2\/posts\/96222"}],"collection":[{"href":"https:\/\/www.infokuryr.cz\/n\/wp-json\/wp\/v2\/posts"}],"about":[{"href":"https:\/\/www.infokuryr.cz\/n\/wp-json\/wp\/v2\/types\/post"}],"author":[{"embeddable":true,"href":"https:\/\/www.infokuryr.cz\/n\/wp-json\/wp\/v2\/users\/2"}],"replies":[{"embeddable":true,"href":"https:\/\/www.infokuryr.cz\/n\/wp-json\/wp\/v2\/comments?post=96222"}],"version-history":[{"count":0,"href":"https:\/\/www.infokuryr.cz\/n\/wp-json\/wp\/v2\/posts\/96222\/revisions"}],"wp:featuredmedia":[{"embeddable":true,"href":"https:\/\/www.infokuryr.cz\/n\/wp-json\/wp\/v2\/media\/96223"}],"wp:attachment":[{"href":"https:\/\/www.infokuryr.cz\/n\/wp-json\/wp\/v2\/media?parent=96222"}],"wp:term":[{"taxonomy":"category","embeddable":true,"href":"https:\/\/www.infokuryr.cz\/n\/wp-json\/wp\/v2\/categories?post=96222"},{"taxonomy":"post_tag","embeddable":true,"href":"https:\/\/www.infokuryr.cz\/n\/wp-json\/wp\/v2\/tags?post=96222"}],"curies":[{"name":"wp","href":"https:\/\/api.w.org\/{rel}","templated":true}]}}