{"id":96186,"date":"2026-01-06T00:22:14","date_gmt":"2026-01-05T23:22:14","guid":{"rendered":"https:\/\/www.infokuryr.cz\/n\/?p=96186"},"modified":"2026-01-05T13:19:38","modified_gmt":"2026-01-05T12:19:38","slug":"jindrich-kulhavy-nulova-politicka-kultura","status":"publish","type":"post","link":"https:\/\/www.infokuryr.cz\/n\/2026\/01\/06\/jindrich-kulhavy-nulova-politicka-kultura\/","title":{"rendered":"Jind\u0159ich Kulhav\u00fd: Nulov\u00e1 politick\u00e1 kultura"},"content":{"rendered":"<div id=\"fb-root\"><\/div>\n<p><span class=\"anotation\">Sou\u010dasn\u00e1 opozice se u\u017e ne\u0161t\u00edt\u00ed ni\u010deho a i jej\u00ed podporovatel\u00e9 v\u00fdrazn\u011b p\u0159itvrdili. Jestli\u017ee p\u0159edstavitel\u00e9 P\u011btikoalice do voleb s\u00a0v\u00fdjimkou N\u011bmcov\u00e9 jak\u017e tak\u017e dodr\u017eovali ur\u010dit\u00e1 pravidla slu\u0161n\u00e9ho chov\u00e1n\u00ed, p\u0159i\u010dem\u017e v\u00fdrazy typu dezol\u00e1t \u010di prorusk\u00fd \u0161v\u00e1b jsme brali sp\u00ed\u0161e jako jistou poctu, pak, nyn\u00ed u\u017e jsme spodinou spole\u010dnosti, ve kter\u00e9 oni k\u00a0vlastn\u00edmu politov\u00e1n\u00ed mus\u00ed \u017e\u00edt.<\/span><\/p>\n<div id=\"pagetext\">\n<p>\u00a0 Agresivitou mimo ji\u017e zm\u00edn\u011bn\u00e9 politick\u00e9 fosilie z\u00a0ODS N\u011bmcov\u00e9 vynikal \u0159eporyjsk\u00fd \u010dlen ODS a tehdej\u0161\u00ed tamn\u00ed starosta Pavel Novotn\u00fd, kter\u00e9ho v\u0161ak v\u011bt\u0161ina n\u00e1roda brala jako politick\u00e9ho klauna vze\u0161l\u00e9ho z\u00a0um\u011bleck\u00e9ho prost\u0159ed\u00ed, tedy tvora se sklonem k\u00a0p\u0159ehr\u00e1v\u00e1n\u00ed. Kdy\u017e skon\u010dil na Pankr\u00e1ci ve v\u011bzen\u00ed, brali to mnoz\u00ed jako sice m\u00edrn\u00fd, ale p\u0159esto zaslou\u017een\u00fd trest. N\u011bmcov\u00e1 se k\u00a0n\u011bmu nedopracovala, dosud otravuje sen\u00e1tn\u00ed vody a s\u00a0nimi m\u00e1 i jistou imunitu. Pro spolustran\u00edky je to ikona kdysi sed\u00edc\u00ed v\u00a0p\u0159edsednick\u00e9m parlamentn\u00edm k\u0159esle, pro zbytek artefakt, jeho\u017e instalace do muzea politick\u00fdch anom\u00e1li\u00ed by byla vhodn\u00fdm zakon\u010den\u00edm jej\u00ed kari\u00e9ry.<\/p>\n<p>Obdob\u00ed Fialovo vl\u00e1dy vneslo do politiky mnohem v\u00edce arogance, ne\u017e tomu bylo doposud. Adamov\u00e1 Pekarov\u00e1, \u010cernochov\u00e1 \u010di Dvo\u0159\u00e1k ze sv\u00fdch post\u016f nejen dok\u00e1zali systematicky \u0161kodit st\u00e1tu, ale z\u00e1rove\u0148 velmi v\u00fdrazn\u011b d\u00e1vali najevo, \u017ee jsou nad v\u0161emi. P\u0159edsedkyn\u011b sen\u00e1tu nav\u00edc, p\u0159iznejme si to otev\u0159en\u011b, zapracovala na sv\u00e9m vzhledu, a mnoho lid\u00ed si ze zm\u011bny \u00fa\u010desu sedlo obrazn\u011b na zadek. Jako by ji to v\u00edce posunulo do nadpozemsk\u00fdch v\u00fd\u0161in a neschopnost sn\u00e1\u0161et kritiku se zm\u011bnila v je\u0161t\u011b v\u011bt\u0161\u00ed d\u00e1vku namy\u0161lenosti. P\u0159esto je t\u0159eba se zamyslet, \u010deho opravdu tato prodava\u010dka mobil\u016f dos\u00e1hla a je t\u0159eba si p\u0159iznat, \u017ee na \u00farove\u0148 my\u0161len\u00ed, kter\u00e1 nikdy nebyla vysok\u00e1, se vy\u0161plhala vysoko. Sv\u011bd\u010d\u00ed to o \u00fapadku politick\u00e9 sc\u00e9ny. \u010cernochov\u00e1 na ministerstvu obrany to u\u017e jen potvrdila. Ona v\u016fbec v\u0161eobecn\u011b ta vl\u00e1dn\u00ed sestava byla v\u00fdkonov\u011b podpr\u016fm\u011brn\u00e1 a sta\u010dil-li el\u00e9v Lipavsk\u00fd na veden\u00ed diplomacie a elektrik\u00e1\u0159 Stanjura jako spr\u00e1vce pokladny, sv\u011bd\u010d\u00ed to o mnoh\u00e9m.<\/p>\n<p>Konec vl\u00e1dy Petra Fialy nastartoval dal\u0161\u00ed f\u00e1zi vystupov\u00e1n\u00ed b\u00fdval\u00fdch elit. Dozimetr Raku\u0161an se sice st\u00e1hnul z televize, na soci\u00e1ln\u00edch s\u00edt\u00edch je v\u0161ak nad\u00e1le aktivn\u00ed. M\u00edsto n\u011bj za STAN vystupuje ne zrovna bystr\u00e1 \u0160ebelov\u00e1 a st\u00e1le se usm\u00edvaj\u00edc\u00ed \u010dlen Aspen Institutu a absolvent bidenovsk\u00e9ho politick\u00e9ho kursu Farsk\u00fd, vid\u011bt je i naivn\u00ed pir\u00e1tka Demetrashvili. Ov\u0161em skute\u010dnou \u201ehv\u011bzdou\u201c tvrd\u00edc\u00ed sou\u010dasnou r\u00e9toriku opozice je Nerudov\u00e1. Ta u\u017e si v\u016fbec nevid\u00ed do \u00fast a po Mirce N\u011bmcov\u00e9 p\u0159evzala post nejagresivn\u011bj\u0161\u00ed slepice politick\u00e9ho showbyznysu. Kamkoliv je pozv\u00e1na, je zad\u011bl\u00e1no na uk\u00e1zku ztr\u00e1ty smyslu pro realitu. Nelze se divit Kone\u010dn\u00e9, Turkovi \u010di Davidovi, \u017ee i bez velk\u00e9 snahy nad touto obchodnic\u00ed s tituly v\u00fdrazn\u011b vyhr\u00e1vaj\u00ed. Mix arogance, neznalosti a primitivismu dopln\u011bn\u00e9 solidn\u00edm platem europoslance d\u011blaj\u00ed doslova divy. Jej\u00ed pir\u00e1tsk\u00e1 bruselsk\u00e1 kolegyn\u011b Gregorov\u00e1 nen\u00ed o nic inteligentn\u011bj\u0161\u00ed, ale dost\u00e1v\u00e1 m\u00e9n\u011b prostoru, tak\u017ee ji tolik nev\u00edd\u00e1me. Mnohem chyt\u0159ej\u0161\u00ed je t\u0159eba Niedermayer dr\u017e\u00edc\u00ed se medi\u00e1ln\u011b v pozad\u00ed, o to v\u00edce a systemati\u010dt\u011bji sv\u00e9 rodn\u00e9 hroud\u011b \u0161kod\u00ed.<\/p>\n<p>R\u00e9torika P\u011btikoalice p\u0159itvrdila a p\u0159esto\u017ee za 4 roky vl\u00e1dy sp\u00ed\u0161e demolovala, ne\u017e budovala, nyn\u00ed je je\u0161t\u011b agresivn\u011bj\u0161\u00ed, A tento trend se stup\u0148uje i u pouh\u00fdch p\u0159\u00edvr\u017eenc\u016f a fanou\u0161k\u016f. P\u0159edev\u0161\u00edm um\u011bleck\u00e1 sc\u00e9na jich produkuje st\u00e1le mnoho. H\u0159ebejk, brat\u0159i Etzlerov\u00e9, Holubov\u00e1 a plno herc\u016f, ale i jinak zn\u00e1m\u00fdch aktivist\u016f, jako je Prib\u00e1\u0148, klesli na jist\u00e9 komunika\u010dn\u00ed dno. P\u0159esto\u017ee v\u011bt\u0161ina z nich se do pop\u0159ed\u00ed dostala za socialismu, n\u011bkte\u0159\u00ed tou\u017eili po titulech, jak\u00fdmi byl nap\u0159\u00edklad n\u00e1rodn\u00ed um\u011blec, s ut\u00edkaj\u00edc\u00edm \u010dasem se radikalizovali a jejich eurohujersk\u00fd a k Rusk\u00e9 federaci nen\u00e1vistn\u00fd p\u0159istup jaksi koliduje s t\u00edm, z \u010deho vze\u0161li a co je katapultovalo vzh\u016fru. Za\u017eili podobn\u00e9 lopingy, jako samotn\u00e1 hlava st\u00e1tu Pavel. A pr\u00e1v\u011b odsud mo\u017en\u00e1 vznikla vz\u00e1jemn\u00e1 symbi\u00f3za, kter\u00e1 je patrn\u00e1.<\/p>\n<p>Rozd\u011blen\u00ed spole\u010dnosti u\u017e je jen d\u016fsledkem situace, kter\u00e1 u n\u00e1s nastala. Probruselsk\u00e9 nen\u00e1vistn\u00e9 k\u0159\u00eddlo nab\u00edr\u00e1 na agresivit\u011b, p\u0159i\u010dem\u017e d\u016fvodem je mnoho zjevn\u00fdch ne\u00fasp\u011bch\u016f a p\u0159e\u0161lap\u016f veden\u00ed EU. Neochota zm\u011bnit vadn\u00fd kurs pak vyvol\u00e1v\u00e1 pot\u0159ebu je\u0161t\u011b v\u00edce tla\u010dit na ob\u010dany a vnucovat jim svou ideologii. A da\u0159\u00ed se jim to. Ml\u00e1de\u017e u\u017e je p\u0159ipraven\u00e1 pokra\u010dovat v likvidaci Evropy, majitel\u00e9 sol\u00e1rn\u00edch panel\u016f a elektromobil\u016f p\u0159evzali greendealovou mantru za svou, pseudoznalci historie ignoruj\u00ed ub\u011bhl\u00fdch 100 let a vn\u00edmaj\u00ed Z\u00e1pad jako jedin\u00e9ho nositele pokroku.<\/p>\n<p>Ignorace fakt\u016f hovo\u0159\u00edc\u00edch o z\u00e1porn\u00fdch dopadech nacismu, fa\u0161ismu a jejich pot\u00edr\u00e1n\u00ed ze strany Sov\u011btsk\u00e9ho svazu a pozd\u011bji Ruska jsou pr\u016fvodn\u00edm jevem liberalismu. Zbytek n\u00e1s pou\u017e\u00edvaj\u00edc\u00edch vlastn\u00ed rozum, \u00fasudek i znalosti, nav\u00edc maj\u00edc\u00ed pam\u011b\u0165, se dostal do obrovsk\u00e9ho tlaku. P\u0159itom jen minimum z n\u00e1s by st\u00e1lo o n\u00e1vrat klasick\u00e9ho socialismu, pouze si pamatujeme, \u017ee ne zdaleka bylo tak \u0161\u00edlen\u00e9, jak je nyn\u00ed p\u0159edkl\u00e1d\u00e1no. P\u0159ejeme si, aby se st\u00e1t vr\u00e1til k prosperit\u011b, logice a spravedlnosti. Stoj\u00edme proti nen\u00e1visti, aroganci, hlouposti a v jist\u00fdch p\u0159\u00edpadech doslova tuposti. Boj s t\u00edm je n\u00e1ro\u010dn\u00fd a dost mo\u017en\u00e1 do budoucna prohran\u00fd. Ml\u00e1de\u017e se o to postar\u00e1, pokud se tedy EU nerozlo\u017e\u00ed rychle sama. Moc \u010dasu nezb\u00fdv\u00e1.<\/p>\n<p><a href=\"https:\/\/www.inadhled.live\/uvaha-dne\/nulova-politicka-kultura\/\">Jind\u0159ich Kulhav\u00fd<\/a><\/p>\n<p><img decoding=\"async\" loading=\"lazy\" class=\"alignnone size-full wp-image-48136\" src=\"http:\/\/www.infokuryr.cz\/n\/wp-content\/uploads\/2024\/02\/kulhavy-jindrich.jpg\" alt=\"\" width=\"219\" height=\"221\" srcset=\"https:\/\/www.infokuryr.cz\/n\/wp-content\/uploads\/2024\/02\/kulhavy-jindrich.jpg 219w, https:\/\/www.infokuryr.cz\/n\/wp-content\/uploads\/2024\/02\/kulhavy-jindrich-150x150.jpg 150w\" sizes=\"(max-width: 219px) 100vw, 219px\" \/><\/p>\n<p>&nbsp;<\/p>\n<\/div>\n","protected":false},"excerpt":{"rendered":"<p>Sou\u010dasn\u00e1 opozice se u\u017e ne\u0161t\u00edt\u00ed ni\u010deho a i jej\u00ed podporovatel\u00e9 v\u00fdrazn\u011b p\u0159itvrdili. Jestli\u017ee p\u0159edstavitel\u00e9 P\u011btikoalice&#8230;<\/p>\n","protected":false},"author":2,"featured_media":96187,"comment_status":"closed","ping_status":"closed","sticky":false,"template":"","format":"standard","meta":[],"categories":[6],"tags":[1503,192,441,2585,122],"_links":{"self":[{"href":"https:\/\/www.infokuryr.cz\/n\/wp-json\/wp\/v2\/posts\/96186"}],"collection":[{"href":"https:\/\/www.infokuryr.cz\/n\/wp-json\/wp\/v2\/posts"}],"about":[{"href":"https:\/\/www.infokuryr.cz\/n\/wp-json\/wp\/v2\/types\/post"}],"author":[{"embeddable":true,"href":"https:\/\/www.infokuryr.cz\/n\/wp-json\/wp\/v2\/users\/2"}],"replies":[{"embeddable":true,"href":"https:\/\/www.infokuryr.cz\/n\/wp-json\/wp\/v2\/comments?post=96186"}],"version-history":[{"count":0,"href":"https:\/\/www.infokuryr.cz\/n\/wp-json\/wp\/v2\/posts\/96186\/revisions"}],"wp:featuredmedia":[{"embeddable":true,"href":"https:\/\/www.infokuryr.cz\/n\/wp-json\/wp\/v2\/media\/96187"}],"wp:attachment":[{"href":"https:\/\/www.infokuryr.cz\/n\/wp-json\/wp\/v2\/media?parent=96186"}],"wp:term":[{"taxonomy":"category","embeddable":true,"href":"https:\/\/www.infokuryr.cz\/n\/wp-json\/wp\/v2\/categories?post=96186"},{"taxonomy":"post_tag","embeddable":true,"href":"https:\/\/www.infokuryr.cz\/n\/wp-json\/wp\/v2\/tags?post=96186"}],"curies":[{"name":"wp","href":"https:\/\/api.w.org\/{rel}","templated":true}]}}