{"id":96184,"date":"2026-01-06T00:19:29","date_gmt":"2026-01-05T23:19:29","guid":{"rendered":"https:\/\/www.infokuryr.cz\/n\/?p=96184"},"modified":"2026-01-05T13:16:29","modified_gmt":"2026-01-05T12:16:29","slug":"zdenek-balek-kratce-k-soucasnemu-deni-ve-venezuele","status":"publish","type":"post","link":"https:\/\/www.infokuryr.cz\/n\/2026\/01\/06\/zdenek-balek-kratce-k-soucasnemu-deni-ve-venezuele\/","title":{"rendered":"Zden\u011bk B\u00e1lek: Kr\u00e1tce k sou\u010dasn\u00e9mu d\u011bn\u00ed ve Venezuele"},"content":{"rendered":"<div id=\"fb-root\"><\/div>\n<p><strong>Vzpom\u00edn\u00e1m si, kdy\u017e p\u0159ed \u010dasem prob\u00edhala ta invaze ISIS z Turecka do S\u00fdrie, tak to nebyla ze strany \u00fato\u010dn\u00edk\u016f \u017e\u00e1dn\u00e1 v\u00fdznamn\u00e1 po\u010detn\u00ed p\u0159evaha! Ale syrsk\u00e1 arm\u00e1da prost\u011b odhazovala zbran\u011b! M\u011bli na to se br\u00e1nit, ale neud\u011blali v\u016fbec nic! Ru\u0161t\u00ed voj\u00e1ci tenkr\u00e1t k\u0159i\u010deli: Sr\u00e1\u010di, a za tyhle jsme tady bojovali?!\u00a0<\/strong><\/p>\n<p>Jen\u017ee Venezuela nen\u00ed p\u0159esnou kopi\u00ed S\u00fdrie! Nad Caracasem si sice voln\u011b l\u00e9taly americk\u00e9 vrtuln\u00edky, a nikdo po nich nest\u0159\u00edlel, nikdo je nesest\u0159eloval, p\u0159esto\u017ee to \u017e\u00e1dn\u00fd probl\u00e9m nebyl, by\u0165 jen s pou\u017eit\u00edm rusk\u00fdch ru\u010dn\u00edch IGEL! Po\u010detn\u00e1 a vycvi\u010den\u00e1 Madurova ochranka tot\u00e1ln\u011b selhala, v\u016fbec ho nebr\u00e1nili, jen ho v tichosti p\u0159edali Ameri\u010dan\u016fm!<\/p>\n<p>Tak\u017ee to, podle mn\u011b, byla hodn\u011b podobn\u00e1 zrada jako v p\u0159\u00edpad\u011b syrsk\u00e9ho Asada! To muselo b\u00fdt, stejn\u011b jako v p\u0159\u00edpad\u011b S\u00fdrie, domluveno s veden\u00edm venezuelsk\u00e9ho gener\u00e1ln\u00edho \u0161t\u00e1bu! Ale z tohoto bych Rusy ani \u010c\u00ed\u0148any rozhodn\u011b nevinil, \u0161lo to mimo n\u011b! Nicm\u00e9n\u011b, jak\u00fd je v\u00fdsledek t\u00e9 precizn\u011b proveden\u00e9 americk\u00e9 operace?<\/p>\n<p>Madurovo m\u00edsto p\u0159evzala jeho v\u00edceprezidentka, ministr venezuelsk\u00e9 obrany \u017eije, do m\u011bst vyrazila venezuelsk\u00e1 arm\u00e1da! Vyjma toho, \u017ee Maduro a jeho man\u017eelka jsou v\u011bzn\u011bni v USA, se nic podstatn\u00e9ho nezm\u011bnilo! Snad krom\u011b toho, \u017ee te\u010f ji\u017e cel\u00e1 Ji\u017en\u00ed Amerika v\u00ed, \u017ee Ameri\u010dan\u00e9 toto mohou prov\u00e9st komukoliv z nich, co\u017e je sjednot\u00ed, a \u017ee z Madura se postupn\u011b stane n\u00e1rodn\u00ed mu\u010dedn\u00edk!<\/p>\n<p>Ameri\u010dan\u00e9 pracuj\u00ed se zastra\u0161ov\u00e1n\u00edm a strachem! To je mnohem \u0161kodliv\u011bj\u0161\u00ed a efektivn\u011bj\u0161\u00ed emoce a n\u00e1stroj ne\u017e p\u0159istoupit na p\u0159\u00edm\u00fd boj! A co s t\u00edm budou d\u00e1le d\u011blat, kdy\u017e se jim nepoda\u0159\u00ed Venezuelu zastra\u0161it, kdy\u017e se jim nepoda\u0159\u00ed protla\u010dit tam prost\u0159ednictv\u00edm pen\u011bz, vyd\u00edr\u00e1n\u00ed a strachu jejich &#8222;venezuelsk\u00e9&#8220; vl\u00e1dn\u00ed veden\u00ed?<\/p>\n<p>No, znova se jim vr\u00e1t\u00ed na po\u0159ad jejich n\u011bkdej\u0161\u00ed prohran\u00e9 intervence ve Vietnamu nebo v Afgh\u00e1nist\u00e1nu atd.! Tedy znovu tam nahnat svoji vlastn\u00ed p\u011bchotu a za\u010d\u00edt tu Venezuelu dob\u00fdvat krok za krokem!<\/p>\n<p>A to by ani Trump, ani jeho administrativa, ani USA, za sou\u010dasn\u00e9 situace, ve kter\u00e9 se nach\u00e1zej\u00ed, nep\u0159e\u017eili!<\/p>\n<p>Ne\u010dekan\u00fd a vyda\u0159en\u00fd \u00fader m\u016f\u017ee b\u00fdt precizn\u00ed a \u0161okuj\u00edc\u00ed, ale pak nutn\u011b mus\u00ed n\u00e1sledovat dal\u0161\u00ed kroky! Ka\u017ed\u00e1 akce, p\u0159edev\u0161\u00edm ta, kter\u00e1 se ne\u0159\u00edd\u00ed \u017e\u00e1dn\u00fdmi respektovan\u00fdmi pravidly, nutn\u011b vyvol\u00e1 protiakci! To je fyzik\u00e1ln\u00ed z\u00e1konitost!<\/p>\n<p>Trump dnes sice m\u016f\u017ee vyk\u0159ikovat, \u017ee z\u00edskal ve\u0161ker\u00e9 venezuelsk\u00e9 zdroje, ale fin\u00e1ln\u00edm v\u00fdsledkem m\u016f\u017ee zrovna tak b\u00fdt, \u017ee prohr\u00e1l cel\u00e9 USA!<\/p>\n<p>Mo\u017en\u00e1 se pletu, ale Trump a ti, co ho do t\u00e9to akce dotla\u010dili, si \u0161l\u00e1pli na po\u0159\u00e1dn\u00e9 hr\u00e1b\u011b a teprve je to postupn\u011b za\u010dne bolet!<\/p>\n<p>A s t\u00edm ani ten nej\u00fa\u017easn\u011bj\u0161\u00ed, nejskv\u011blej\u0161\u00ed a nejm\u00edrov\u011bj\u0161\u00ed sv\u011btov\u00fd v\u016fdce, kter\u00e9mu byla nepr\u00e1vem odep\u0159ena Nobelova cena m\u00edru, nic nenad\u011bl\u00e1!<\/p>\n<p><a href=\"https:\/\/www.czechfreepress.cz\/zdenek-balek\/kratce-k-soucasnemu-deni-ve-venezuele.html\">Zden\u011bk B\u00e1lek<\/a><\/p>\n<p>&nbsp;<\/p>\n","protected":false},"excerpt":{"rendered":"<p>Vzpom\u00edn\u00e1m si, kdy\u017e p\u0159ed \u010dasem prob\u00edhala ta invaze ISIS z Turecka do S\u00fdrie, tak to&#8230;<\/p>\n","protected":false},"author":2,"featured_media":96185,"comment_status":"closed","ping_status":"closed","sticky":false,"template":"","format":"standard","meta":[],"categories":[6],"tags":[1503,2044,181],"_links":{"self":[{"href":"https:\/\/www.infokuryr.cz\/n\/wp-json\/wp\/v2\/posts\/96184"}],"collection":[{"href":"https:\/\/www.infokuryr.cz\/n\/wp-json\/wp\/v2\/posts"}],"about":[{"href":"https:\/\/www.infokuryr.cz\/n\/wp-json\/wp\/v2\/types\/post"}],"author":[{"embeddable":true,"href":"https:\/\/www.infokuryr.cz\/n\/wp-json\/wp\/v2\/users\/2"}],"replies":[{"embeddable":true,"href":"https:\/\/www.infokuryr.cz\/n\/wp-json\/wp\/v2\/comments?post=96184"}],"version-history":[{"count":0,"href":"https:\/\/www.infokuryr.cz\/n\/wp-json\/wp\/v2\/posts\/96184\/revisions"}],"wp:featuredmedia":[{"embeddable":true,"href":"https:\/\/www.infokuryr.cz\/n\/wp-json\/wp\/v2\/media\/96185"}],"wp:attachment":[{"href":"https:\/\/www.infokuryr.cz\/n\/wp-json\/wp\/v2\/media?parent=96184"}],"wp:term":[{"taxonomy":"category","embeddable":true,"href":"https:\/\/www.infokuryr.cz\/n\/wp-json\/wp\/v2\/categories?post=96184"},{"taxonomy":"post_tag","embeddable":true,"href":"https:\/\/www.infokuryr.cz\/n\/wp-json\/wp\/v2\/tags?post=96184"}],"curies":[{"name":"wp","href":"https:\/\/api.w.org\/{rel}","templated":true}]}}