{"id":96178,"date":"2026-01-06T00:24:36","date_gmt":"2026-01-05T23:24:36","guid":{"rendered":"https:\/\/www.infokuryr.cz\/n\/?p=96178"},"modified":"2026-01-05T12:51:21","modified_gmt":"2026-01-05T11:51:21","slug":"spojene-staty-vrazdi-civilisty-ve-spanku-ale-media-povazuji-tuto-operaci-za-odvaznou-a-ohromujici","status":"publish","type":"post","link":"https:\/\/www.infokuryr.cz\/n\/2026\/01\/06\/spojene-staty-vrazdi-civilisty-ve-spanku-ale-media-povazuji-tuto-operaci-za-odvaznou-a-ohromujici\/","title":{"rendered":"Spojen\u00e9 st\u00e1ty vra\u017ed\u00ed civilisty ve sp\u00e1nku, ale m\u00e9dia pova\u017euj\u00ed tuto operaci za \u201eodv\u00e1\u017enou\u201c a \u201eohromuj\u00edc\u00ed\u201c"},"content":{"rendered":"<div id=\"fb-root\"><\/div>\n<p><strong><span dir=\"auto\">Omlouv\u00e1m se za tyto po sob\u011b jdouc\u00ed p\u0159\u00edsp\u011bvky o Venezuele, ale kdy\u017e se naskytne p\u0159\u00edle\u017eitost k u\u010den\u00ed, mus\u00edte ji vyu\u017e\u00edt.<\/span><\/strong><\/p>\n<p><span dir=\"auto\">Je to ji\u017e 24 hodin od doby, kdy Spojen\u00e9 st\u00e1ty unesly venezuelsk\u00e9ho prezidenta Nicol\u00e1se Madura, vybavily ho chr\u00e1ni\u010di sluchu a p\u00e1skou p\u0159es o\u010di ve stylu \u201ev\u00e1lky proti terorismu\u201c a p\u0159evezly ho do New Yorku, aby byl souzen na z\u00e1klad\u011b fale\u0161n\u00e9ho obvin\u011bn\u00ed z veden\u00ed\u00a0<a href=\"https:\/\/www.donotpanic.news\/p\/venezuela-locked-down-as-us-coup\">fiktivn\u00edho\u00a0<\/a><a title=\"\" href=\"https:\/\/www.donotpanic.news\/p\/venezuela-locked-down-as-us-coup\" target=\"_blank\" rel=\"noopener\">drogov\u00e9ho\u00a0<\/a><\/span><a href=\"https:\/\/www.donotpanic.news\/p\/venezuela-locked-down-as-us-coup\"><span dir=\"auto\">kartelu<\/span><\/a><span dir=\"auto\">\u00a0.<\/span><\/p>\n<p><span dir=\"auto\">(Chr\u00e1ni\u010de sluchu a \u010delenka, stejn\u011b jako fotografie zve\u0159ejn\u011bn\u00e1 Spojen\u00fdmi st\u00e1ty, na kter\u00e9 je Maduro v tomto vybaven\u00ed, rovn\u011b\u017e p\u0159edstavuj\u00ed poru\u0161en\u00ed \u017denevsk\u00e9 \u00famluvy.)<\/span><\/p>\n<div class=\"wp-block-image\">\n<figure class=\"aligncenter size-large is-resized\"><img decoding=\"async\" loading=\"lazy\" class=\"wp-image-504121 aligncenter\" src=\"https:\/\/i0.wp.com\/reseauinternational.net\/wp-content\/uploads\/2026\/01\/image-53.png?resize=448%2C1024&amp;ssl=1\" sizes=\"auto, (max-width: 448px) 100vw, 448px\" srcset=\"https:\/\/i0.wp.com\/reseauinternational.net\/wp-content\/uploads\/2026\/01\/image-53.png?resize=448%2C1024&amp;ssl=1 448w, https:\/\/i0.wp.com\/reseauinternational.net\/wp-content\/uploads\/2026\/01\/image-53.png?resize=131%2C300&amp;ssl=1 131w, https:\/\/i0.wp.com\/reseauinternational.net\/wp-content\/uploads\/2026\/01\/image-53.png?w=529&amp;ssl=1 529w\" alt=\"\" width=\"448\" height=\"1024\" data-recalc-dims=\"1\" \/><\/figure>\n<\/div>\n<div class=\"wp-block-spacer\" aria-hidden=\"true\"><\/div>\n<p><span dir=\"auto\">B\u011bhem operace\u00a0<\/span><a title=\"\" href=\"https:\/\/www.nytimes.com\/2026\/01\/03\/world\/americas\/venezuela-airstrike-civilian-deaths.html\" target=\"_blank\" rel=\"noopener\"><span dir=\"auto\">bylo \u00fadajn\u011b zabito nejm\u00e9n\u011b 40 Venezuelan\u016f<\/span><\/a><span dir=\"auto\">\u00a0, v\u010detn\u011b civilist\u016f, kte\u0159\u00ed klidn\u011b spali ve sv\u00fdch postel\u00edch, kdy\u017e jejich budovu zni\u010dila raketa Hellfire odp\u00e1len\u00e1 z americk\u00e9 st\u00edha\u010dky.<\/span><\/p>\n<div class=\"wp-block-image\">\n<figure class=\"aligncenter size-large is-resized\"><img decoding=\"async\" loading=\"lazy\" class=\"wp-image-504124 aligncenter\" src=\"https:\/\/i0.wp.com\/reseauinternational.net\/wp-content\/uploads\/2026\/01\/image-56.png?resize=1024%2C682&amp;ssl=1\" sizes=\"auto, (max-width: 1024px) 100vw, 1024px\" srcset=\"https:\/\/i0.wp.com\/reseauinternational.net\/wp-content\/uploads\/2026\/01\/image-56.png?resize=1024%2C682&amp;ssl=1 1024w, https:\/\/i0.wp.com\/reseauinternational.net\/wp-content\/uploads\/2026\/01\/image-56.png?resize=300%2C200&amp;ssl=1 300w, https:\/\/i0.wp.com\/reseauinternational.net\/wp-content\/uploads\/2026\/01\/image-56.png?resize=768%2C512&amp;ssl=1 768w, https:\/\/i0.wp.com\/reseauinternational.net\/wp-content\/uploads\/2026\/01\/image-56.png?resize=990%2C660&amp;ssl=1 990w, https:\/\/i0.wp.com\/reseauinternational.net\/wp-content\/uploads\/2026\/01\/image-56.png?w=1456&amp;ssl=1 1456w\" alt=\"\" width=\"850\" height=\"566\" data-recalc-dims=\"1\" \/><figcaption class=\"wp-element-caption\"><em><span dir=\"auto\">\u0160kody zp\u016fsoben\u00e9 americkou raketou na obytn\u00e9 budov\u011b v Caracasu.<\/span><\/em><\/figcaption><\/figure>\n<\/div>\n<p><span dir=\"auto\">Podle\u00a0<\/span><a title=\"\" href=\"https:\/\/www.pbs.org\/newshour\/world\/us-strikes-venezuela-and-says-its-leader-maduro-has-been-captured-and-flown-out-of-the-country\" target=\"_blank\" rel=\"noopener\"><em><span dir=\"auto\">PBS<\/span><\/em><span dir=\"auto\">\u00a0,\u00a0<\/span><\/a><a title=\"\" href=\"https:\/\/www.theguardian.com\/us-news\/2026\/jan\/03\/trump-venezuela-oil-industry\" target=\"_blank\" rel=\"noopener\"><em><span dir=\"auto\">The Guardian<\/span><\/em><\/a><span dir=\"auto\">\u00a0,\u00a0<\/span><a title=\"\" href=\"https:\/\/www.washingtonpost.com\/national-security\/2026\/01\/03\/venezuela-maduro-capture-inside-raid\/\" target=\"_blank\" rel=\"noopener\"><em><span dir=\"auto\">The Washington Post<\/span><\/em><\/a><span dir=\"auto\">\u00a0a dal\u0161\u00edch m\u00e9di\u00ed p\u0159edstavuje toto smrteln\u00e9 n\u00e1sil\u00ed a flagrantn\u00ed poru\u0161en\u00ed mezin\u00e1rodn\u00edho pr\u00e1va \u201e\u00a0<\/span><em><span dir=\"auto\">odv\u00e1\u017en\u00fd \u00fatok<\/span><\/em><span dir=\"auto\">\u00a0\u201c\u00a0<\/span><em><span dir=\"auto\">.\u00a0<\/span><\/em><a title=\"\" href=\"https:\/\/abcnews.go.com\/US\/wireStory\/maduro-arrives-us-after-stunning-capture-operation-trump-128884235\" target=\"_blank\" rel=\"noopener\"><em><span dir=\"auto\">ABC News<\/span><\/em><\/a>\u00a0<a title=\"\" href=\"https:\/\/abcnews.go.com\/US\/wireStory\/maduro-arrives-us-after-stunning-capture-operation-trump-128884235\" target=\"_blank\" rel=\"noopener\"><span dir=\"auto\">jej dokonce ozna\u010dila za<\/span><\/a><span dir=\"auto\">\u00a0\u201e\u00a0<\/span><em><span dir=\"auto\">ohromuj\u00edc\u00ed<\/span><\/em><span dir=\"auto\">\u00a0\u201c.\u00a0<\/span><em><span dir=\"auto\">Sky News<\/span><\/em><span dir=\"auto\">\u00a0jej\u00a0<\/span><a title=\"\" href=\"https:\/\/x.com\/Hamza_a96\/status\/2007557211032301805?s=20\" target=\"_blank\" rel=\"noopener\"><span dir=\"auto\">prohl\u00e1sila za<\/span><\/a><span dir=\"auto\">\u00a0\u201e\u00a0<\/span><em><span dir=\"auto\">spektakul\u00e1rn\u00ed<\/span><\/em><span dir=\"auto\">\u00a0\u201c a \u201e\u00a0<\/span><em><span dir=\"auto\">ohromuj\u00edc\u00ed<\/span><\/em><span dir=\"auto\">\u00a0\u201c a zm\u00ednila bomby \u201e\u00a0<\/span><em><span dir=\"auto\">rozsv\u011bcuj\u00edc\u00ed no\u010dn\u00ed oblohu<\/span><\/em><span dir=\"auto\">\u00a0\u201c. \u010clov\u011bk by si mohl myslet, \u017ee popisuj\u00ed sp\u00ed\u0161e silvestrovsk\u00fd oh\u0148ostroj ne\u017e smrt\u00edc\u00ed pu\u010d proti v\u016fdci suver\u00e9nn\u00edho n\u00e1roda.<\/span><\/p>\n<p><span dir=\"auto\">Evrop\u0161t\u00ed l\u00edd\u0159i, od Macrona po Starmera, reagovali opatrn\u011b a odm\u00edtli \u00fatok odsoudit, p\u0159i\u010dem\u017e v\u0161ichni se (\u00a0<\/span><a title=\"\" href=\"https:\/\/open.substack.com\/pub\/ssofidelis\/p\/les-etats-unis-attaquent-le-venezuela?r=egm99&amp;utm_campaign=post&amp;utm_medium=web\" target=\"_blank\" rel=\"noopener\"><span dir=\"auto\">jak se v\u010dera o\u010dek\u00e1valo<\/span><\/a><span dir=\"auto\">\u00a0) odvol\u00e1vali na agresivn\u00ed ospravedln\u011bn\u00ed a tvrdili, \u017ee Maduro je dikt\u00e1tor p\u0159edur\u010den\u00fd k odchodu z moci. Macron obratn\u011b pou\u017eil trpn\u00fd rod, jako by byl Maduro magicky sesazen, a ne jako by se stal ter\u010dem n\u00e1siln\u00e9ho \u00fatoku.<\/span><\/p>\n<div class=\"wp-block-image\">\n<figure class=\"aligncenter size-large is-resized\"><img decoding=\"async\" loading=\"lazy\" class=\"wp-image-504123 aligncenter\" src=\"https:\/\/i0.wp.com\/reseauinternational.net\/wp-content\/uploads\/2026\/01\/image-55.png?resize=1024%2C849&amp;ssl=1\" sizes=\"auto, (max-width: 1024px) 100vw, 1024px\" srcset=\"https:\/\/i0.wp.com\/reseauinternational.net\/wp-content\/uploads\/2026\/01\/image-55.png?resize=1024%2C849&amp;ssl=1 1024w, https:\/\/i0.wp.com\/reseauinternational.net\/wp-content\/uploads\/2026\/01\/image-55.png?resize=300%2C249&amp;ssl=1 300w, https:\/\/i0.wp.com\/reseauinternational.net\/wp-content\/uploads\/2026\/01\/image-55.png?resize=768%2C636&amp;ssl=1 768w, https:\/\/i0.wp.com\/reseauinternational.net\/wp-content\/uploads\/2026\/01\/image-55.png?resize=990%2C820&amp;ssl=1 990w, https:\/\/i0.wp.com\/reseauinternational.net\/wp-content\/uploads\/2026\/01\/image-55.png?w=1202&amp;ssl=1 1202w\" alt=\"\" width=\"739\" height=\"613\" data-recalc-dims=\"1\" \/><span dir=\"auto\"><br \/>\nJihoameri\u010dt\u00ed v\u016fdci samoz\u0159ejm\u011b zaujali jin\u00fd t\u00f3n. Braz\u00edlie, Kolumbie, Kuba a Mexiko odsoudily tento nez\u00e1konn\u00fd v\u00e1le\u010dn\u00fd akt a st\u00e1tn\u00ed terorismus. Zvl\u00e1\u0161t\u011b proto, \u017ee je mo\u017en\u00e9, \u017ee by mohly b\u00fdt dal\u0161\u00ed na \u0159ad\u011b. V\u010dera ve\u010der v rozhovoru pro <\/span><em><span dir=\"auto\">Fox News<\/span><\/em><span dir=\"auto\">\u00a0Trump prohl\u00e1sil:<\/span><\/figure>\n<\/div>\n<p><span dir=\"auto\">\u201e\u00a0<\/span><em><a title=\"\" href=\"https:\/\/x.com\/NikkiMcR\/status\/2007455434186059903?s=20\" target=\"_blank\" rel=\"noopener\"><span dir=\"auto\">Budeme muset s Mexikem n\u011bco ud\u011blat<\/span><\/a><\/em><span dir=\"auto\">\u00a0,\u201c \u201e\u00a0<\/span><em><span dir=\"auto\">Kuba je t\u00e9ma, kter\u00e9mu se d\u0159\u00edve \u010di pozd\u011bji budeme v\u011bnovat<\/span><\/em><span dir=\"auto\">\u00a0,\u201c a \u201e\u00a0<\/span><em><span dir=\"auto\">Budeme muset za\u010d\u00edt znovu v jin\u00fdch zem\u00edch. Zvl\u00e1dneme to. Nikdo n\u00e1s nezastav\u00ed\u00a0<\/span><\/em><span dir=\"auto\"><em>.<\/em>\u00a0\u201c<\/span><\/p>\n<p><a title=\"\" href=\"https:\/\/x.com\/TrumpFile\/status\/2007580924469526693?s=20\" target=\"_blank\" rel=\"noopener\"><span dir=\"auto\">Opravdu to \u0159ekl<\/span><\/a><span dir=\"auto\">\u00a0. Chv\u00e1la a absence odsouzen\u00ed ho povzbudily.<\/span><\/p>\n<p><span dir=\"auto\">Hanba Evrop\u011b, hanba liber\u00e1ln\u00edm v\u016fdc\u016fm a jejich medi\u00e1ln\u00edm poskok\u016fm, kte\u0159\u00ed odsuzovali nebezpe\u010d\u00ed Trumpa, jen aby nakonec schvalovali jeho gangsterstv\u00ed.<\/span><\/p>\n<p><span dir=\"auto\">Aby bylo jasno. Venezuela nebyla utla\u010dov\u00e1na Madurem. Venezuela byla ob\u011bt\u00ed Spojen\u00fdch st\u00e1t\u016f.<\/span><\/p>\n<h3 class=\"wp-block-heading\"><strong><span dir=\"auto\">Bol\u00edvarovsk\u00e1 revoluce<\/span><\/strong><\/h3>\n<p><span dir=\"auto\">Kdy\u017e se Hugo Ch\u00e1vez v roce 1999 dostal k moci po lidov\u00e9m povst\u00e1n\u00ed proti pravicov\u00e9 neoliber\u00e1ln\u00ed vl\u00e1d\u011b a \u00fasporn\u00fdm program\u016fm vnucen\u00fdm MMF, Venezuela byla v trosk\u00e1ch. M\u00edra chudoby p\u0159ekro\u010dila 50 %, t\u00e9m\u011b\u0159 \u010dtvrtina populace \u017eila v extr\u00e9mn\u00ed chudob\u011b, 10 % dosp\u011bl\u00fdch bylo negramotn\u00fdch a kojeneck\u00e1 \u00famrtnost p\u0159ekro\u010dila 20 %.\u00a0<\/span><a title=\"\" href=\"https:\/\/venezuelanalysis.com\/indicators\/2009-3\/\" target=\"_blank\" rel=\"noopener\"><span dir=\"auto\">V dob\u011b Ch\u00e1vezovy smrti a Madurova n\u00e1stupu k moci<\/span><\/a><span dir=\"auto\">\u00a0klesla kojeneck\u00e1 \u00famrtnost na 13,7 na 1 000 \u017eiv\u011b narozen\u00fdch d\u011bt\u00ed, chudoba byla pod 30 %, extr\u00e9mn\u00ed chudoba se sn\u00ed\u017eila o v\u00edce ne\u017e polovinu na 8,5 % a pr\u016fm\u011brn\u00e1 d\u00e9lka \u017eivota se prodlou\u017eila t\u00e9m\u011b\u0159 o dva roky a dos\u00e1hla region\u00e1ln\u00edho pr\u016fm\u011bru. HDP se nav\u00edc zdvojn\u00e1sobil, m\u00edra nezam\u011bstnanosti \u010dinila pouze 7,6 % a na univerzity bylo zaps\u00e1no 2,6 milionu mlad\u00fdch dosp\u011bl\u00fdch, oproti m\u00e9n\u011b ne\u017e jednomu milionu p\u0159ed Ch\u00e1vezem.<\/span><\/p>\n<p><span dir=\"auto\">V t\u00e9 dob\u011b\u00a0<\/span><em><span dir=\"auto\">den\u00edk The Guardian\u00a0<\/span><\/em><a title=\"\" href=\"https:\/\/www.theguardian.com\/commentisfree\/2013\/mar\/05\/hugo-chavez-people-venezuelan-president\" target=\"_blank\" rel=\"noopener\"><span dir=\"auto\">pravideln\u011b informoval<\/span><\/a><span dir=\"auto\">\u00a0o\u00a0<\/span><a title=\"\" href=\"https:\/\/www.theguardian.com\/news\/datablog\/2012\/oct\/04\/venezuela-hugo-chavez-election-data\" target=\"_blank\" rel=\"noopener\"><span dir=\"auto\">\u00fasp\u011b\u0161\u00edch chavismu<\/span><\/a><span dir=\"auto\">\u00a0.<\/span><\/p>\n<h3><strong><span dir=\"auto\">Ka\u017ed\u00fd, kdo opakuje, \u017ee Venezuela byla ochuzena socialistickou revoluc\u00ed, je tedy bu\u010f lh\u00e1\u0159, nebo poskok imperialismu<\/span><\/strong><\/h3>\n<p><span dir=\"auto\">Je pravda, \u017ee od poloviny roku 2010 mnoho z t\u011bchto ukazatel\u016f pokleslo. V\u0161echny spolehliv\u00e9 dokumenty k tomuto t\u00e9matu, v\u010detn\u011b zpr\u00e1v OSN, v\u0161ak p\u0159ipisuj\u00ed odpov\u011bdnost za tuto situaci p\u0159\u00edsn\u00fdm sankc\u00edm uvalen\u00fdm Spojen\u00fdmi st\u00e1ty a Z\u00e1padem, jejich\u017e c\u00edlem bylo zb\u00edda\u010dit Venezuelany a dotla\u010dit je k povst\u00e1n\u00ed.<\/span><\/p>\n<p><a title=\"\" href=\"https:\/\/reliefweb.int\/report\/venezuela-bolivarian-republic\/report-special-rapporteur-negative-impact-unilateral-coercive\" target=\"_blank\" rel=\"noopener\"><span dir=\"auto\">Zpr\u00e1va zve\u0159ejn\u011bn\u00e1 v roce 2021<\/span><\/a><span dir=\"auto\">\u00a0nez\u00e1vislou expertkou OSN pro Venezuelu Alenou Douhanovou tyto praktiky osv\u011btlila.<\/span><\/p>\n<p><span dir=\"auto\">Ve sv\u00e9 zpr\u00e1v\u011b pan\u00ed Douhanov\u00e1 uv\u00e1d\u00ed, \u017ee sank\u010dn\u00ed program proti Venezuele p\u0159edstavuje \u201eekonomickou blok\u00e1du\u201c s ni\u010div\u00fdmi dopady na \u017eivotn\u00ed podm\u00ednky pr\u016fm\u011brn\u00fdch Venezuelan\u016f. Dodala, \u017ee odv\u011btvov\u00e9 sankce proti ropn\u00e9mu, zlat\u00e9mu a t\u011b\u017eebn\u00edmu pr\u016fmyslu, stejn\u011b jako zmrazen\u00ed v\u0161ech aktiv centr\u00e1ln\u00ed banky, \u201e\u00a0<\/span><em><span dir=\"auto\">v\u00fdznamn\u011b sn\u00ed\u017eily p\u0159\u00edjmy, co\u017e ovlivnilo ve\u0159ejn\u00e9 syst\u00e9my elekt\u0159iny, plynu, vody, dopravy, telefon\u016f a komunikac\u00ed, jako\u017e i \u0161koly, nemocnice a dal\u0161\u00ed ve\u0159ejn\u00e9 instituce<\/span><\/em><span dir=\"auto\">\u00a0\u201c.<\/span><\/p>\n<p><span dir=\"auto\">D\u00e1le zd\u016fraznila, \u017ee tyto sankce vyvolaly v\u00e1\u017enou krizi v oblasti zdrav\u00ed, potravin a v\u00fd\u017eivy. Podle zpr\u00e1vy se americk\u00e9 ministerstvo financ\u00ed konkr\u00e9tn\u011b zam\u011b\u0159ilo na potravinov\u00fd program zaveden\u00fd Madurem s c\u00edlem bojovat proti hladu. Zpr\u00e1va doch\u00e1z\u00ed k z\u00e1v\u011bru, \u017ee sank\u010dn\u00ed program proti Venezuele je \u201e\u00a0<\/span><em><span dir=\"auto\">politicky motivovan\u00fd, poru\u0161uje z\u00e1kladn\u00ed lidsk\u00e1 pr\u00e1va a poru\u0161uje mezin\u00e1rodn\u00ed pr\u00e1vo<\/span><\/em><span dir=\"auto\">\u00a0\u201c.<\/span><\/p>\n<h3><strong><span dir=\"auto\">Spojen\u00e9 st\u00e1ty a Z\u00e1pad \u00famysln\u011b paralyzovaly Venezuelu<\/span><\/strong><\/h3>\n<p><span dir=\"auto\">Ka\u017ed\u00fd, kdo opom\u00edj\u00ed tento z\u00e1sadn\u00ed kontext, je bu\u010f lh\u00e1\u0159, nebo loutka. Jin\u00fdmi slovy, cel\u00e1 mainstreamov\u00e1 m\u00e9dia.<\/span><\/p>\n<p><span dir=\"auto\">Na\u0161li jste n\u011bkter\u00e1 z t\u011bchto fakt\u016f, n\u011bkter\u00fd z t\u011bchto aspekt\u016f kontextu, ve zpr\u00e1v\u00e1ch z posledn\u00edch n\u011bkolika dn\u016f? Uvedla mainstreamov\u00e1 m\u00e9dia, \u017ee obvin\u011bn\u00ed z obchodov\u00e1n\u00ed s drogami jsou\u00a0<\/span><a title=\"\" href=\"https:\/\/www.donotpanic.news\/p\/venezuela-locked-down-as-us-coup\" target=\"_blank\" rel=\"noopener\"><span dir=\"auto\">absurdn\u00ed a neopodstatn\u011bn\u00e1<\/span><\/a><span dir=\"auto\">\u00a0? Samoz\u0159ejm\u011b \u017ee ne. Proto\u017ee jejich c\u00edlem nen\u00ed informovat, ale indoktrinovat. Tyto zpr\u00e1vy nemaj\u00ed za c\u00edl vyvolat skepsi nebo hn\u011bv v\u016f\u010di imperialismu a status quo, ale je udr\u017eovat a podporovat.<\/span><\/p>\n<p><span dir=\"auto\">Maduro byl jedn\u00edm z m\u00e1la sv\u011btov\u00fdch v\u016fdc\u016f, kte\u0159\u00ed projevili solidaritu s Palestinci a\u00a0<\/span><a title=\"\" href=\"https:\/\/x.com\/LucasGageX\/status\/2007551927492718838?s=20\" target=\"_blank\" rel=\"noopener\"><span dir=\"auto\">odsoudili sionismus jako nen\u00e1vistnou a teroristickou ideologii<\/span><\/a><span dir=\"auto\">\u00a0. Jeho odchod z politick\u00e9 sc\u00e9ny je tak\u00e9 zcela prosp\u011b\u0161n\u00fd pro Izrael.<\/span><\/p>\n<p><span dir=\"auto\">Podle ofici\u00e1ln\u00ed verze prezentovan\u00e9 z\u00e1padn\u00edmi m\u00e9dii a politickou t\u0159\u00eddou stoj\u00ed opozi\u010dn\u00ed v\u016fdkyn\u011b Maria Corina Machado v \u010dele masivn\u00edho lidov\u00e9ho hnut\u00ed a jej\u00ed strana vyhr\u00e1la posledn\u00ed volby.\u00a0<\/span><a title=\"\" href=\"https:\/\/x.com\/atrupar\/status\/2007505777456492722?s=20\" target=\"_blank\" rel=\"noopener\"><span dir=\"auto\">Trump v\u0161ak v\u010dera ve\u010der prohl\u00e1sil<\/span><\/a><span dir=\"auto\">\u00a0, \u017ee nespl\u0148uje krit\u00e9ria pro v\u016fd\u010d\u00ed roli, proto\u017ee j\u00ed chyb\u00ed v\u0161eobecn\u00fd respekt a podpora. Toto prohl\u00e1\u0161en\u00ed je o to p\u0159ekvapiv\u011bj\u0161\u00ed, \u017ee obvin\u011bn\u00ed vznesen\u00e1 proti Madurovi jako dikt\u00e1torovi se v\u00fdslovn\u011b op\u00edraj\u00ed o \u00fadajnou legitimitu Coriny Machado a \u00fadajnou podporu ve\u0159ejnosti.<\/span><\/p>\n<p><span dir=\"auto\">To je extr\u00e9mn\u011b odhaluj\u00edc\u00ed p\u0159\u00edb\u011bh, kter\u00fd si v mainstreamov\u00fdch m\u00e9di\u00edch nep\u0159e\u010dtete.<\/span><\/p>\n<p><span dir=\"auto\">Ud\u00e1losti posledn\u00edch 24 hodin a p\u0159\u00edb\u011bh imperi\u00e1ln\u00edho n\u00e1sil\u00ed op\u011bt odhaluj\u00ed chybn\u00e1, zkorumpovan\u00e1 a manipulovan\u00e1 m\u00e9dia. Medi\u00e1ln\u00ed kan\u00e1ly, kter\u00e9 odm\u00edtaj\u00ed \u0159\u00edkat pravdu t\u011bm, kte\u0159\u00ed jsou u moci, a rad\u011bji zesiluj\u00ed l\u017ei a propagandu mocn\u00fdch.<\/span><\/p>\n<p><span dir=\"auto\">M\u00e9dia, kter\u00e1 z\u00e1m\u011brn\u011b vynech\u00e1vaj\u00ed jak\u00fdkoli kritick\u00fd pohled a vytv\u00e1\u0159ej\u00ed souhlas s n\u00e1sil\u00edm.<\/span><\/p>\n<p><span dir=\"auto\">M\u00e9dia, kter\u00e1 prohla\u0161uj\u00ed sv\u016fj z\u00e1jem o mezin\u00e1rodn\u00ed pr\u00e1vo, demokracii a utla\u010dovan\u00e9, pak tleskaj\u00ed p\u0159evrat\u016fm a n\u00e1sil\u00ed imp\u00e9ria.<\/span><\/p>\n<p><span dir=\"auto\">Posledn\u00edch 24 hodin op\u011bt uk\u00e1zalo selh\u00e1n\u00ed mainstreamov\u00fdch m\u00e9di\u00ed a nal\u00e9havou pot\u0159ebu, aby se ozvaly nez\u00e1visl\u00e9 hlasy.<\/span><\/p>\n<p><em><span dir=\"auto\">od<a href=\"https:\/\/www.donotpanic.news\/p\/us-murders-sleeping-civilians-media?utm_source=substack&amp;utm_campaign=post_embed&amp;utm_medium=web\">\u00a0<\/a><\/span><a href=\"https:\/\/www.donotpanic.news\/p\/us-murders-sleeping-civilians-media?utm_source=substack&amp;utm_campaign=post_embed&amp;utm_medium=web\"><strong><span dir=\"auto\">Natea Beara<\/span><\/strong><\/a><\/em><\/p>\n<p>&nbsp;<\/p>\n","protected":false},"excerpt":{"rendered":"<p>Omlouv\u00e1m se za tyto po sob\u011b jdouc\u00ed p\u0159\u00edsp\u011bvky o Venezuele, ale kdy\u017e se naskytne p\u0159\u00edle\u017eitost&#8230;<\/p>\n","protected":false},"author":2,"featured_media":96179,"comment_status":"closed","ping_status":"closed","sticky":false,"template":"","format":"standard","meta":[],"categories":[7],"tags":[1503,37,181,934,365],"_links":{"self":[{"href":"https:\/\/www.infokuryr.cz\/n\/wp-json\/wp\/v2\/posts\/96178"}],"collection":[{"href":"https:\/\/www.infokuryr.cz\/n\/wp-json\/wp\/v2\/posts"}],"about":[{"href":"https:\/\/www.infokuryr.cz\/n\/wp-json\/wp\/v2\/types\/post"}],"author":[{"embeddable":true,"href":"https:\/\/www.infokuryr.cz\/n\/wp-json\/wp\/v2\/users\/2"}],"replies":[{"embeddable":true,"href":"https:\/\/www.infokuryr.cz\/n\/wp-json\/wp\/v2\/comments?post=96178"}],"version-history":[{"count":0,"href":"https:\/\/www.infokuryr.cz\/n\/wp-json\/wp\/v2\/posts\/96178\/revisions"}],"wp:featuredmedia":[{"embeddable":true,"href":"https:\/\/www.infokuryr.cz\/n\/wp-json\/wp\/v2\/media\/96179"}],"wp:attachment":[{"href":"https:\/\/www.infokuryr.cz\/n\/wp-json\/wp\/v2\/media?parent=96178"}],"wp:term":[{"taxonomy":"category","embeddable":true,"href":"https:\/\/www.infokuryr.cz\/n\/wp-json\/wp\/v2\/categories?post=96178"},{"taxonomy":"post_tag","embeddable":true,"href":"https:\/\/www.infokuryr.cz\/n\/wp-json\/wp\/v2\/tags?post=96178"}],"curies":[{"name":"wp","href":"https:\/\/api.w.org\/{rel}","templated":true}]}}