{"id":96176,"date":"2026-01-06T00:24:58","date_gmt":"2026-01-05T23:24:58","guid":{"rendered":"https:\/\/www.infokuryr.cz\/n\/?p=96176"},"modified":"2026-01-05T12:43:22","modified_gmt":"2026-01-05T11:43:22","slug":"pri-americkem-utoku-na-venezuelu-bylo-povrazdeno-80-lidi","status":"publish","type":"post","link":"https:\/\/www.infokuryr.cz\/n\/2026\/01\/06\/pri-americkem-utoku-na-venezuelu-bylo-povrazdeno-80-lidi\/","title":{"rendered":"P\u0159i americk\u00e9m \u00fatoku na Venezuelu bylo povra\u017ed\u011bno 80 lid\u00ed"},"content":{"rendered":"<div id=\"fb-root\"><\/div>\n<h3>Kuba ozn\u00e1mila, \u017ee 32 jej\u00edch ob\u010dan\u016f zem\u0159elo p\u0159i vojensk\u00e9 intervenci Washingtonu, jej\u00edm\u017e c\u00edlem byl \u00fanos prezidenta Nicol\u00e1se Madura v Caracasu<\/h3>\n<p><span dir=\"auto\">Po\u010det ob\u011bt\u00ed americk\u00e9ho \u00fatoku na \u00fanos prezidenta Nicol\u00e1se Madura vzrostl na nejm\u00e9n\u011b 80, v\u010detn\u011b voj\u00e1k\u016f i civilist\u016f, uvedl v ned\u011bli den\u00edk New York Times s odvol\u00e1n\u00edm na vysoce postaven\u00e9ho venezuelsk\u00e9ho \u00fa\u0159edn\u00edka.<\/span><\/p>\n<p><span dir=\"auto\">Venezuelsk\u00fd ministr obrany Vladimir Padrino Lopez potvrdil, \u017ee americk\u00e9 s\u00edly b\u011bhem operace zabily\u00a0<\/span><em><span dir=\"auto\">\u201evelkou \u010d\u00e1st\u201c<\/span><\/em><span dir=\"auto\">\u00a0Madurovy ochranky, ani\u017e by uvedl p\u0159esn\u00e9 \u010d\u00edslo. Venezuel\u0161t\u00ed p\u0159edstavitel\u00e9 tak\u00e9 obvinili USA z \u00fatok\u016f na civiln\u00ed oblasti, ale ofici\u00e1ln\u00ed po\u010det ob\u011bt\u00ed zat\u00edm nezve\u0159ejnili.<\/span><\/p>\n<p><span dir=\"auto\">Kub\u00e1n\u0161t\u00ed p\u0159edstavitel\u00e9 mezit\u00edm uvedli, \u017ee p\u0159i \u00fatoku bylo zabito 32 kub\u00e1nsk\u00fdch ob\u010dan\u016f, v\u010detn\u011b voj\u00e1k\u016f. Kub\u00e1nsk\u00fd prezident Miguel D\u00edaz-Canel ozn\u00e1mil, \u017ee 5. a 6. ledna budou ofici\u00e1ln\u00edmi dny smutku.<\/span><\/p>\n<p><em><span dir=\"auto\">\u201eNa\u0161i krajan\u00e9 splnili svou povinnost d\u016fstojn\u011b a hrdinsky a padli po zu\u0159iv\u00e9m odporu v p\u0159\u00edm\u00e9m boji s \u00fato\u010dn\u00edky nebo v d\u016fsledku bombardov\u00e1n\u00ed,\u201c<\/span><\/em><span dir=\"auto\">\u00a0\u0159ekl.<\/span><\/p>\n<p><span dir=\"auto\">Venezuelsk\u00fd ministr zahrani\u010d\u00ed Yvan Gil Pinto vzdal hold zesnul\u00fdm Kub\u00e1nc\u016fm, kte\u0159\u00ed\u00a0<\/span><em><span dir=\"auto\">\u201eob\u011btovali sv\u00e9 \u017eivoty\u201c<\/span><\/em><span dir=\"auto\">\u00a0p\u0159i pln\u011bn\u00ed povinnost\u00ed v r\u00e1mci mis\u00ed pro spolupr\u00e1ci a obranu, a americk\u00fd \u00fatok ozna\u010dil za\u00a0<\/span><em><span dir=\"auto\">\u201ezlo\u010dinn\u00fd a nechvaln\u011b zn\u00e1m\u00fd\u201c<\/span><\/em><span dir=\"auto\">\u00a0.<\/span><\/p>\n<p><span dir=\"auto\">Americk\u00fd prezident Donald Trump uvedl, \u017ee \u017e\u00e1dn\u00ed ameri\u010dt\u00ed voj\u00e1ci nebyli zabiti, nazna\u010dil v\u0161ak, \u017ee n\u011bkte\u0159\u00ed p\u0159\u00edslu\u0161n\u00edci mohli b\u00fdt zran\u011bni. Dva nejmenovan\u00ed ameri\u010dt\u00ed p\u0159edstavitel\u00e9 listu New York Times sd\u011blili, \u017ee b\u011bhem operace s c\u00edlem zajmout Madura a jeho man\u017eelku bylo zran\u011bno asi p\u016fl tuctu voj\u00e1k\u016f.<\/span><\/p>\n<p><span dir=\"auto\">Zpr\u00e1vy v m\u00e9di\u00edch nazna\u010duj\u00ed, \u017ee americk\u00e9 bombardov\u00e1n\u00ed se zam\u011b\u0159ilo na n\u011bkolik kl\u00ed\u010dov\u00fdch vojensk\u00fdch objekt\u016f, komunika\u010dn\u00ed infrastrukturu a sklady. Ameri\u010dt\u00ed p\u0159edstavitel\u00e9 v\u0161ak uvedli, \u017ee leteck\u00e9 \u00fatoky m\u011bly poskytnout kryt\u00ed pro zat\u010den\u00ed Madura, aby mohl b\u00fdt p\u0159edveden do Ameriky a postaven p\u0159ed soud kv\u016fli obvin\u011bn\u00edm z obchodov\u00e1n\u00ed s drogami a zbran\u011bmi.<\/span><\/p>\n<p><span dir=\"auto\">Venezuelsk\u00e9 veden\u00ed dlouhodob\u011b pop\u00edr\u00e1 obvin\u011bn\u00ed z napojen\u00ed na obchod s drogami a tvrd\u00ed, \u017ee obvin\u011bn\u00ed z USA slou\u017e\u00ed pouze jako z\u00e1minka ke zm\u011bn\u011b re\u017eimu.<\/span><\/p>\n<p><img decoding=\"async\" loading=\"lazy\" class=\"alignnone size-full wp-image-1185\" src=\"http:\/\/www.infokuryr.cz\/n\/wp-content\/uploads\/2021\/04\/kuryr-podpis.png\" alt=\"\" width=\"84\" height=\"24\" \/><\/p>\n<p>&nbsp;<\/p>\n","protected":false},"excerpt":{"rendered":"<p>Kuba ozn\u00e1mila, \u017ee 32 jej\u00edch ob\u010dan\u016f zem\u0159elo p\u0159i vojensk\u00e9 intervenci Washingtonu, jej\u00edm\u017e c\u00edlem byl \u00fanos&#8230;<\/p>\n","protected":false},"author":2,"featured_media":96177,"comment_status":"closed","ping_status":"closed","sticky":false,"template":"","format":"standard","meta":[],"categories":[7],"tags":[738,871,37,723,181],"_links":{"self":[{"href":"https:\/\/www.infokuryr.cz\/n\/wp-json\/wp\/v2\/posts\/96176"}],"collection":[{"href":"https:\/\/www.infokuryr.cz\/n\/wp-json\/wp\/v2\/posts"}],"about":[{"href":"https:\/\/www.infokuryr.cz\/n\/wp-json\/wp\/v2\/types\/post"}],"author":[{"embeddable":true,"href":"https:\/\/www.infokuryr.cz\/n\/wp-json\/wp\/v2\/users\/2"}],"replies":[{"embeddable":true,"href":"https:\/\/www.infokuryr.cz\/n\/wp-json\/wp\/v2\/comments?post=96176"}],"version-history":[{"count":0,"href":"https:\/\/www.infokuryr.cz\/n\/wp-json\/wp\/v2\/posts\/96176\/revisions"}],"wp:featuredmedia":[{"embeddable":true,"href":"https:\/\/www.infokuryr.cz\/n\/wp-json\/wp\/v2\/media\/96177"}],"wp:attachment":[{"href":"https:\/\/www.infokuryr.cz\/n\/wp-json\/wp\/v2\/media?parent=96176"}],"wp:term":[{"taxonomy":"category","embeddable":true,"href":"https:\/\/www.infokuryr.cz\/n\/wp-json\/wp\/v2\/categories?post=96176"},{"taxonomy":"post_tag","embeddable":true,"href":"https:\/\/www.infokuryr.cz\/n\/wp-json\/wp\/v2\/tags?post=96176"}],"curies":[{"name":"wp","href":"https:\/\/api.w.org\/{rel}","templated":true}]}}