{"id":96164,"date":"2026-01-06T00:17:31","date_gmt":"2026-01-05T23:17:31","guid":{"rendered":"https:\/\/www.infokuryr.cz\/n\/?p=96164"},"modified":"2026-01-05T12:17:16","modified_gmt":"2026-01-05T11:17:16","slug":"ochrana-vlastniho-obchodniho-modelu-nemecke-cirkve-stale-casteji-zabranuji-deportacim","status":"publish","type":"post","link":"https:\/\/www.infokuryr.cz\/n\/2026\/01\/06\/ochrana-vlastniho-obchodniho-modelu-nemecke-cirkve-stale-casteji-zabranuji-deportacim\/","title":{"rendered":"Ochrana vlastn\u00edho obchodn\u00edho modelu: N\u011bmeck\u00e9 c\u00edrkve st\u00e1le \u010dast\u011bji zabra\u0148uj\u00ed deportac\u00edm"},"content":{"rendered":"<div id=\"fb-root\"><\/div>\n<p><strong><span dir=\"auto\">Neleg\u00e1ln\u00ed masov\u00e1 migrace, zneu\u017e\u00edv\u00e1n\u00ed pr\u00e1va na azyl, stav\u00ed pr\u00e1vn\u00ed st\u00e1t naruby. Kdykoli se \u00fa\u0159ady v\u00fdjime\u010dn\u011b pokus\u00ed o deportaci migrant\u016f, kte\u0159\u00ed jsou ze z\u00e1kona povinni opustit zemi, zasahuj\u00ed nejen levicov\u00e9 nevl\u00e1dn\u00ed organizace, ale i zaveden\u00e9 c\u00edrkve: po\u010det p\u0159\u00edpad\u016f tzv. c\u00edrkevn\u00edho azylu ji\u017e l\u00e9ta neust\u00e1le roste. Migranti, za kter\u00e9 by podle dublinsk\u00e9ho na\u0159\u00edzen\u00ed nesly odpov\u011bdnost jin\u00e9 st\u00e1ty EU, jsou dr\u017eeni v n\u011bmeck\u00e9m azylov\u00e9m syst\u00e9mu, co\u017e znamen\u00e1, \u017ee n\u011bme\u010dt\u00ed ob\u010dan\u00e9 za n\u011b i nad\u00e1le nesou finan\u010dn\u00ed odpov\u011bdnost.<\/span><\/strong><\/p>\n<p><span dir=\"auto\">Bezzubost n\u011bmeck\u00e9ho azylov\u00e9ho syst\u00e9mu, kter\u00fd se po desetilet\u00ed zvrhl z u\u0161lechtil\u00e9ho z\u00e1kladn\u00edho pr\u00e1va na br\u00e1nu pro neleg\u00e1ln\u00ed masovou migraci, kter\u00e1 byla milionkr\u00e1t zneu\u017e\u00edv\u00e1na, se nejbolestiv\u011bji projevuje v systematick\u00e9m selh\u00e1n\u00ed jeho n\u011bkolika m\u00e1lo pokus\u016f o vym\u00e1h\u00e1n\u00ed pr\u00e1va.<\/span><\/p>\n<p><span dir=\"auto\">\u00da\u0159ady se sna\u017e\u00ed deportovat jen zlomek ze stovek tis\u00edc odm\u00edtnut\u00fdch \u017eadatel\u016f o azyl, kte\u0159\u00ed jsou ze z\u00e1kona povinni opustit zemi \u2013 navzdory v\u0161em plan\u00fdm prohl\u00e1\u0161en\u00edm se to nezm\u011bnilo, a to ani za sou\u010dasn\u00e9 koali\u010dn\u00ed vl\u00e1dy. A z t\u011bchto p\u0159\u00edli\u0161 mal\u00e9ho po\u010dtu pokus\u016f o deportaci v\u011bt\u0161ina sel\u017ee kv\u016fli \u00famysln\u00e9mu br\u00e1n\u011bn\u00ed ze strany st\u00e1tem financovan\u00fdch lobbist\u016f nevl\u00e1dn\u00edch organizac\u00ed, organizovan\u00fdch levicov\u00fdch extremist\u016f a ziskuchtiv\u00fdch akt\u00e9r\u016f v azylov\u00e9m pr\u016fmyslu.<\/span><\/p>\n<h3 id=\"h-sozialkonzerne-mit-angehangtem-weltanschauungsbetrieb\" class=\"wp-block-heading\"><span dir=\"auto\">Soci\u00e1ln\u00ed podniky s napojen\u00fdmi ideologick\u00fdmi byznysy<\/span><\/h3>\n<p><span dir=\"auto\">Zaveden\u00e9 c\u00edrkve, kter\u00e9 jako\u017eto mocn\u00e9 spole\u010densk\u00e9 korporace s nav\u00e1zan\u00fdmi ideologick\u00fdmi podniky hraj\u00ed vedouc\u00ed roli v azylov\u00e9m pr\u016fmyslu s mnohamiliardov\u00fdm obratem na \u00fakor zem\u011b a jej\u00edch ob\u010dan\u016f, hraj\u00ed kl\u00ed\u010dovou roli i v s\u00edti sabot\u00e9r\u016f deportac\u00ed. Jejich p\u0159\u00ednos se v \u017e\u00e1dn\u00e9m p\u0159\u00edpad\u011b neomezuje pouze na obvyklou sm\u011bs ve\u0159ejn\u011b oslavovan\u00e9ho mor\u00e1ln\u00edho vyd\u00edr\u00e1n\u00ed a humanit\u00e1rn\u00edho pokrytectv\u00ed.<\/span><\/p>\n<p><span dir=\"auto\">Prost\u0159ednictv\u00edm n\u00e1stroje tzv. \u201ec\u00edrkevn\u00edho azylu\u201c ob\u011b zaveden\u00e9 c\u00edrkve, protestantsk\u00e1 i katolick\u00e1, p\u0159\u00edmo \u00fato\u010d\u00ed na pr\u00e1vn\u00ed st\u00e1t a p\u0159\u00edmo se pod\u00edlej\u00ed na erozi a podkop\u00e1v\u00e1n\u00ed platn\u00fdch z\u00e1kon\u016f.<\/span><\/p>\n<h3 id=\"h-kirchenasyl-als-klientelpolitisches-kampfinstrument\" class=\"wp-block-heading\"><span dir=\"auto\">\u201eC\u00edrkevn\u00ed azyl\u201c jako n\u00e1stroj klientelistick\u00e9 politiky<\/span><\/h3>\n<p><span dir=\"auto\">Samotn\u00fd term\u00edn je stejn\u011b l\u017eiv\u00fd a zkreslen\u00fd jako samotn\u00e9 n\u011bmeck\u00e9 azylov\u00e9 pr\u00e1vo, kter\u00e9 m\u00e1 dnes jen okrajov\u011b a v n\u011bkolika v\u00fdjime\u010dn\u00fdch p\u0159\u00edpadech co do \u010din\u011bn\u00ed s p\u016fvodn\u011b zam\u00fd\u0161lenou ochranou politicky pron\u00e1sledovan\u00fdch. Praxe, zako\u0159en\u011bn\u00e1 ve Star\u00e9m z\u00e1kon\u011b a p\u0159edk\u0159es\u0165ansk\u00fdch starov\u011bk\u00fdch p\u0159edstav\u00e1ch, \u017ee pron\u00e1sledovan\u00ed mohou naj\u00edt \u00fato\u010di\u0161t\u011b p\u0159ed sv\u00e9volnou moc\u00ed sv\u011btsk\u00fdch autorit na posv\u00e1tn\u00fdch m\u00edstech, byla c\u00edrkvemi zvr\u00e1cena v n\u00e1stroj klientelistick\u00e9 politiky, kter\u00fd pou\u017e\u00edvaj\u00ed k obhajob\u011b sv\u00e9ho neleg\u00e1ln\u00edho migra\u010dn\u00edho byznysu v\u0161emi nezbytn\u00fdmi prost\u0159edky, v\u010detn\u011b t\u011bch neleg\u00e1ln\u00edch.<\/span><\/p>\n<p><span dir=\"auto\">P\u0159edpoklad ochrany neleg\u00e1ln\u00edch migrant\u016f a \u017eadatel\u016f o azyl p\u0159ed vlivem st\u00e1tu jejich ubytov\u00e1n\u00edm v c\u00edrkevn\u00edch instituc\u00edch se uchytil b\u011bhem azylov\u00e9 krize v 80. letech, kdy zejm\u00e9na Evangelick\u00e1 c\u00edrkev v N\u011bmecku (EKD) p\u0159ijala multikulturalismus jako lukrativn\u00ed alternativn\u00ed obchodn\u00ed model v dob\u011b klesaj\u00edc\u00ed n\u00e1bo\u017eensk\u00e9 p\u0159\u00edslu\u0161nosti. Po zp\u0159\u00edsn\u011bn\u00ed azylov\u00fdch z\u00e1kon\u016f v r\u00e1mci \u201eazylov\u00e9ho kompromisu\u201c z roku 1993 dohodnut\u00e9ho mezi CDU\/CSU a SPD se fra\u0161ka s \u201ec\u00edrkevn\u00edm azylem\u201c stala trvalou sou\u010d\u00e1st\u00ed reperto\u00e1ru c\u00edrkevn\u00edho migra\u010dn\u00edho divadla.<\/span><\/p>\n<h3 id=\"h-tausende-verhinderte-abschiebungen\" class=\"wp-block-heading\"><span dir=\"auto\">Tis\u00edc\u016fm deportac\u00ed zabr\u00e1n\u011bno<\/span><\/h3>\n<p><span dir=\"auto\">V sou\u010dasn\u00e9 dob\u011b tato \u010d\u00edsla op\u011bt exploduj\u00ed. Za pouh\u00e9 t\u0159i roky se po\u010det p\u0159\u00edpad\u016f \u201ec\u00edrkevn\u00edho azylu\u201c od roku 2020 ztrojn\u00e1sobil, jak v roce 2023 zjistil poslanec parlamentu za AfD Stephan Brandner. V d\u016fsledku toho se od roku 2019 zabr\u00e1nilo t\u00e9m\u011b\u0159 6 000 deportac\u00edm do jin\u00fdch zem\u00ed EU v r\u00e1mci na\u0159\u00edzen\u00ed Dublin III.<\/span><\/p>\n<p><span dir=\"auto\">Podle Spolkov\u00e9ho \u00fa\u0159adu pro migraci a uprchl\u00edky (BAMF) bylo v roce 2024 zaznamen\u00e1no 2 386 p\u0159\u00edpad\u016f c\u00edrkevn\u00edho azylu, co\u017e je o v\u00edce ne\u017e 300 v\u00edce ne\u017e v p\u0159edchoz\u00edm roce. 1 813 migrant\u016f na\u0161lo \u00fato\u010di\u0161t\u011b v protestantsk\u00fdch farnostech, 425 v katolick\u00fdch farnostech a 148 ve svobodn\u00fdch kostelech. Po\u010det p\u0159\u00edpad\u016f c\u00edrkevn\u00edho azylu v prvn\u00edm \u010dtvrtlet\u00ed roku 2025 op\u011bt vzrostl. \u00dapln\u00e9 statistiky nejsou k dispozici; \u010d\u00edsla vych\u00e1zej\u00ed z dotaz\u016f u jednotliv\u00fdch region\u00e1ln\u00edch c\u00edrkv\u00ed a \u00fadaj\u016f poskytnut\u00fdch c\u00edrkevn\u00edmi \u00fa\u0159ady.<\/span><\/p>\n<h3 id=\"h-schutz-aber-nur-fur-das-eigene-geschaftsmodell\" class=\"wp-block-heading\"><span dir=\"auto\">\u201eOchrana\u201c \u2013 ale pouze pro vlastn\u00ed obchodn\u00ed model<\/span><\/h3>\n<p><span dir=\"auto\">Vysoce zn\u011bj\u00edc\u00ed r\u00e9torika \u2013 \u017ee ti, kte\u0159\u00ed nab\u00edzej\u00ed \u201ec\u00edrkevn\u00ed azyl\u201c, se \u00fadajn\u011b zaj\u00edmaj\u00ed o ochranu obzvl\u00e1\u0161t\u011b zraniteln\u00fdch \u201euprchl\u00edk\u016f\u201c, kte\u0159\u00ed jsou \u00fadajn\u011b v \u201eohro\u017een\u00ed \u017eivota a zdrav\u00ed\u201c p\u0159ed deportac\u00ed \u2013 neobstoj\u00ed p\u0159i zkoum\u00e1n\u00ed. Ve velk\u00e9 v\u011bt\u0161in\u011b p\u0159\u00edpad\u016f slou\u017e\u00ed \u201ec\u00edrkevn\u00ed azyl\u201c k zabr\u00e1n\u011bn\u00ed deportac\u00edm do zem\u00ed EU prvn\u00edho vstupu podle na\u0159\u00edzen\u00ed Dublin III \u2013 tedy do zem\u00ed, kde doty\u010dn\u00e9 osoby ne\u010del\u00ed \u017e\u00e1dn\u00e9mu nelidsk\u00e9mu nebezpe\u010d\u00ed, ale pouze m\u00e9n\u011b pohodln\u00fdm soci\u00e1ln\u00edm d\u00e1vk\u00e1m.<\/span><\/p>\n<p><span dir=\"auto\">Jin\u00fdmi slovy, c\u00edlem je neleg\u00e1ln\u011b udr\u017eet \u017eadatele o azyl v n\u011bmeck\u00e9m azylov\u00e9m syst\u00e9mu, aby za n\u011b n\u011bme\u010dt\u00ed da\u0148ov\u00ed poplatn\u00edci i nad\u00e1le museli platit. Nejsou tedy \u201echr\u00e1n\u011bny\u201c \u00fadajn\u00e9 \u201ep\u0159\u00edpady nouze\u201c, ale p\u0159edev\u0161\u00edm obchodn\u00ed model organizac\u00ed soci\u00e1ln\u00edch slu\u017eeb napojen\u00fdch na c\u00edrkev, kter\u00e9 samy pat\u0159\u00ed k nejv\u011bt\u0161\u00edm hr\u00e1\u010d\u016fm v azylov\u00e9m a migra\u010dn\u00edm byznysu.<\/span><\/p>\n<p><span dir=\"auto\">Toto podnik\u00e1n\u00ed je lukrativn\u00ed, ziskov\u011bj\u0161\u00ed ne\u017e mnoho v\u011bc\u00ed, kter\u00e9 spadaj\u00ed do tradi\u010dn\u00edho r\u00e1mce c\u00edrkevn\u00edch soci\u00e1ln\u00edch slu\u017eeb. K\u0159es\u0165ansk\u00fd provozovatel domova d\u016fchodc\u016f v berl\u00ednsk\u00e9 \u010dtvrti Wedding to s brut\u00e1ln\u00ed d\u016fslednost\u00ed demonstroval, kdy\u017e na ja\u0159e roku 2023 bezcitn\u011b vyst\u011bhoval sv\u00e9 star\u0161\u00ed a nemocn\u00e9 obyvatele, aby pokoje zaplnil \u017eadateli o azyl.<\/span><\/p>\n<p><span dir=\"auto\">\u201eUprchl\u00edci\u201c vy\u017eaduj\u00ed m\u00e9n\u011b person\u00e1lu a generuj\u00ed vy\u0161\u0161\u00ed ziskov\u00e9 mar\u017ee. Pro skupinu soci\u00e1ln\u00edch slu\u017eeb EKD Diakonie, do kter\u00e9 doty\u010dn\u00e1 instituce pat\u0159\u00ed, jsou \u201elidskost\u201c a \u201esoucit\u201c p\u0159edev\u0161\u00edm ot\u00e1zkou zisku.<\/span><\/p>\n<h3 id=\"h-vorsatzliche-fristverschleppung\" class=\"wp-block-heading\"><span dir=\"auto\">\u00damysln\u00e9 zpo\u017ed\u011bn\u00ed lh\u016fty<\/span><\/h3>\n<p><span dir=\"auto\">Zaveden\u00e9 c\u00edrkve a jejich sbory p\u0159irozen\u011b nemaj\u00ed v \u00famyslu trvale platit za sv\u00e9 chr\u00e1n\u011bnce, kter\u00fdm tak \u0161t\u011bd\u0159e poskytuj\u00ed \u201ec\u00edrkevn\u00ed azyl\u201c.<\/span><\/p>\n<p><span dir=\"auto\">Pro to stejn\u011b neexistuje \u017e\u00e1dn\u00fd pr\u00e1vn\u00ed z\u00e1klad. V roce 2015, v roce protr\u017een\u00ed p\u0159ehrady, se feder\u00e1ln\u00ed ministerstvo vnitra tehdej\u0161\u00ed Merkelov\u00e9 vl\u00e1dy dohodlo se z\u00e1stupci c\u00edrkv\u00ed, \u017ee v \u201eod\u016fvodn\u011bn\u00fdch v\u00fdjime\u010dn\u00fdch p\u0159\u00edpadech, aby se p\u0159ede\u0161lo zvl\u00e1\u0161tn\u00edm humanit\u00e1rn\u00edm obt\u00ed\u017e\u00edm\u201c, by m\u011bl b\u00fdt mezi c\u00edrkv\u00ed a \u00fa\u0159ady proveden \u201ep\u0159ezkum zam\u011b\u0159en\u00fd na \u0159e\u0161en\u00ed p\u0159\u00edpad od p\u0159\u00edpadu\u201c.<\/span><\/p>\n<p><span dir=\"auto\">\u00da\u010del poru\u0161en\u00ed z\u00e1kona c\u00edrkv\u00ed byl tedy ji\u017e dosa\u017een: Zat\u00edmco c\u00edrkve a \u00fa\u0159ady \u201evyjedn\u00e1vaj\u00ed\u201c, lh\u016fty pro n\u00e1vrat podle Dublinsk\u00e9 dohody, kter\u00e9 jsou ji\u017e tak t\u011bsn\u00fdch \u0161est m\u011bs\u00edc\u016f, obvykle vypr\u0161\u00ed. \u201ePr\u00e1vn\u011b platn\u00e9 deportace se proto odkl\u00e1daj\u00ed o m\u011bs\u00edce nebo zcela sel\u017eou, proto\u017ee se prome\u0161kaj\u00ed d\u016fle\u017eit\u00e9 lh\u016fty,\u201c stru\u010dn\u011b vysv\u011btlil den\u00edku \u201eBild\u201c pracovn\u00edk azylov\u00e9 slu\u017eby.<\/span><\/p>\n<p><span dir=\"auto\">Pot\u00e9 ji\u017e nelze podle pr\u00e1va EU neleg\u00e1ln\u00ed migranty p\u0159ev\u00e1d\u011bt do zem\u011b jejich prvn\u00edho vstupu a odpov\u011bdnost v kone\u010dn\u00e9m d\u016fsledku nese Spolkov\u00e1 republika N\u011bmecko, kter\u00e1 po zam\u00edtnut\u00ed jejich \u017e\u00e1dosti o azyl m\u016f\u017ee \u017eadatele o azyl nanejv\u00fd\u0161 vr\u00e1tit p\u0159\u00edmo do jeho zem\u011b p\u016fvodu. Je dob\u0159e zn\u00e1mo, jak z\u0159\u00eddka se to skute\u010dn\u011b poda\u0159\u00ed.<\/span><\/p>\n<h3 id=\"h-systematische-sabotage\" class=\"wp-block-heading\"><span dir=\"auto\">Systematick\u00e1 sabot\u00e1\u017e<\/span><\/h3>\n<p><span dir=\"auto\">Skute\u010dnost, \u017ee se nejedn\u00e1 jen o \u201eojedin\u011bl\u00e9 p\u0159\u00edpady\u201c, ale o obecnou sabot\u00e1\u017e posledn\u00edch zb\u00fdvaj\u00edc\u00edch omezen\u00ed a limit\u016f n\u011bmeck\u00e9ho azylov\u00e9ho syst\u00e9mu, potvrzuje p\u0159\u00edpad t\u0159\u00ed Som\u00e1lc\u016f, kter\u00e9 evidentn\u011b vyslala nevl\u00e1dn\u00ed organizace \u201ePro Asyl\u201c, kter\u00e1 se zab\u00fdv\u00e1 migra\u010dn\u00ed lobbistickou politikou, aby prost\u0159ednictv\u00edm testovac\u00edho p\u0159\u00edpadu zru\u0161ili odm\u00edtnut\u00ed vstupu na hranice na\u0159\u00edzen\u00e1 spolkov\u00fdm ministrem vnitra Alexandrem Dobrindtem (CSU).<\/span><\/p>\n<p><span dir=\"auto\">Po demonstrativn\u00edm vstupu p\u0159es polsk\u00e9 hranice, tj. z bezpe\u010dn\u00e9 t\u0159et\u00ed zem\u011b, a n\u00e1sledn\u00e9m odm\u00edtnut\u00ed, kter\u00e9 bylo \u010d\u00e1ste\u010dn\u011b vyprovokov\u00e1no p\u0159edlo\u017een\u00edm pad\u011blan\u00fdch doklad\u016f, podali t\u0159i Som\u00e1lci s podporou a intenzivn\u00ed pomoc\u00ed organizace \u201ePro Asyl\u201c \u017ealobu k berl\u00ednsk\u00e9mu spr\u00e1vn\u00edmu soudu. P\u0159edsedaj\u00edc\u00ed soudce, samozvan\u00fd \u010dlen Strany zelen\u00fdch a zaryt\u00fd odp\u016frce jak\u00fdchkoli p\u0159\u00edsn\u011bj\u0161\u00edch azylov\u00fdch pravidel, na\u0159\u00eddil na \u017e\u00e1dost p\u0159ezkum podle dublinsk\u00e9ho na\u0159\u00edzen\u00ed.<\/span><\/p>\n<p><span dir=\"auto\">Aby se p\u0159\u00edpadn\u00e1 deportace zp\u011bt do Polska nebo Litvy je\u0161t\u011b v\u00edce zkomplikovala, protestantsk\u00fd c\u00edrkevn\u00ed sbor v Berl\u00edn\u011b ud\u011blil t\u0159em Som\u00e1lc\u016fm \u201ec\u00edrkevn\u00ed azyl\u201c. Berl\u00ednsk\u00fd protestantsk\u00fd biskup Christian St\u00e4blein pov\u00fd\u0161il tento nez\u00e1konn\u00fd man\u00e9vr na principi\u00e1ln\u00ed ot\u00e1zku: Setkal se s t\u011bmito t\u0159emi Som\u00e1lci, vydal ve\u0159ejn\u00e9 prohl\u00e1\u0161en\u00ed vyvol\u00e1vaj\u00edc\u00ed soucit a vyzval nikoli sv\u016fj vlastn\u00ed c\u00edrkevn\u00ed sbor, ale feder\u00e1ln\u00ed vl\u00e1du, aby \u201ep\u0159ezkoumala sv\u00e9 vlastn\u00ed \u010diny\u201c.<\/span><\/p>\n<h3 id=\"h-linksextreme-drohkulissen\" class=\"wp-block-heading\"><span dir=\"auto\">Hrozby krajn\u00ed levice<\/span><\/h3>\n<p><span dir=\"auto\">Tento p\u0159\u00edpad n\u00e1zorn\u011b ilustruje, jak c\u00edrkve, azylov\u00fd pr\u016fmysl a pseudo-\u201enevl\u00e1dn\u00ed organizace\u201c spolupracuj\u00ed ruku v ruce na prosazen\u00ed vlastn\u00edch viz\u00ed azylov\u00e9 a migra\u010dn\u00ed politiky. C\u00edrkve poskytuj\u00ed prostory a infrastrukturu pro poru\u0161ov\u00e1n\u00ed z\u00e1kona, nevl\u00e1dn\u00ed organizace organizuj\u00ed dodavatelsk\u00fd \u0159et\u011bzec a v p\u0159\u00edpad\u011b pot\u0159eby poskytuje militantn\u00ed bezpe\u010dnost i krajn\u011b levicov\u00e1 sc\u00e9na, kter\u00e1 je s ob\u011bma dob\u0159e propojena.<\/span><\/p>\n<p><span dir=\"auto\">Stalo se to nap\u0159\u00edklad v komunitn\u00edm centru Zion v br\u00e9msk\u00e9 \u010dtvrti Neustadt, kam takzvan\u00e1 \u201erada pro uprchl\u00edky\u201c pa\u0161ovala neleg\u00e1ln\u00ed imigranty prost\u0159ednictv\u00edm \u201ec\u00edrkevn\u00edho azylu\u201c a vyz\u00fdvala k demonstrac\u00edm proti pl\u00e1novan\u00fdm deportac\u00edm, na nich\u017e pak militantn\u00ed levicov\u00ed extremist\u00e9 poskytli odpov\u00eddaj\u00edc\u00ed v\u00fdhru\u017enou kulisu.<\/span><\/p>\n<h3 id=\"h-kontrollverlust\" class=\"wp-block-heading\"><span dir=\"auto\">Ztr\u00e1ta kontroly<\/span><\/h3>\n<p><span dir=\"auto\">Vzhledem k rozsahu, kter\u00e9ho se \u0161ar\u00e1da s \u201ec\u00edrkevn\u00edm azylem\u201c rozrostla, se i n\u011bkte\u0159\u00ed zaveden\u00ed politici za\u010d\u00ednaj\u00ed b\u00e1t. Pot\u00e9, co \u010dty\u0159i Afgh\u00e1nci, kte\u0159\u00ed m\u011bli b\u00fdt deportov\u00e1ni z Hamburku zp\u011bt do \u0160v\u00e9dska, z\u00edskali \u201eazyl\u201c v berl\u00ednsk\u00e9m kostele, si prvn\u00ed starosta Hamburku Peter Tschentscher (SPD) p\u00edsemn\u011b st\u011b\u017eoval berl\u00ednsk\u00e9mu starostovi Kai Wegnerovi (CDU), kter\u00fd odm\u00edtl po\u017eadovanou pomoc s deportac\u00ed z \u201ec\u00edrkevn\u00edho azylu\u201c: Spolupr\u00e1ce mezi c\u00edrkevn\u00edmi sbory a berl\u00ednskou polici\u00ed br\u00e1n\u00ed vym\u00e1h\u00e1n\u00ed pr\u00e1va a po\u0159\u00e1dku.<\/span><\/p>\n<p><span dir=\"auto\">Berl\u00ednsk\u00fd sen\u00e1t nam\u00edtl, \u017ee Hamburk odm\u00edtl nab\u00eddku pou\u017e\u00edt vlastn\u00ed policejn\u00ed s\u00edly k vypro\u0161t\u011bn\u00ed osob pot\u0159ebn\u00fdch k opu\u0161t\u011bn\u00ed zem\u011b z \u00fakrytu c\u00edrkve. Dokud si zaveden\u00e1 politick\u00e1 t\u0159\u00edda dovol\u00ed setrv\u00e1vat u takov\u00fdch r\u00e9torick\u00fdch prost\u0159edk\u016f, zneu\u017e\u00edv\u00e1n\u00ed a ztr\u00e1ta kontroly mohou ne\u00fanavn\u011b pokra\u010dovat.<\/span><\/p>\n<p><span dir=\"auto\">Alternativa pro N\u011bmecko (AfD) naopak zauj\u00edm\u00e1 d\u016fsledn\u00fd postoj proti \u201ec\u00edrkevn\u00edmu azylu\u201c: Tato nez\u00e1konn\u00e1 praxe nen\u00ed ni\u010d\u00edm jin\u00fdm ne\u017e \u201epohrd\u00e1n\u00edm pr\u00e1vn\u00edm st\u00e1tem,\u201c uv\u00e1d\u00ed jejich poslanec Stephan Brandner. Parlamentn\u00ed skupina AfD v n\u011bmeck\u00e9m Bundestagu v posledn\u00edch dvou volebn\u00edch obdob\u00edch p\u0159edlo\u017eila n\u00e1vrhy po\u017eaduj\u00edc\u00ed okam\u017eit\u00e9 ukon\u010den\u00ed dohody o c\u00edrkevn\u00edm azylu uzav\u0159en\u00e9 24. \u00fanora 2015 mezi Spolkov\u00fdm \u00fa\u0159adem pro migraci a uprchl\u00edky a z\u00e1stupci katolick\u00e9 a protestantsk\u00e9 c\u00edrkve.<\/span><\/p>\n<p><em><span dir=\"auto\">\u010cl\u00e1nek se poprv\u00e9 objevil v den\u00edku <\/span><a href=\"https:\/\/deutschlandkurier.de\/2026\/01\/das-geschaeft-mit-dem-kirchenasyl-wie-kirchen-ngo-asylindustrie-und-linksextremisten-den-rechtsstaat-ausbooten\/\"><span dir=\"auto\">Deutschlandkurier<\/span><\/a><span dir=\"auto\">\u00a0<\/span><\/em><\/p>\n<p>&nbsp;<\/p>\n","protected":false},"excerpt":{"rendered":"<p>Neleg\u00e1ln\u00ed masov\u00e1 migrace, zneu\u017e\u00edv\u00e1n\u00ed pr\u00e1va na azyl, stav\u00ed pr\u00e1vn\u00ed st\u00e1t naruby. Kdykoli se \u00fa\u0159ady v\u00fdjime\u010dn\u011b&#8230;<\/p>\n","protected":false},"author":2,"featured_media":96165,"comment_status":"closed","ping_status":"closed","sticky":false,"template":"","format":"standard","meta":[],"categories":[7],"tags":[9565,1891,119,84],"_links":{"self":[{"href":"https:\/\/www.infokuryr.cz\/n\/wp-json\/wp\/v2\/posts\/96164"}],"collection":[{"href":"https:\/\/www.infokuryr.cz\/n\/wp-json\/wp\/v2\/posts"}],"about":[{"href":"https:\/\/www.infokuryr.cz\/n\/wp-json\/wp\/v2\/types\/post"}],"author":[{"embeddable":true,"href":"https:\/\/www.infokuryr.cz\/n\/wp-json\/wp\/v2\/users\/2"}],"replies":[{"embeddable":true,"href":"https:\/\/www.infokuryr.cz\/n\/wp-json\/wp\/v2\/comments?post=96164"}],"version-history":[{"count":0,"href":"https:\/\/www.infokuryr.cz\/n\/wp-json\/wp\/v2\/posts\/96164\/revisions"}],"wp:featuredmedia":[{"embeddable":true,"href":"https:\/\/www.infokuryr.cz\/n\/wp-json\/wp\/v2\/media\/96165"}],"wp:attachment":[{"href":"https:\/\/www.infokuryr.cz\/n\/wp-json\/wp\/v2\/media?parent=96164"}],"wp:term":[{"taxonomy":"category","embeddable":true,"href":"https:\/\/www.infokuryr.cz\/n\/wp-json\/wp\/v2\/categories?post=96164"},{"taxonomy":"post_tag","embeddable":true,"href":"https:\/\/www.infokuryr.cz\/n\/wp-json\/wp\/v2\/tags?post=96164"}],"curies":[{"name":"wp","href":"https:\/\/api.w.org\/{rel}","templated":true}]}}