{"id":96129,"date":"2026-01-05T00:19:47","date_gmt":"2026-01-04T23:19:47","guid":{"rendered":"https:\/\/www.infokuryr.cz\/n\/?p=96129"},"modified":"2026-01-05T06:12:37","modified_gmt":"2026-01-05T05:12:37","slug":"miroslav-petr-ihned-zruste-mimoradne-nebezpecny-zakon","status":"publish","type":"post","link":"https:\/\/www.infokuryr.cz\/n\/2026\/01\/05\/miroslav-petr-ihned-zruste-mimoradne-nebezpecny-zakon\/","title":{"rendered":"Miroslav Petr: Ihned zru\u0161te mimo\u0159\u00e1dn\u011b nebezpe\u010dn\u00fd z\u00e1kon!"},"content":{"rendered":"<div id=\"fb-root\"><\/div>\n<p><strong>Od nov\u00e9ho roku plat\u00ed nov\u00fd z\u00e1kon, schv\u00e1len\u00fd je\u0161t\u011b minulou totalitn\u00ed vl\u00e1dou. Totalitn\u00ed- proto\u017ee tento z\u00e1kon je skute\u010dn\u011b totalitn\u00ed a d\u00e1 se velmi snadno zneu\u017e\u00edt politicky z\u00e1visl\u00fdmi soudci. Op\u011bt by se opakovaly politick\u00e9 procesy jako na za\u010d\u00e1tku pades\u00e1t\u00fdch let.<\/strong><\/p>\n<p>Paragraf 403, odst. 1: &#8222;Kdo zalo\u017e\u00ed, podporuje nebo propaguje nacistick\u00e9, komunistick\u00e9 a jin\u00e9 hnut\u00ed, kter\u00e9 prokazateln\u011b sm\u011b\u0159uje k potla\u010den\u00ed pr\u00e1v a svobod \u010dlov\u011bka, nebo hl\u00e1s\u00e1 rasovou, etnickou, n\u00e1rodnostn\u00ed, n\u00e1bo\u017eenskou \u010di t\u0159\u00eddn\u00ed z\u00e1\u0161\u0165 nebo z\u00e1\u0161\u0165 proti jin\u00e9 skupin\u011b osob, bude potrest\u00e1n odn\u011bt\u00edm svobody na jeden rok a\u017e p\u011bt let.&#8220;<\/p>\n<p>&#8222;Odn\u011bt\u00edm svobody na t\u0159i a\u017e deset let bude pachatel potrest\u00e1n, sp\u00e1ch\u00e1-li \u010din uveden\u00fd v odstavci 1 tiskem, filmem, rozhlasem, televiz\u00ed, ve\u0159ejn\u011b p\u0159\u00edstupnou po\u010d\u00edta\u010dovou s\u00edt\u00ed nebo jin\u00fdm \u00fa\u010dinn\u00fdm zp\u016fsobem; sp\u00e1ch\u00e1-li takov\u00fd \u010din jako \u010dlen organizovan\u00e9 skupiny, sp\u00e1ch\u00e1-li tento \u010din jako voj\u00e1k, nebo sp\u00e1ch\u00e1-li takov\u00fd \u010din za stavu ohro\u017een\u00ed st\u00e1tu nebo za v\u00e1le\u010dn\u00e9ho stavu. P\u0159\u00edprava je trestn\u00e1.&#8220;<\/p>\n<p>Srovn\u00e1v\u00e1n\u00ed komunistick\u00e9ho, fa\u0161istick\u00e9ho a nacistick\u00e9ho re\u017eimu je absolutn\u011b nesrovnateln\u00e9. Za minul\u00e9ho re\u017eimu jsme m\u011bli nejsoci\u00e1ln\u011bj\u0161\u00ed syst\u00e9m na sv\u011bt\u011b. Cel\u00fd \u017eivot jsem d\u011blal na stavb\u00e1ch \u010di fabrik\u00e1ch a setk\u00e1val jsem se mnoha lidmi. Ani jeden jedin\u00fd z nich nebyl zav\u0159en\u00fd z politick\u00fdch d\u016fvod\u016f. T\u00fdk\u00e1 se i v\u0161ech m\u00fdch p\u0159\u00edbuzn\u00fdch, p\u0159\u00e1tel, koleg\u016f atd. Na rozd\u00edl ode dne\u0161ka, kde maj\u00ed probl\u00e9my se soudy u\u017e stovky lid\u00ed, tak jako tomu bylo v pades\u00e1t\u00fdch letech. Z\u00e1kon v\u00fdznamn\u011b poru\u0161uje \u00fastavu a Listinu z\u00e1kladn\u00edch lidsk\u00fdch pr\u00e1v a svobod jednotlivce a v kone\u010dn\u00e9m d\u016fsledku i samotnou demokracii \/vl\u00e1da lidu, svoboda slova\/. Pokud z\u00e1kon skute\u010dn\u011b plat\u00ed, je nutno aby soudy a policie okam\u017eit\u011b jednaly v kauze dronov\u00e1 sb\u00edrka, terorismus proti jin\u00e9 velmoci, a v\u00e1le\u010dn\u00e9 ohro\u017een\u00ed na\u0161\u00ed vlasti touto skupinou. Vzhledem k tomu, \u017ee tuto akci podporuje s\u00e1m prezident a jsou v n\u00ed i dva voj\u00edni, \u00fadajn\u011b gener\u00e1lov\u00e9, kde je vojensk\u00fd soud?<\/p>\n<p>Jak\u00fdsi soudruh Etzler, pr\u00fd h\u00e9\u00e9\u00e9rec, se raduje ze smrti otce politi\u010dky Kone\u010dn\u00e9. Pro\u010d jsem si vzpomn\u011bl na prase a hyenu? Tento antikomunista nepochybn\u011b volil kovan\u00e9ho bezp\u00e1te\u0159n\u00edho kari\u00e9ristu na Hrad. Pepa je pr\u00fd velmi lidsk\u00fd a m\u00e1 \u00factu k ostatn\u00edm. Okraden\u00ed 2 500 000 d\u016fchodc\u016f o zhruba 35 000 K\u010d, to je \u00facta k star\u0161\u00edm lidem? Tomu \u0159\u00edk\u00e1te lidskost, soudruhu Etzlere?<\/p>\n<p>Dle V\u00e1le\u010dka, pardon, Marka Ebena \u017eijeme v blahobytu. Pr\u00fd jsme v minul\u00e9m re\u017eimu nesehnali \u017e\u00e1dn\u00e9 d\u00e1rky&#8230;Fanaticky zbo\u017e\u0148uje Pepu a jeho soudru\u017eku. P\u0159ipom\u00edn\u00e1 mi fanynky, kter\u00e9 kdysi omdl\u00e9valy na koncertech Beatles.<\/p>\n<p>Ve sv\u00e9m novoro\u010dn\u00edm projevu mluv\u00ed o soucitu a porozum\u011bn\u00ed ten, kter\u00fd nen\u00e1vid\u00ed \u010desk\u00fd n\u00e1rod, demokracii a d\u016fchodce. Ka\u017ed\u00fd na jeho m\u00edst\u011b by chodil kan\u00e1ly. Z\u0159ejm\u011b proto m\u00e1 takov\u00fd strach, \u017ee na hradn\u00ed n\u00e1dvo\u0159\u00ed nevyjde nikdy s\u00e1m, ale v\u017edy m\u00e1 kolem sebe &#8222;gorily&#8220;. Spr\u00e1vn\u00fd gener\u00e1l nem\u00e1 nikdy strach, jen oby\u010dejn\u00fd voj\u00edn, kter\u00fd mus\u00ed poslouchat na slovo jako ratl\u00edk. Dokonce bude co nejd\u0159\u00edv hodnotit novou vl\u00e1du. Pro\u010d nem\u011bl odvahu kritizovat minulou vl\u00e1du krimin\u00e1ln\u00edk\u016f, hodnocenou ve sv\u011bt\u011b jako nejhor\u0161\u00ed vl\u00e1du na sv\u011bt\u011b s nejhor\u0161\u00edm premi\u00e9rem na sv\u011bt\u011b? Pro\u010d nena\u0161el odvahu kritizovat minulou vl\u00e1du, kter\u00e1 m\u011bla rekordn\u00ed mno\u017estv\u00ed af\u00e9r, m\u011bla mezi sebou far\u00e1\u0159e, kter\u00fd chlastal, kdy\u017e se na univerzit\u011b vra\u017edilo, kter\u00e1 m\u011bla ve vl\u00e1d\u011b samotn\u00e9ho Kmotra- v\u016fdce mafi\u00e1n\u016f, kter\u00fd daroval d\u011btem telefon v cen\u011b p\u0159es 100 000 K\u010d? Jak\u00fd je to hrdina, kdy\u017e se boj\u00ed Ziskovek, kter\u00e9 maj\u00ed p\u0159ij\u00edt o miliony?<\/p>\n<p>Soudruh V\u00edde\u0148\u00e1k, pardon, Raku\u0161an \u0159\u00edk\u00e1, \u017ee Rajchl je jeden z nebezpe\u010dn\u011bj\u0161\u00edch lid\u00ed u n\u00e1s. To \u0159\u00edk\u00e1 s\u00e1m velk\u00fd \u0161\u00e9f mafi\u00e1nsk\u00e9 strany- s\u00e1m Kmotr \u010d\u00edslo jedna! Tento oby\u010dejn\u00fd zakomplexovan\u00fd \/vypl\u00fdv\u00e1 to z jeho horoskopu, jak jsem kdysi psal\/ u\u010ditel m\u00e1 strach, \u017ee kone\u010dn\u011b budou vy\u0161et\u0159ovat jeho kauzy. Je mi st\u00e1le z\u00e1hadou, pro\u010d d\u011btem daroval tak drah\u00fd telefon a dal\u0161\u00ed z\u00e1hadou je, kdy\u017e p\u0159ed volbami sliboval dobrovoln\u00e9 vra\u017ed\u011bn\u00ed nevi\u0148\u00e1tek, pardon, d\u011bt\u00ed u\u017e o \u010dtrn\u00e1cti let, kdy se nechal inspirovat kr\u00e1lem Herodesem a hlavn\u011b pro\u010d to d\u00e1vno nezkusil na sv\u00fdch vlastn\u00edch d\u011btech? Nem\u011bl by politik j\u00edt vzorem a sv\u00e9 n\u00e1vrhy nap\u0159ed realizovat na sob\u011b, sv\u00e9 rodin\u011b a sv\u00fdch d\u011btech?<\/p>\n<p><a href=\"https:\/\/www.czechfreepress.cz\/dalsi-blogy\/ihned-zruste-mimoradne-nebezpecny-zakon.html\">Miroslav Petr<\/a><\/p>\n<p>&nbsp;<\/p>\n","protected":false},"excerpt":{"rendered":"<p>Od nov\u00e9ho roku plat\u00ed nov\u00fd z\u00e1kon, schv\u00e1len\u00fd je\u0161t\u011b minulou totalitn\u00ed vl\u00e1dou. Totalitn\u00ed- proto\u017ee tento z\u00e1kon&#8230;<\/p>\n","protected":false},"author":2,"featured_media":1207,"comment_status":"closed","ping_status":"closed","sticky":false,"template":"","format":"standard","meta":[],"categories":[6],"tags":[538,609,3374],"_links":{"self":[{"href":"https:\/\/www.infokuryr.cz\/n\/wp-json\/wp\/v2\/posts\/96129"}],"collection":[{"href":"https:\/\/www.infokuryr.cz\/n\/wp-json\/wp\/v2\/posts"}],"about":[{"href":"https:\/\/www.infokuryr.cz\/n\/wp-json\/wp\/v2\/types\/post"}],"author":[{"embeddable":true,"href":"https:\/\/www.infokuryr.cz\/n\/wp-json\/wp\/v2\/users\/2"}],"replies":[{"embeddable":true,"href":"https:\/\/www.infokuryr.cz\/n\/wp-json\/wp\/v2\/comments?post=96129"}],"version-history":[{"count":0,"href":"https:\/\/www.infokuryr.cz\/n\/wp-json\/wp\/v2\/posts\/96129\/revisions"}],"wp:featuredmedia":[{"embeddable":true,"href":"https:\/\/www.infokuryr.cz\/n\/wp-json\/wp\/v2\/media\/1207"}],"wp:attachment":[{"href":"https:\/\/www.infokuryr.cz\/n\/wp-json\/wp\/v2\/media?parent=96129"}],"wp:term":[{"taxonomy":"category","embeddable":true,"href":"https:\/\/www.infokuryr.cz\/n\/wp-json\/wp\/v2\/categories?post=96129"},{"taxonomy":"post_tag","embeddable":true,"href":"https:\/\/www.infokuryr.cz\/n\/wp-json\/wp\/v2\/tags?post=96129"}],"curies":[{"name":"wp","href":"https:\/\/api.w.org\/{rel}","templated":true}]}}