{"id":96128,"date":"2026-01-05T00:16:53","date_gmt":"2026-01-04T23:16:53","guid":{"rendered":"https:\/\/www.infokuryr.cz\/n\/?p=96128"},"modified":"2026-01-04T15:02:56","modified_gmt":"2026-01-04T14:02:56","slug":"jiri-vyvadil-trump-razem-odsunul-problem-ukrajiny-zcela-stranou","status":"publish","type":"post","link":"https:\/\/www.infokuryr.cz\/n\/2026\/01\/05\/jiri-vyvadil-trump-razem-odsunul-problem-ukrajiny-zcela-stranou\/","title":{"rendered":"Ji\u0159\u00ed Vyvadil: Trump r\u00e1zem odsunul probl\u00e9m Ukrajiny zcela stranou\u2026"},"content":{"rendered":"<div id=\"fb-root\"><\/div>\n<p><strong>Jak zn\u00e1mo druhdy \u201em\u00edrotvorce\u201c Trump svou nesporn\u011b agresivn\u00ed, ale z\u00e1rove\u0148 nesporn\u011b \u00fasp\u011b\u0161nou vojenskou operac\u00ed v\u010dera nechal zajmout prezidenta Maduru a jeho man\u017eelku, kte\u0159\u00ed byli odvezeni do USA a \u010dek\u00e1 je soudn\u00ed \u0159\u00edzen\u00ed pro \u00fadajn\u00e9 trestn\u00e9 \u010diny narkoterorismu proti Americe.<\/strong><\/p>\n<p style=\"font-weight: 400;\">Na tiskov\u00e9 konferenci v\u00a0B\u00edl\u00e9m dom\u011b jsme si museli vyslechnout obvyklou spr\u0161ku triumfalistick\u00fdch prohl\u00e1\u0161en\u00ed. Mimo jin\u00e9 uvedl, \u017ee\u00a0 \u00a0\u201eArm\u00e1da Spojen\u00fdch st\u00e1t\u016f je zdaleka nejsiln\u011bj\u0161\u00ed a nejd\u011bsiv\u011bj\u0161\u00ed arm\u00e1dou na planet\u011b, se schopnostmi a dovednostmi, kter\u00e9 si na\u0161i nep\u0159\u00e1tel\u00e9 sotva dok\u00e1\u017eou p\u0159edstavit,\u201c pravil Trump.<\/p>\n<p style=\"font-weight: 400;\">Ale o to v\u00a0m\u00e9 glose v\u016fbec nejde.<\/p>\n<p style=\"font-weight: 400;\">Na tiskov\u00e9 konferenci toti\u017e znovu potvrdil to, co bylo ji\u017e uvedeno v\u00a0n\u00e1rodn\u00ed bezpe\u010dnostn\u00ed strategii, \u017ee bezpe\u010dnostn\u00ed z\u00e1jem USA se soust\u0159e\u010fuje na z\u00e1padn\u00ed polokouli. Jin\u00fdmi slovy Evropa rozhodn\u011b ji\u017e nen\u00ed jeho vojenskou\u00a0\u00a0prioritou.<\/p>\n<p style=\"font-weight: 400;\">V\u00a0ka\u017ed\u00e9m p\u0159\u00edpad\u011b venezuelsk\u00e1 akce odsunula ze sv\u011btov\u00e9ho z\u0159etele pozornost na Ukrajinu. Nav\u00edc Trump t\u011b\u017eko m\u016f\u017ee b\u00fdt v\u00a0\u010dele z\u00e1padn\u00edho uskupen\u00ed\u00a0\u00a0ost\u0159e kritizuj\u00edc\u00edho\u00a0\u00a0na Rusko coby agresivn\u00edho \u00fato\u010dn\u00edka, kdy\u017e Trump v\u016f\u010di Venezuele pou\u017eil z\u0159ejm\u011b mnohem tvrd\u0161\u00ed\u00a0\u00a0prost\u0159edky.<\/p>\n<p style=\"font-weight: 400;\">Trump t\u00edm jen potvrdil sv\u016fj \u010dasto nazna\u010dovan\u00fd sm\u011br uva\u017eov\u00e1n\u00ed, \u017ee to jsou velmoci kter\u00e9 by se m\u011bli a mohli ujmout znovu veden\u00ed sv\u011bta.<\/p>\n<p style=\"font-weight: 400;\">V\u00a0tomto smyslu je t\u0159eba \u0159\u00edci, \u017ee\u00a0\u00a0&#8211; a nebijte m\u011b \u2013 doba rusko-americk\u00e9 sv\u011btov\u00e9\u00a0\u00a0mocensk\u00e9 bipolarity byla mnohem bezpe\u010dn\u011bj\u0161\u00ed ne\u017e ta dne\u0161n\u00ed, i kdy\u017e to \u0161lo n\u011bkdy (Berl\u00ednsk\u00e1 krize, Karibsk\u00e1 krize) a\u017e na hranu.<\/p>\n<p style=\"font-weight: 400;\">Trump rovn\u011b\u017e rozmet\u00e1v\u00e1 naivistick\u00e9 p\u0159edstavy Z\u00e1padu, \u017ee bude respektovat vyn\u00e1\u0161en\u00ed v\u00fdznamu liber\u00e1ln\u00edch sil o tom, kdo m\u00e1 ve Venezuele vl\u00e1dnout. Poznamenal, \u017ee zv\u00e1\u017e\u00ed, zda by m\u011bla u moci z\u016fstat opozi\u010dn\u00ed v\u016fdkyn\u011b Maria Corina Machado. C\u00edlem je podle Trumpa vyhnout se situaci, kdy by USA musely odvolat dal\u0161\u00edho v\u016fdce.<\/p>\n<p style=\"font-weight: 400;\"><em>\u201ePot\u00e9, co jsme v\u010dera ve\u010der podali neuv\u011b\u0159iteln\u00fd v\u00fdkon, nem\u016f\u017eeme dovolit nikomu jin\u00e9mu, aby p\u0159evzal iniciativu a zopakoval to,\u201c vysv\u011btlil.<\/em><\/p>\n<p style=\"font-weight: 400;\">Pro na\u0161i \u010d\u00e1st sv\u011bta bude zvl\u00e1\u0161\u0165 zaj\u00edmav\u00e9, jak budou jednat evropsk\u00e9 mocensk\u00e9 elity.<\/p>\n<p style=\"font-weight: 400;\">Nyn\u00ed zmrazen\u011b ml\u010d\u00ed a nev\u00ed, jak reagovat.<\/p>\n<p style=\"font-weight: 400;\">A ml\u010d\u00ed\u00a0\u00a0i evropsk\u00fd krysa\u0159 Zelenskyj, kter\u00fd \u2013 a bohu\u017eel dosud \u00fasp\u011b\u0161n\u011b \u2013 t\u00e1hnul celou Evropu do nekone\u010dn\u00e9 ( a nevyhrateln\u00e9) v\u00e1lky proti Rusku.<\/p>\n<p style=\"font-weight: 400;\">Vojensk\u00e1 akce USA ve Venezuele\u00a0\u00a0tak m\u016f\u017ee b\u00fdt p\u0159elo\u017eena i tak, \u017ee Rusko m\u016f\u017ee logicky jednat jako velmoc naprosto stejn\u011b jako se chov\u00e1 Amerika\u2026<\/p>\n<p style=\"font-weight: 400;\">A\u0165 tak \u010di onak Trumpova akce ve Venezuele dramaticky oslabila Evropu v\u00a0jej\u00edm nekone\u010dn\u00e9 a vy\u010derp\u00e1vaj\u00edc\u00ed hybridn\u00ed v\u00e1lce proti\u00a0\u00a0Rusku.<\/p>\n<p style=\"font-weight: 400;\">M\u00edr v\u00a0Evrop\u011b se tak paradoxn\u011b m\u016f\u017ee p\u0159ibl\u00ed\u017eit.<\/p>\n<p style=\"font-weight: 400;\">A to je p\u0159ece pro n\u00e1s dobr\u00e1 zpr\u00e1va.<\/p>\n<p><a href=\"https:\/\/vasevec.info\/komentare\/trump-razem-odsunul-problem-ukrajiny-zcela-stranou\">Ji\u0159\u00ed Vyvadil<\/a><\/p>\n<p><img decoding=\"async\" loading=\"lazy\" class=\"alignnone size-medium wp-image-16474\" src=\"http:\/\/www.infokuryr.cz\/n\/wp-content\/uploads\/2022\/10\/jiri-vyvadil-300x200.jpg\" alt=\"\" width=\"300\" height=\"200\" srcset=\"https:\/\/www.infokuryr.cz\/n\/wp-content\/uploads\/2022\/10\/jiri-vyvadil-300x200.jpg 300w, https:\/\/www.infokuryr.cz\/n\/wp-content\/uploads\/2022\/10\/jiri-vyvadil-768x512.jpg 768w, https:\/\/www.infokuryr.cz\/n\/wp-content\/uploads\/2022\/10\/jiri-vyvadil.jpg 800w\" sizes=\"(max-width: 300px) 100vw, 300px\" \/><\/p>\n<p>&nbsp;<\/p>\n","protected":false},"excerpt":{"rendered":"<p>Jak zn\u00e1mo druhdy \u201em\u00edrotvorce\u201c Trump svou nesporn\u011b agresivn\u00ed, ale z\u00e1rove\u0148 nesporn\u011b \u00fasp\u011b\u0161nou vojenskou operac\u00ed v\u010dera&#8230;<\/p>\n","protected":false},"author":2,"featured_media":73901,"comment_status":"closed","ping_status":"closed","sticky":false,"template":"","format":"standard","meta":[],"categories":[6],"tags":[1503,452,26,181],"_links":{"self":[{"href":"https:\/\/www.infokuryr.cz\/n\/wp-json\/wp\/v2\/posts\/96128"}],"collection":[{"href":"https:\/\/www.infokuryr.cz\/n\/wp-json\/wp\/v2\/posts"}],"about":[{"href":"https:\/\/www.infokuryr.cz\/n\/wp-json\/wp\/v2\/types\/post"}],"author":[{"embeddable":true,"href":"https:\/\/www.infokuryr.cz\/n\/wp-json\/wp\/v2\/users\/2"}],"replies":[{"embeddable":true,"href":"https:\/\/www.infokuryr.cz\/n\/wp-json\/wp\/v2\/comments?post=96128"}],"version-history":[{"count":0,"href":"https:\/\/www.infokuryr.cz\/n\/wp-json\/wp\/v2\/posts\/96128\/revisions"}],"wp:featuredmedia":[{"embeddable":true,"href":"https:\/\/www.infokuryr.cz\/n\/wp-json\/wp\/v2\/media\/73901"}],"wp:attachment":[{"href":"https:\/\/www.infokuryr.cz\/n\/wp-json\/wp\/v2\/media?parent=96128"}],"wp:term":[{"taxonomy":"category","embeddable":true,"href":"https:\/\/www.infokuryr.cz\/n\/wp-json\/wp\/v2\/categories?post=96128"},{"taxonomy":"post_tag","embeddable":true,"href":"https:\/\/www.infokuryr.cz\/n\/wp-json\/wp\/v2\/tags?post=96128"}],"curies":[{"name":"wp","href":"https:\/\/api.w.org\/{rel}","templated":true}]}}