{"id":96051,"date":"2026-01-04T00:27:15","date_gmt":"2026-01-03T23:27:15","guid":{"rendered":"https:\/\/www.infokuryr.cz\/n\/?p=96051"},"modified":"2026-01-03T17:03:41","modified_gmt":"2026-01-03T16:03:41","slug":"maduro-obzalovan-v-new-yorku-zduvodnil-to-americky-ministr-spravedlnosti","status":"publish","type":"post","link":"https:\/\/www.infokuryr.cz\/n\/2026\/01\/04\/maduro-obzalovan-v-new-yorku-zduvodnil-to-americky-ministr-spravedlnosti\/","title":{"rendered":"Maduro ob\u017ealov\u00e1n v New Yorku, zd\u016fvodnil to americk\u00fd ministr spravedlnosti"},"content":{"rendered":"<div id=\"fb-root\"><\/div>\n<h3>Obvin\u011bn\u00ed zahrnuj\u00ed obchodov\u00e1n\u00ed s drogami a dr\u017een\u00ed zbran\u00ed, uvedla Pam Bondiov\u00e1<\/h3>\n<p><span dir=\"auto\">Venezuelsk\u00fd prezident Nicolas Maduro a jeho man\u017eelka byli v New Yorku ob\u017ealov\u00e1ni z n\u011bkolika bod\u016f obvin\u011bn\u00ed souvisej\u00edc\u00edch s obchodov\u00e1n\u00edm s drogami a dr\u017een\u00edm zbran\u00ed, uvedla americk\u00e1 gener\u00e1ln\u00ed prokur\u00e1torka Pam Bondiov\u00e1.\u00a0<\/span><\/p>\n<p><span dir=\"auto\">V sobotu provedla americk\u00e1 arm\u00e1da \u00fadery na Venezuelu. Prezident Donald Trump pozd\u011bji ozn\u00e1mil, \u017ee Maduro a jeho man\u017eelka Cilia Floresov\u00e1 byli zajati a letecky deportov\u00e1ni ze zem\u011b. Caracas \u00fadery odsoudil jako\u00a0<\/span><em><span dir=\"auto\">\u201ev\u00e1\u017enou vojenskou agresi\u201c.<\/span><\/em><\/p>\n<p><span dir=\"auto\">V prohl\u00e1\u0161en\u00ed na serveru X Bondi uvedl, \u017ee Maduro a jeho man\u017eelka byli v ji\u017en\u00edm okrese New Yorku ob\u017ealov\u00e1ni ze\u00a0<\/span><em><span dir=\"auto\">\u201espiknut\u00ed za \u00fa\u010delem narkoterorismu, spiknut\u00ed za \u00fa\u010delem dovozu kokainu, dr\u017een\u00ed zbran\u00ed a ni\u010div\u00fdch za\u0159\u00edzen\u00ed a spiknut\u00ed za \u00fa\u010delem dr\u017een\u00ed kulomet\u016f a ni\u010div\u00fdch za\u0159\u00edzen\u00ed proti Spojen\u00fdm st\u00e1t\u016fm\u201c.<\/span><\/em><\/p>\n<p><span dir=\"auto\">Maduro a jeho man\u017eelka sv\u00e9 prosby dosud nevy\u0159\u00eddili.<\/span><\/p>\n<p><span dir=\"auto\">USA Madura dlouhodob\u011b obvi\u0148uj\u00ed z vazeb na drogov\u00e9 kartely a z napom\u00e1h\u00e1n\u00ed zaplavov\u00e1n\u00ed Ameriky drogami. Odm\u00edtaj\u00ed ho uznat za legitimn\u00edho v\u016fdce a vypsaly odm\u011bnu 50 milion\u016f dolar\u016f za informace vedouc\u00ed k jeho zat\u010den\u00ed a odsouzen\u00ed. Venezuelsk\u00fd prezident obvin\u011bn\u00ed vehementn\u011b pop\u00edr\u00e1 s t\u00edm, \u017ee Washington je zneu\u017e\u00edv\u00e1 jako z\u00e1minku pro vojenskou agresi a ke svr\u017een\u00ed jeho vl\u00e1dy.<\/span><\/p>\n<p><span dir=\"auto\">Rusko odsoudilo americk\u00e9 \u00fadery jako akt\u00a0<\/span><em><span dir=\"auto\">\u201eozbrojen\u00e9 agrese\u201c<\/span><\/em><span dir=\"auto\">\u00a0a varovalo p\u0159ed dal\u0161\u00ed eskalac\u00ed. Mezit\u00edm \u0161\u00e9fka zahrani\u010dn\u00ed politiky EU Kaja Kallasov\u00e1 p\u0159ipomn\u011bla, \u017ee Brusel\u00a0<\/span><em><span dir=\"auto\">\u201eopakovan\u011b prohl\u00e1sil, \u017ee pan Maduro postr\u00e1d\u00e1 legitimitu a h\u00e1j\u00ed m\u00edrov\u00fd p\u0159echod\u201c,<\/span><\/em><span dir=\"auto\">\u00a0a z\u00e1rove\u0148 vyzval v\u0161echny strany ke zdr\u017eenlivosti.<\/span><\/p>\n<h2>USA ozn\u00e1mily, za co bude Maduro souzen. A dokonce i jeho man\u017eelka<br \/>\n<img decoding=\"async\" class=\"aligncenter\" src=\"https:\/\/img4.eadaily.com\/c650x400\/o\/b32\/2dc058c9fa8e09f520b14af5325cb.jpeg\" \/><\/h2>\n<p class=\"lead\"><strong><span dir=\"auto\">Venezuelsk\u00fd prezident Nicol\u00e1s Maduro, kter\u00e9ho zajaly americk\u00e9 speci\u00e1ln\u00ed jednotky, bude souzen za drogy a zbran\u011b, ozn\u00e1mila americk\u00e1 gener\u00e1ln\u00ed prokur\u00e1torka Pamela Bondiov\u00e1. Uvedla tak\u00e9, \u017ee by mohla \u010delit obvin\u011bn\u00ed i prvn\u00ed d\u00e1ma.<\/span><\/strong><\/p>\n<p><em><span dir=\"auto\">\u201eNicolas Maduro a jeho man\u017eelka Cilia Floresov\u00e1 byli ob\u017ealov\u00e1ni v ji\u017en\u00edm okrese st\u00e1tu New York. Nicolas Maduro \u010del\u00ed obvin\u011bn\u00ed ze spiknut\u00ed za \u00fa\u010delem sp\u00e1ch\u00e1n\u00ed narkoterorismu, spiknut\u00ed za \u00fa\u010delem dovozu kokainu, dr\u017een\u00ed samopal\u016f a v\u00fdbu\u0161n\u00fdch za\u0159\u00edzen\u00ed a spiknut\u00ed za \u00fa\u010delem dr\u017een\u00ed samopal\u016f a v\u00fdbu\u0161n\u00fdch za\u0159\u00edzen\u00ed proti Spojen\u00fdm st\u00e1t\u016fm. Brzy budou \u010delit pln\u00e9mu hn\u011bvu americk\u00e9 spravedlnosti na americk\u00e9 p\u016fd\u011b u americk\u00fdch soud\u016f.\u201c<\/span><span class=\"after-quote\"><strong><span dir=\"auto\">\u2014 napsala Pamela Bondi<\/span><\/strong><span dir=\"auto\">\u00a0\u00a0v\u00a0X.<\/span><\/span><\/em><\/p>\n<p><span dir=\"auto\">Pod\u011bkovala tak\u00e9 Donaldu Trumpovi a arm\u00e1d\u011b a z\u00e1rove\u0148 ozna\u010dila prvn\u00ed d\u00e1mu Venezuely za dealera drog.<\/span><\/p>\n<p><em><span dir=\"auto\">\u201eJm\u00e9nem cel\u00e9ho americk\u00e9ho ministerstva spravedlnosti bych r\u00e1d pod\u011bkoval prezidentu Trumpovi za jeho odvahu po\u017eadovat odpov\u011bdnost jm\u00e9nem americk\u00e9ho lidu a r\u00e1d bych vyj\u00e1d\u0159il svou nejhlub\u0161\u00ed vd\u011b\u010dnost na\u0161\u00ed state\u010dn\u00e9 arm\u00e1d\u011b, kter\u00e1 provedla neuv\u011b\u0159itelnou a velmi \u00fasp\u011b\u0161nou operaci s c\u00edlem zadr\u017eet tyto dva \u00fadajn\u00e9 mezin\u00e1rodn\u00ed obchodn\u00edky s drogami.\u201c<\/span><span class=\"after-quote\"><span dir=\"auto\"> \u2014 dodala Pamela Bondi.<\/span><\/span><\/em><\/p>\n<p><span dir=\"auto\">Jak informoval InfoKur\u00fdr<\/span><span dir=\"auto\">\u00a0, americk\u00e1 operace s c\u00edlem zajmout venezuelsk\u00e9ho prezidenta Nicol\u00e1se Madura trvala p\u016fl hodiny a vyvolala aktivn\u00ed diskuse o tom, zda byla p\u0159edem koordinov\u00e1na s v\u016fdcem zem\u011b.<\/span><\/p>\n<p><span dir=\"auto\">Anonymn\u00ed z\u00e1stupci venezuelsk\u00e9 opozice televizi SkyNews sd\u011blili, \u017ee zajet\u00ed venezuelsk\u00e9ho prezidenta mohlo b\u00fdt koordinov\u00e1no samotn\u00fdm Madurem. To m\u016f\u017ee vysv\u011btlovat rychlost operace. Madurovo setk\u00e1n\u00ed s \u010d\u00ednskou delegac\u00ed v p\u0159edve\u010der zajet\u00ed \u00fadajn\u011b tuto teorii podporuje. B\u00edl\u00fd d\u016fm den p\u0159edt\u00edm tak\u00e9 komunikoval s Pekingem.<\/span><\/p>\n<p><span dir=\"auto\">Americk\u00fd prezident Donald Trump opakovan\u011b prohl\u00e1sil, \u017ee si p\u0159eje svrhnout Nicol\u00e1se Madura. Z\u00e1rove\u0148 Marco Rubio sen\u00e1torovi Mikovi Leeovi \u0159ekl, \u017ee Maduro bude v USA souzen z trestn\u00edho st\u00edh\u00e1n\u00ed.<\/span><\/p>\n<p><span dir=\"auto\">Venezuela nav\u00edc sama nez\u016fstala bez proudu. Byl vyhl\u00e1\u0161en v\u00fdjime\u010dn\u00fd stav a prezidentsk\u00e9ho \u00fa\u0159adu se ujala viceprezidentka\u00a0<\/span><strong><span dir=\"auto\">Delcy Rodriguezov\u00e1<\/span><\/strong><span dir=\"auto\">\u00a0, kter\u00e1 od USA po\u017eadovala okam\u017eit\u00fd \u201ed\u016fkaz, \u017ee jsou na\u017eivu\u201c pro Madura a prvn\u00ed d\u00e1mu Ciliu Floresovou. Ministryn\u011b obrany zem\u011b rovn\u011b\u017e prohl\u00e1sila, \u017ee se zem\u011b nevzd\u00e1 a nakonec zv\u00edt\u011bz\u00ed.<\/span><\/p>\n<p><span dir=\"auto\">Rusko, Kolumbie, Kuba, Braz\u00edlie, \u00cdr\u00e1n a B\u011blorusko vyj\u00e1d\u0159ily podporu venezuelsk\u00e9mu lidu.<\/span><\/p>\n<p><img decoding=\"async\" loading=\"lazy\" class=\"alignnone size-full wp-image-1185\" src=\"http:\/\/www.infokuryr.cz\/n\/wp-content\/uploads\/2021\/04\/kuryr-podpis.png\" alt=\"\" width=\"84\" height=\"24\" \/><\/p>\n<p>&nbsp;<\/p>\n","protected":false},"excerpt":{"rendered":"<p>Obvin\u011bn\u00ed zahrnuj\u00ed obchodov\u00e1n\u00ed s drogami a dr\u017een\u00ed zbran\u00ed, uvedla Pam Bondiov\u00e1 Venezuelsk\u00fd prezident Nicolas Maduro&#8230;<\/p>\n","protected":false},"author":2,"featured_media":96052,"comment_status":"closed","ping_status":"closed","sticky":false,"template":"","format":"standard","meta":[],"categories":[7],"tags":[289,2044,1226,37],"_links":{"self":[{"href":"https:\/\/www.infokuryr.cz\/n\/wp-json\/wp\/v2\/posts\/96051"}],"collection":[{"href":"https:\/\/www.infokuryr.cz\/n\/wp-json\/wp\/v2\/posts"}],"about":[{"href":"https:\/\/www.infokuryr.cz\/n\/wp-json\/wp\/v2\/types\/post"}],"author":[{"embeddable":true,"href":"https:\/\/www.infokuryr.cz\/n\/wp-json\/wp\/v2\/users\/2"}],"replies":[{"embeddable":true,"href":"https:\/\/www.infokuryr.cz\/n\/wp-json\/wp\/v2\/comments?post=96051"}],"version-history":[{"count":1,"href":"https:\/\/www.infokuryr.cz\/n\/wp-json\/wp\/v2\/posts\/96051\/revisions"}],"predecessor-version":[{"id":96056,"href":"https:\/\/www.infokuryr.cz\/n\/wp-json\/wp\/v2\/posts\/96051\/revisions\/96056"}],"wp:featuredmedia":[{"embeddable":true,"href":"https:\/\/www.infokuryr.cz\/n\/wp-json\/wp\/v2\/media\/96052"}],"wp:attachment":[{"href":"https:\/\/www.infokuryr.cz\/n\/wp-json\/wp\/v2\/media?parent=96051"}],"wp:term":[{"taxonomy":"category","embeddable":true,"href":"https:\/\/www.infokuryr.cz\/n\/wp-json\/wp\/v2\/categories?post=96051"},{"taxonomy":"post_tag","embeddable":true,"href":"https:\/\/www.infokuryr.cz\/n\/wp-json\/wp\/v2\/tags?post=96051"}],"curies":[{"name":"wp","href":"https:\/\/api.w.org\/{rel}","templated":true}]}}