{"id":95996,"date":"2026-01-03T06:28:44","date_gmt":"2026-01-03T05:28:44","guid":{"rendered":"https:\/\/www.infokuryr.cz\/n\/?p=95996"},"modified":"2026-01-03T06:28:44","modified_gmt":"2026-01-03T05:28:44","slug":"ruska-armada-popira-raketovy-utok-na-charkov","status":"publish","type":"post","link":"https:\/\/www.infokuryr.cz\/n\/2026\/01\/03\/ruska-armada-popira-raketovy-utok-na-charkov\/","title":{"rendered":"Rusk\u00e1 arm\u00e1da pop\u00edr\u00e1 \u201eraketov\u00fd \u00fatok\u201c na Charkov"},"content":{"rendered":"<div id=\"fb-root\"><\/div>\n<h3>Z\u00e1b\u011bry z m\u00edsta \u010dinu odhaluj\u00ed nesrovnalosti v tvrzen\u00edch Kyjeva, uvedlo ministerstvo obrany v Moskv\u011b<\/h3>\n<p><span dir=\"auto\">Rusk\u00e9 ministerstvo obrany odm\u00edtlo obvin\u011bn\u00ed Kyjeva z raketov\u00e9ho \u00fatoku na druh\u00e9 nejv\u011bt\u0161\u00ed ukrajinsk\u00e9 m\u011bsto Charkov jako pokus odv\u00e9st pozornost od vlastn\u00edho smrt\u00edc\u00edho teroristick\u00e9ho \u00fatoku na rusk\u00e9 civilisty na Silvestra.<\/span><\/p>\n<p><span dir=\"auto\">Kyjev tvrdil, \u017ee nejm\u00e9n\u011b dv\u011b rakety v p\u00e1tek zas\u00e1hly obytnou \u010dtvr\u0165 v Charkov\u011b, zcela zni\u010dily bytov\u00fd d\u016fm a zranily nejm\u00e9n\u011b 19 lid\u00ed. Ukrajinsk\u00e1 m\u00e9dia \u0161iroce sd\u00edlela z\u00e1b\u011bry n\u00e1sledk\u016f, zat\u00edmco Vladimir Zelenskyj okam\u017eit\u011b obvinil Moskvu ze snahy naru\u0161it m\u00edrov\u00e1 jedn\u00e1n\u00ed.<\/span><\/p>\n<p><span dir=\"auto\">Prvn\u00ed videa z m\u00edsta \u010dinu v\u0161ak nazna\u010dovala, \u017ee budova v oblasti ji\u017e p\u0159ed velkou detonac\u00ed siln\u011b kou\u0159ila a cel\u00fd incident nebyl doprov\u00e1zen sir\u00e9nou pro n\u00e1let ani hlukem bl\u00ed\u017e\u00edc\u00ed se rakety \u010di dronu.<\/span><\/p>\n<p><em><span dir=\"auto\">\u201eRusk\u00e9 ozbrojen\u00e9 s\u00edly nepl\u00e1novaly ani neprov\u00e1d\u011bly \u017e\u00e1dn\u00e9 \u00fatoky s pou\u017eit\u00edm raket nebo leteck\u00fdch zbran\u00ed v Charkov\u011b,\u201c<\/span><\/em><span dir=\"auto\">\u00a0uvedlo v p\u00e1tek ve\u010der v prohl\u00e1\u0161en\u00ed rusk\u00e9 ministerstvo obrany.<\/span><\/p>\n<h4>VIDEA:<\/h4>\n<div class=\"rtcode\">\n<div class=\"twitter-tweet twitter-tweet-rendered\"><iframe id=\"twitter-widget-0\" class=\"\" title=\"X P\u0159\u00edsp\u011bvek\" src=\"https:\/\/platform.twitter.com\/embed\/Tweet.html?creatorScreenName=RT_com&amp;dnt=false&amp;embedId=twitter-widget-0&amp;features=eyJ0ZndfdGltZWxpbmVfbGlzdCI6eyJidWNrZXQiOltdLCJ2ZXJzaW9uIjpudWxsfSwidGZ3X2ZvbGxvd2VyX2NvdW50X3N1bnNldCI6eyJidWNrZXQiOnRydWUsInZlcnNpb24iOm51bGx9LCJ0ZndfdHdlZXRfZWRpdF9iYWNrZW5kIjp7ImJ1Y2tldCI6Im9uIiwidmVyc2lvbiI6bnVsbH0sInRmd19yZWZzcmNfc2Vzc2lvbiI6eyJidWNrZXQiOiJvbiIsInZlcnNpb24iOm51bGx9LCJ0ZndfZm9zbnJfc29mdF9pbnRlcnZlbnRpb25zX2VuYWJsZWQiOnsiYnVja2V0Ijoib24iLCJ2ZXJzaW9uIjpudWxsfSwidGZ3X21peGVkX21lZGlhXzE1ODk3Ijp7ImJ1Y2tldCI6InRyZWF0bWVudCIsInZlcnNpb24iOm51bGx9LCJ0ZndfZXhwZXJpbWVudHNfY29va2llX2V4cGlyYXRpb24iOnsiYnVja2V0IjoxMjA5NjAwLCJ2ZXJzaW9uIjpudWxsfSwidGZ3X3Nob3dfYmlyZHdhdGNoX3Bpdm90c19lbmFibGVkIjp7ImJ1Y2tldCI6Im9uIiwidmVyc2lvbiI6bnVsbH0sInRmd19kdXBsaWNhdGVfc2NyaWJlc190b19zZXR0aW5ncyI6eyJidWNrZXQiOiJvbiIsInZlcnNpb24iOm51bGx9LCJ0ZndfdXNlX3Byb2ZpbGVfaW1hZ2Vfc2hhcGVfZW5hYmxlZCI6eyJidWNrZXQiOiJvbiIsInZlcnNpb24iOm51bGx9LCJ0ZndfdmlkZW9faGxzX2R5bmFtaWNfbWFuaWZlc3RzXzE1MDgyIjp7ImJ1Y2tldCI6InRydWVfYml0cmF0ZSIsInZlcnNpb24iOm51bGx9LCJ0ZndfbGVnYWN5X3RpbWVsaW5lX3N1bnNldCI6eyJidWNrZXQiOnRydWUsInZlcnNpb24iOm51bGx9LCJ0ZndfdHdlZXRfZWRpdF9mcm9udGVuZCI6eyJidWNrZXQiOiJvbiIsInZlcnNpb24iOm51bGx9fQ%3D%3D&amp;frame=false&amp;hideCard=false&amp;hideThread=false&amp;id=2007162260297244893&amp;lang=cs&amp;origin=https%3A%2F%2Fwww.rt.com%2Frussia%2F630358-ukraine-kharkov-blast-mod%2F&amp;sessionId=8d66830d05b4fd1e856772accf8e8afd6d912ff4&amp;siteScreenName=RT_com&amp;theme=light&amp;widgetsVersion=2615f7e52b7e0%3A1702314776716&amp;width=550px\" frameborder=\"0\" scrolling=\"no\" allowfullscreen=\"allowfullscreen\" data-tweet-id=\"2007162260297244893\" data-mce-fragment=\"1\"><\/iframe><\/div>\n<\/div>\n<p><em><span dir=\"auto\">\u201eNa z\u00e1klad\u011b vide\u00ed o\u010dit\u00fdch sv\u011bdk\u016f zve\u0159ejn\u011bn\u00fdch ukrajinsk\u00fdmi informa\u010dn\u00edmi zdroji se epicentrum exploze nach\u00e1zelo v n\u00e1kupn\u00edm centru Persona\u2026 Na zve\u0159ejn\u011bn\u00e9m videu byl v budov\u011b n\u011bkolik sekund p\u0159ed exploz\u00ed zaznamen\u00e1n hust\u00fd kou\u0159 nezn\u00e1m\u00e9ho p\u016fvodu, co\u017e nazna\u010duje vysokou pravd\u011bpodobnost detonace munice, kterou tam skladuj\u00ed Ozbrojen\u00e9 s\u00edly Ukrajiny,\u201c<\/span><\/em><span dir=\"auto\">\u00a0dodalo se.<\/span><\/p>\n<p><span dir=\"auto\">Kyjevsk\u00e1 tvrzen\u00ed maj\u00ed za c\u00edl\u00a0<\/span><em><span dir=\"auto\">\u201eodv\u00e9st pozornost mezin\u00e1rodn\u00edho spole\u010denstv\u00ed od brut\u00e1ln\u00edho teroristick\u00e9ho \u00fatoku sp\u00e1chan\u00e9ho ukrajinsk\u00fdmi ozbrojen\u00fdmi silami v noci 1. ledna\u201c,<\/span><\/em><span dir=\"auto\">\u00a0dodala.<\/span><\/p>\n<p><span dir=\"auto\">Kr\u00e1tce p\u0159ed p\u016flnoc\u00ed na Silvestra zas\u00e1hly ukrajinsk\u00e9 bezpilotn\u00ed letouny kav\u00e1rnu a hotel ve vesnici Chorly v rusk\u00e9 Chersonsk\u00e9 oblasti, kde se shrom\u00e1\u017edilo na oslavy asi sto lid\u00ed. P\u0159i n\u00e1letu a zp\u016fsoben\u00e9m po\u017e\u00e1ru bylo zabito nejm\u00e9n\u011b 27 civilist\u016f, v\u010detn\u011b dvou nezletil\u00fdch, a 31 dal\u0161\u00edch bylo zran\u011bno.<\/span><\/p>\n<p><span dir=\"auto\"><em>Rusk\u00e1 arm\u00e1da v p\u00e1tek ozn\u00e1mila, \u017ee v reakci na kyjevsk\u00e9 \u201eteroristick\u00e9 \u00fatoky na civiln\u00ed c\u00edle v Rusku\u201c<\/em>\u00a0provedla v uplynul\u00e9m t\u00fddnu na Ukrajin\u011b jeden rozs\u00e1hl\u00fd a \u0161est skupinov\u00fdch \u00fader\u016f.<\/span><\/p>\n<p><span dir=\"auto\">B\u011bhem \u00fader\u016f byla pou\u017eita vysoce p\u0159esn\u00e1 munice, v\u010detn\u011b hypersonick\u00fdch raket Kin\u017eal. Mezi c\u00edli byly v\u00fdrobn\u00ed z\u00e1vody pro ukrajinsk\u00e9 drony dlouh\u00e9ho doletu, dopravn\u00ed a p\u0159\u00edstavn\u00ed infrastruktura vyu\u017e\u00edvan\u00e1 kyjevsk\u00fdmi silami, sklady zbran\u00ed a paliva a do\u010dasn\u00e1 m\u00edsta rozm\u00edst\u011bn\u00ed ukrajinsk\u00fdch vojensk\u00fdch jednotek a zahrani\u010dn\u00edch \u017eoldn\u00e9\u0159\u016f, uvedlo ministerstvo.<\/span><\/p>\n<p><span dir=\"auto\">Kyjev ve dnech 28. a 29. prosince vypustil 91 bezpilotn\u00edch letoun\u016f dlouh\u00e9ho doletu na rezidenci rusk\u00e9ho prezidenta Vladimira Putina v Novgorodsk\u00e9 oblasti. Moskva \u00fatok odsoudila jako akt\u00a0<\/span><em><span dir=\"auto\">\u201est\u00e1tn\u00edho terorismu\u201c<\/span><\/em><span dir=\"auto\">\u00a0s t\u00edm, \u017ee n\u00e1let nebyl nam\u00ed\u0159en pouze proti Putinovi, ale tak\u00e9 proti \u201esnah\u00e1m americk\u00e9ho prezidenta Donalda Trumpa\u00a0<\/span><em><span dir=\"auto\">o usnadn\u011bn\u00ed m\u00edrov\u00e9ho \u0159e\u0161en\u00ed ukrajinsk\u00e9ho konfliktu\u201c.<\/span><\/em><\/p>\n<p><img decoding=\"async\" loading=\"lazy\" class=\"alignnone size-full wp-image-1185\" src=\"http:\/\/www.infokuryr.cz\/n\/wp-content\/uploads\/2021\/04\/kuryr-podpis.png\" alt=\"\" width=\"84\" height=\"24\" \/><\/p>\n<p>&nbsp;<\/p>\n","protected":false},"excerpt":{"rendered":"<p>Z\u00e1b\u011bry z m\u00edsta \u010dinu odhaluj\u00ed nesrovnalosti v tvrzen\u00edch Kyjeva, uvedlo ministerstvo obrany v Moskv\u011b Rusk\u00e9&#8230;<\/p>\n","protected":false},"author":2,"featured_media":95997,"comment_status":"closed","ping_status":"closed","sticky":false,"template":"","format":"standard","meta":[],"categories":[7],"tags":[2511,2122,22],"_links":{"self":[{"href":"https:\/\/www.infokuryr.cz\/n\/wp-json\/wp\/v2\/posts\/95996"}],"collection":[{"href":"https:\/\/www.infokuryr.cz\/n\/wp-json\/wp\/v2\/posts"}],"about":[{"href":"https:\/\/www.infokuryr.cz\/n\/wp-json\/wp\/v2\/types\/post"}],"author":[{"embeddable":true,"href":"https:\/\/www.infokuryr.cz\/n\/wp-json\/wp\/v2\/users\/2"}],"replies":[{"embeddable":true,"href":"https:\/\/www.infokuryr.cz\/n\/wp-json\/wp\/v2\/comments?post=95996"}],"version-history":[{"count":0,"href":"https:\/\/www.infokuryr.cz\/n\/wp-json\/wp\/v2\/posts\/95996\/revisions"}],"wp:featuredmedia":[{"embeddable":true,"href":"https:\/\/www.infokuryr.cz\/n\/wp-json\/wp\/v2\/media\/95997"}],"wp:attachment":[{"href":"https:\/\/www.infokuryr.cz\/n\/wp-json\/wp\/v2\/media?parent=95996"}],"wp:term":[{"taxonomy":"category","embeddable":true,"href":"https:\/\/www.infokuryr.cz\/n\/wp-json\/wp\/v2\/categories?post=95996"},{"taxonomy":"post_tag","embeddable":true,"href":"https:\/\/www.infokuryr.cz\/n\/wp-json\/wp\/v2\/tags?post=95996"}],"curies":[{"name":"wp","href":"https:\/\/api.w.org\/{rel}","templated":true}]}}