{"id":95991,"date":"2026-01-03T06:14:58","date_gmt":"2026-01-03T05:14:58","guid":{"rendered":"https:\/\/www.infokuryr.cz\/n\/?p=95991"},"modified":"2026-01-03T06:14:58","modified_gmt":"2026-01-03T05:14:58","slug":"patrick-lawrence-novorocni-poznamky-k-udajnym-vudcum","status":"publish","type":"post","link":"https:\/\/www.infokuryr.cz\/n\/2026\/01\/03\/patrick-lawrence-novorocni-poznamky-k-udajnym-vudcum\/","title":{"rendered":"Patrick Lawrence: Novoro\u010dn\u00ed pozn\u00e1mky k \u00fadajn\u00fdm v\u016fdc\u016fm"},"content":{"rendered":"<div id=\"fb-root\"><\/div>\n<p><strong>Nem\u00e1 smysl doufat v jakoukoli zm\u011bnu kurzu kolektivn\u00edho Z\u00e1padu, dokud budou dne\u0161n\u00ed \u201e\u00fadajn\u00ed v\u016fdci\u201c ve sv\u00fdch funkc\u00edch.<\/strong><\/p>\n<p>\u201eNebe je vysoko a c\u00edsa\u0159 je daleko.\u201c Tak \u010d\u00edn\u0161t\u00ed roln\u00edci po mnoho stalet\u00ed oslavovali svou vzd\u00e1lenost od Zak\u00e1zan\u00e9ho m\u011bsta. Domn\u00edv\u00e1m se, \u017ee podobn\u00fd sentiment m\u016f\u017ee p\u0159evl\u00e1dat i v hypercentralizovan\u00e9 \u010c\u00ednsk\u00e9 lidov\u00e9 republice.<\/p>\n<p>Kdy\u017e je moc do ur\u010dit\u00e9 m\u00edry autokratick\u00e1, je nejlep\u0161\u00ed, kdy\u017e je vzd\u00e1len\u00e1. Tak tomu bylo i v m\u00e9m p\u0159\u00edpad\u011b, by\u0165 jen kr\u00e1tce, na konci roku 2025.<\/p>\n<p>D\u00edky laskavosti m\u00e9 tchyn\u011b jsem str\u00e1vil v\u00e1no\u010dn\u00ed sv\u00e1tky na severoz\u00e1padn\u00edm pob\u0159e\u017e\u00ed Pacifiku a byl jsem na\u0161t\u011bst\u00ed daleko od postdemokratick\u00e9 moci v jak\u00e9koli jej\u00ed podob\u011b.<\/p>\n<p>Nejbli\u017e\u0161\u00edm volen\u00fdm \u00fa\u0159edn\u00edkem, kter\u00fd se tv\u00e1\u0159il kompetentn\u011b, byl Kim Lund, starosta m\u011bsta Bellingham ve st\u00e1t\u011b Washington, jeho\u017e p\u016fsobnost sah\u00e1 a\u017e k jednomu z t\u011bch pl\u00e1n\u016f revitalizace centra m\u011bsta, s nimi\u017e se \u010dasto setk\u00e1v\u00e1te v na\u0161\u00ed deindustrializovan\u00e9 republice.<\/p>\n<p>Zd\u00e1lo se to b\u00fdt p\u0159\u00edle\u017eitost\u00ed pod\u00edvat se z d\u00e1lky na ty v\u00fdznamn\u00e9 osobnosti, kter\u00e9, a\u0165 u\u017e v dobr\u00e9m nebo ve zl\u00e9m, ale t\u00e9m\u011b\u0159 ve v\u0161ech p\u0159\u00edpadech rozhodn\u011b v tom druh\u00e9m, nyn\u00ed ur\u010duj\u00ed osud toho, co v tuto chv\u00edli trochu kuri\u00f3zn\u011b naz\u00fdv\u00e1me z\u00e1padn\u00edm sv\u011btem.<\/p>\n<p>Nikdy p\u0159edt\u00edm jsem tyto lidi nepova\u017eoval za jednu skupinu, za pestrou (velmi) partu. A bylo to zaj\u00edmav\u00e9 cvi\u010den\u00ed v podob\u011b n\u011bkter\u00fdch z\u00e1v\u011br\u016f na konci roku.<\/p>\n<p>Zde je v n\u00e1hodn\u00e9m po\u0159ad\u00ed n\u011bkolik m\u00fdch \u201ez\u00e1v\u011br\u016f\u201c, jak to tak \u00fanavn\u011b formuluj\u00ed auto\u0159i titulk\u016f v mainstreamov\u00fdch den\u00edc\u00edch.<\/p>\n<p><b>Za prv\u00e9<\/b>, vzd\u00e1lenost mezi \u00fadajn\u00fdmi v\u016fdci z\u00e1padn\u00edch mocnost\u00ed a jejich ob\u010dany je v\u00edcem\u00e9n\u011b \u00fapln\u00e1. Moc nyn\u00ed funguje v naprost\u00e9 izolaci.<\/p>\n<p>Za druh\u00e9, v\u00e1lky, genocida, invaze dron\u016f, atent\u00e1ty, deporta\u010dn\u00ed gangy, cenzura, sankce, eroze ob\u010dansk\u00fdch svobod, bezpr\u00e1v\u00ed: Nelze p\u0159edpokl\u00e1dat, \u017ee postdemokrati\u010dt\u00ed voli\u010di up\u0159ednost\u0148uj\u00ed cokoli z toho p\u0159ed m\u00edrem a mor\u00e1ln\u00edm \u0159\u00e1dem.<\/p>\n<p>Ne, lid\u00e9 jsou sp\u00ed\u0161e rezignovan\u00ed na svou bezmocnost \u2013 ohromeni do ml\u010den\u00ed, proto\u017ee moc ji\u017e nen\u00ed zodpov\u011bdn\u00e1 a oni, kte\u0159\u00ed jsou nyn\u00ed sp\u00ed\u0161e ovl\u00e1d\u00e1ni ne\u017e spravov\u00e1ni, nemaj\u00ed \u017e\u00e1dn\u00fd vztah ke sv\u00fdm vl\u00e1dc\u016fm.<\/p>\n<p>Jin\u00fdmi slovy, v\u0161ichni jsme nyn\u00ed roln\u00edci z dynastie Ming.<\/p>\n<div class=\"ramecek\">\n<p>\u201eZa druh\u00e9, v\u00e1lky, genocida, invaze dron\u016f, vra\u017edy, deporta\u010dn\u00ed gangy, cenzura, sankce, eroze ob\u010dansk\u00fdch svobod, bezpr\u00e1v\u00ed: Nelze p\u0159edpokl\u00e1dat, \u017ee postdemokrati\u010dt\u00ed voli\u010di up\u0159ednost\u0148uj\u00ed cokoli z toho p\u0159ed m\u00edrem a mor\u00e1ln\u00edm \u0159\u00e1dem.\u201c<\/p>\n<\/div>\n<p><b>Za druh\u00e9<\/b>, nem\u00e1 smysl doufat v jakoukoli zm\u011bnu kurzu kolektivn\u00edho Z\u00e1padu, dokud z\u016fstane u moci tato skupina sobeck\u00fdch druho\u0159ad\u00fdch politik\u016f. Tito lid\u00e9 n\u00e1s odsoudili, zat\u00edmco jednali na\u0161\u00edm jm\u00e9nem, k re\u017eim\u016fm bezohledn\u00e9 brutality.<\/p>\n<p><b>Za t\u0159et\u00ed<\/b>, a co je je\u0161t\u011b v\u00fdznamn\u011bj\u0161\u00ed a p\u016fsobiv\u011bj\u0161\u00ed, z toho vypl\u00fdv\u00e1, \u017ee syst\u00e9my a politick\u00e9 procesy, kter\u00e9 je vynesly do pozic daleko p\u0159esahuj\u00edc\u00edch jejich schopnosti, mus\u00ed b\u00fdt rozebr\u00e1ny nebo jinak radik\u00e1ln\u011b reformov\u00e1ny, ne\u017e bude mo\u017en\u00e9 obnovit jak\u00fdkoli spravedliv\u00fd a hum\u00e1nn\u00ed \u0159\u00e1d.<\/p>\n<p><b>Za \u010dtvrt\u00e9<\/b>, a to vypl\u00fdv\u00e1 z bod\u016f 1, 2 a 3, postdemokratick\u00e9 zbaven\u00ed moci a podpora buj\u00edc\u00edho chaosu ze strany Z\u00e1padu ukl\u00e1d\u00e1 ob\u010dan\u016fm velkou odpov\u011bdnost.<\/p>\n<p>Chas Freeman, emeritn\u00ed velvyslanec a energick\u00fd koment\u00e1tor, m\u011b na podzim p\u0159ekvapil, kdy\u017e v podcastu prohl\u00e1sil, \u017ee my \u2013 my Ameri\u010dan\u00e9 \u2013 jsme vstoupili do p\u0159edrevolu\u010dn\u00edho obdob\u00ed americk\u00e9 historie. Chasovu pozn\u00e1mku nech\u00e1m jako vysv\u011btlen\u00ed toho, co m\u00e1m na mysli pod pojmem odpov\u011bdnost. Jin\u00fdmi slovy, budoucnost je na n\u00e1s.<\/p>\n<p>Nakonec existuje n\u011bkolik v\u00fdjimek z tohoto hodnocen\u00ed \u00fadajn\u00fdch v\u016fdc\u016f Z\u00e1padu a my se na n\u011b mus\u00edme d\u00edvat jako na slab\u00e9 paprsky sv\u011btla \u2013 jako na n\u00e1znaky toho, co je je\u0161t\u011b mo\u017en\u00e9, kdy\u017e lid\u00e9 s integritou skute\u010dn\u011b slou\u017e\u00ed ve vysok\u00fdch funkc\u00edch jm\u00e9nem t\u011bch, kte\u0159\u00ed je tam dosadili.<\/p>\n<p>Je \u010das \u010delit t\u011bmto pravd\u00e1m \u2013 vlastn\u011b u\u017e je nejvy\u0161\u0161\u00ed \u010das. Nadch\u00e1zej\u00edc\u00ed rok to potvrd\u00ed. Rozpad demokratick\u00fdch proces\u016f a p\u0159evaha toho, co vypad\u00e1 jako lhostejnost, ale l\u00e9pe se d\u00e1 pochopit jako rezignace \u2013 to v\u0161e p\u0159ivedlo z\u00e1padn\u00ed sv\u011bt k davu \u201ev\u016fdc\u016f\u201c, kte\u0159\u00ed jsou klinicky neuroti\u010dt\u00ed, narcisti\u010dt\u00ed, sociopati\u010dt\u00ed, megalomani\u010dt\u00ed, jednaj\u00ed daleko nad r\u00e1mec sv\u00fdch kompetenc\u00ed \u2013 nebo jsou kombinac\u00ed n\u011bkter\u00fdch \u010di v\u0161ech t\u011bchto vlastnost\u00ed.<\/p>\n<p>Je\u0161t\u011b p\u0159ed 20 lety bylo tabu mluvit nebo ps\u00e1t o \u00fapadku Z\u00e1padu. \u010clov\u011bk byl \u201edeclinistou\u201c \u2013 pamatujete si toto slovo? \u2013 a to ho pon\u011bkud izolovalo. Nyn\u00ed, kdy\u017e je \u00fapadek na\u0161eho pozdn\u00edho imp\u00e9ria nepopirateln\u00fd, kdo by tu\u0161il, \u017ee bude tak o\u0161unt\u011bl\u00fd, tak ned\u016fstojn\u00fd, tak trapn\u00fd \u2013 a samoz\u0159ejm\u011b tak lhostejn\u00fd k lidsk\u00e9mu \u017eivotu a pr\u00e1vu.<\/p>\n<div class=\"karta\" style=\"text-align: center;\">\n<figure><img decoding=\"async\" loading=\"lazy\" class=\"aligncenter\" src=\"https:\/\/zvedavec.news\/images\/26\/novorocni-poznamky-2.jpg\" alt=\"[Binyamin N...]\" width=\"580\" height=\"325\" \/><figcaption><em>Binyamin Netanyahu u soudu b\u011bhem sv\u00e9ho korup\u010dn\u00edho procesu, prosinec 2024.<\/em><\/figcaption><\/figure>\n<\/div>\n<p>Studovali jste n\u011bkdy fotografii Bibiho Netanjahua \u2013 mysl\u00edm jeho rysy? J\u00e1 si nenech\u00e1m uj\u00edt \u017e\u00e1dnou p\u0159\u00edle\u017eitost, proto\u017ee jeho tv\u00e1\u0159 m\u011b fascinuje, a doporu\u010duji v\u00e1m to tak\u00e9, pokud jste se na ni je\u0161t\u011b podrobn\u011b ned\u00edvali. Jak v\u00e1m potvrd\u00ed ka\u017ed\u00fd dobr\u00fd psychiatr nebo klinick\u00fd psycholog, je to tv\u00e1\u0159 psychotika, jak je definov\u00e1n ve star\u00e9m dobr\u00e9m DSM, Diagnostick\u00e9m a statistick\u00e9m manu\u00e1lu du\u0161evn\u00edch poruch.<\/p>\n<p>Historie izraelsk\u00e9ho premi\u00e9ra je dob\u0159e zn\u00e1m\u00e1. 76let\u00fd mu\u017e s k\u0159ehk\u00fdm vztahem k realit\u011b, chci \u0159\u00edct, je nyn\u00ed nejmocn\u011bj\u0161\u00ed osobou v z\u00e1padn\u00ed Asii \u2013 a v tuto chv\u00edli i daleko za jej\u00edmi hranicemi.<\/p>\n<p>Ale Netanjahu nen\u00ed z\u00e1padn\u00ed v\u016fdce, \u0159eknete. Ale ne, to ne\u0159eknete: Moc, kterou Bibi uplat\u0148uje ve Washingtonu a ve v\u011bt\u0161in\u011b evropsk\u00fdch hlavn\u00edch m\u011bst, daleko p\u0159esahuje geografick\u00e9 hranice. Zauj\u00edm\u00e1 prominentn\u00ed m\u00edsto v tomto tu\u017ekou nakreslen\u00e9m skupinov\u00e9m portr\u00e9tu. V dob\u011b psan\u00ed tohoto \u010dl\u00e1nku Netanjahu pr\u00e1v\u011b dokon\u010dil svou p\u00e1tou n\u00e1v\u0161t\u011bvu prezidenta Trumpa b\u011bhem prvn\u00edho roku Trumpova druh\u00e9ho funk\u010dn\u00edho obdob\u00ed. Zamyslete se nad t\u00edm: psychotik a emocion\u00e1ln\u011b zakrn\u011bl\u00fd narcista, kter\u00fd se zd\u00e1, \u017ee m\u00e1 n\u011bkomu n\u011bco dokazovat, pravd\u011bpodobn\u011b sv\u00e9mu otci, str\u00e1vil pond\u011bl\u00ed v\u00e1no\u010dn\u00edho t\u00fddne pl\u00e1nov\u00e1n\u00edm dal\u0161\u00ed vojensk\u00e9 operace proti Isl\u00e1msk\u00e9 republice \u2013 tentokr\u00e1t s c\u00edlem zni\u010dit jej\u00ed raketov\u00fd program a protivzdu\u0161nou obranu.<\/p>\n<p>Caitlin Johnstone to nejl\u00e9pe vystihla ve sv\u00e9m\u00a0<a href=\"https:\/\/www.caitlinjohnst.one\/p\/netanyahu-is-visiting-trump-for-the\" target=\"_blank\" rel=\"external noopener\">newsletteru z 28. prosince<\/a>. \u201e<i>P\u0159estali si vym\u00fd\u0161let nesmysly o jadern\u00fdch zbran\u00edch,<\/i>\u201c napsala, \u201e<i>a te\u010f prost\u011b \u0159\u00edkaj\u00ed: \u201aMus\u00edme za\u00fato\u010dit na \u00cdr\u00e1n, proto\u017ee \u00cdr\u00e1n obnovuje svou schopnost zabr\u00e1nit n\u00e1m v \u00fatoku na n\u011bj.\u2018<\/i>\u201c<\/p>\n<p>Je t\u0159eba vz\u00edt v \u00favahu tak\u00e9 r\u016fzn\u00e9 pot\u00ed\u017ee, kter\u00fdm Netanjahu \u010del\u00ed doma. Je souzen za n\u011bkolik obvin\u011bn\u00ed z korupce, v roce 2026 ho \u010dekaj\u00ed volby, kter\u00e9 pravd\u011bpodobn\u011b prohraje, a je zbab\u011ble zav\u00e1z\u00e1n sionistick\u00fdm fanatik\u016fm, kter\u00fdmi naplnil svou vl\u00e1du. Znamen\u00e1 to, \u017ee Itamar Ben\u2013Givr, Bezalel Smotrich a dal\u0161\u00ed maj\u00ed nep\u0159\u00edm\u00fd, ale siln\u00fd vliv na glob\u00e1ln\u00ed politiku? Navrhuji tuto ot\u00e1zku p\u0159esko\u010dit, proto\u017ee se neodva\u017euji riskovat odpov\u011b\u010f.<\/p>\n<p>B\u011bhem m\u00e9 v\u00e1no\u010dn\u00ed idyly mezi jedlemi a vzne\u0161en\u00fdmi cedry severoz\u00e1padn\u00edho Pacifiku mi na mysl p\u0159i\u0161li ti, kte\u0159\u00ed \u017eij\u00ed na druh\u00e9 stran\u011b Atlantiku a tvo\u0159\u00ed to, co naz\u00fdv\u00e1me j\u00e1drem Evropy. Kier Starmer, Emmanuel Macron, Friedrich Merz \u2013 britsk\u00fd premi\u00e9r, francouzsk\u00fd prezident, n\u011bmeck\u00fd kancl\u00e9\u0159: ozna\u010dil bych je za palooky, kdyby palookov\u00e9 nebyli neohraban\u00ed hulv\u00e1ti, kte\u0159\u00ed v \u017eivot\u011b nikdy ni\u010deho nedos\u00e1hnou.<\/p>\n<p>Tito t\u0159i jsou sv\u00fdm zp\u016fsobem neohraban\u00ed a hrub\u00ed, ale dostali se p\u0159\u00edli\u0161 daleko. Od Merzova zvolen\u00ed na ja\u0159e lo\u0148sk\u00e9ho roku vytvo\u0159ili jak\u00e9si triumvir\u00e1t, kter\u00e9 v\u00edcem\u00e9n\u011b diktuje spole\u010dn\u00fd sm\u011br Evropy. V\u0161ichni jsou rusofobov\u00e9 \u2013 Merz je z nich nejhor\u0161\u00ed \u2013 a rozv\u00ed\u0159ili Brit\u00e1nii i kontinent kv\u016fli \u010dist\u011b imagin\u00e1rn\u00ed rusk\u00e9 invazi, zat\u00edmco zat\u011b\u017euj\u00ed sv\u00e9 obyvatelstvo dluhy na cel\u00e9 generace, aby udr\u017eeli zlo\u010dinn\u00fd re\u017eim v Kyjev\u011b ve v\u00e1lce, kterou Ukrajina (podle m\u00e9ho n\u00e1zoru) prohr\u00e1la p\u0159ed v\u00edce ne\u017e rokem.<\/p>\n<p>Je\u0161t\u011b hor\u0161\u00ed je, \u017ee v cel\u00e9 Evrop\u011b, a rozhodn\u011b ve Velk\u00e9 Brit\u00e1nii, je nyn\u00ed jak\u00fdkoli projev podpory palestinsk\u00e9mu lidu fakticky kriminalizov\u00e1n. Jak n\u011bkdo ned\u00e1vno poznamenal na \u201eX\u201c, v Brit\u00e1nii v\u00e1s zav\u0159ou do v\u011bzen\u00ed za to, \u017ee odsoud\u00edte genocidu Izraele v Gaze, zat\u00edmco Starmer\u016fv re\u017eim v\u00edt\u00e1 s \u010derven\u00fdm kobercem izraelsk\u00e9 \u00fa\u0159edn\u00edky, kte\u0159\u00ed jsou za ni p\u0159\u00edmo zodpov\u011bdn\u00ed.<\/p>\n<p>Jak\u00fdm slovem tyto lidi ozna\u010dit? Kdy\u017e je studuji, zd\u00e1 se mi, \u017ee to mus\u00ed b\u00fdt \u201ebezradn\u00ed\u201c nebo \u201enezral\u00ed\u201c \u2013 mo\u017en\u00e1 \u201ed\u011btin\u0161t\u00ed\u201c nebo \u201enedosp\u011bl\u00ed\u201c. Zvykl\u00ed schov\u00e1vat se pod de\u0161tn\u00edkem americk\u00e9 hegemonie, nedok\u00e1\u017eou myslet ani jednat zodpov\u011bdn\u011b, a tak hledaj\u00ed nov\u00e9 \u00fato\u010di\u0161t\u011b v pevnosti \u201ecentristick\u00e9\u201c ideologie, kter\u00e1 nen\u00ed centrem ni\u010deho, pokud to nen\u00ed liber\u00e1ln\u00ed autorit\u00e1\u0159stv\u00ed.<\/p>\n<p>Klinicky naru\u0161en\u00fd premi\u00e9r, solipsistick\u00fd prezident koupen\u00fd sionistick\u00fdmi lobby, t\u0159i Evropan\u00e9 bez \u0161petky v\u016fd\u010d\u00edch schopnost\u00ed: Opakovan\u011b se o nich zmi\u0148uji jako o \u201e\u00fadajn\u00fdch v\u016fdc\u00edch\u201c Z\u00e1padu, proto\u017ee nic nevedou. V tomto koment\u00e1\u0159i je budu naz\u00fdvat \u201ePL\u201c.<\/p>\n<p>PL na\u0161\u00ed doby se c\u00edt\u00ed zcela pohodln\u011b ve sv\u00e9m odlou\u010den\u00ed od ob\u010dan\u016f, proto\u017ee jim to d\u00e1v\u00e1 volnost jednat v\u00fdhradn\u011b ve vlastn\u00edm z\u00e1jmu. A vlastn\u00ed z\u00e1jem je v po\u0159\u00e1dku, pokud je to b\u016fh, kter\u00e9mu chce \u010dlov\u011bk slou\u017eit, ale ne, kdy\u017e je za to cenou groteskn\u011b n\u00e1siln\u00fd sv\u011btov\u00fd \u0159\u00e1d. V \u0159\u00edjnu lo\u0148sk\u00e9ho roku jsem oslavoval, kdy\u017e\u00a0<a href=\"https:\/\/thefloutist.substack.com\/p\/the-no-of-irelands-new-president\" target=\"_blank\" rel=\"external noopener\">Irov\u00e9 zvolili Catherine Connollyovou<\/a>\u00a0svou prezidentkou s velk\u00fdm n\u00e1skokem. Je to sice ceremoni\u00e1ln\u00ed funkce, ale Connollyov\u00e1 zast\u00e1v\u00e1 z\u00e1sady, kter\u00e9 jsou v souladu s irsk\u00fdmi, zejm\u00e9na, ale nejen, pokud jde o izraelsk\u00fd teror a palestinskou ot\u00e1zku.<\/p>\n<p>Abych to stru\u010dn\u011b shrnul, Irov\u00e9 nyn\u00ed pl\u00e1nuj\u00ed p\u0159em\u011bnit b\u00fdvalou izraelskou ambas\u00e1du, kter\u00e1 je pr\u00e1zdn\u00e1 od t\u00e9 doby, co byl sionistick\u00fd velvyslanec loni vyhn\u00e1n z Dublinu, na muzeum v\u011bnovan\u00e9 palestinsk\u00e9mu um\u011bn\u00ed a artefakt\u016fm. Nen\u00ed to \u00fa\u017easn\u00e9? Irsk\u00fd talent pro m\u00edch\u00e1n\u00ed ironie, humoru a politiky je nep\u0159ekonateln\u00fd. Koneckonc\u016f, d\u011blaj\u00ed to u\u017e n\u011bkolik stolet\u00ed.<\/p>\n<p>T\u011bsn\u011b p\u0159edt\u00edm, ne\u017e Netanjahu o v\u00edkendu odlet\u011bl do Mar-a-Lago, jsem vid\u011bl mapu jeho letov\u00e9 trasy na \u201eX\u201c. Jeho letadlo p\u0159elet\u011blo \u0158ecko a It\u00e1lii, ne\u017e prudce zato\u010dilo na sever sm\u011brem k Francii, aby se vyhnulo \u0161pan\u011blsk\u00e9mu vzdu\u0161n\u00e9mu prostoru. To mi p\u0159ipomn\u011blo, i kdy\u017e to nen\u00ed t\u0159eba p\u0159ipom\u00ednat, z\u00e1sadov\u00fd postoj vl\u00e1dy Pedra S\u00e1ncheze k Izraeli a jeho zlo\u010din\u016fm.<\/p>\n<p>\u0160pan\u011blsk\u00fd socialistick\u00fd premi\u00e9r z\u0159ejm\u011b nevynech\u00e1 \u017e\u00e1dnou p\u0159\u00edle\u017eitost, aby odsoudil sionistick\u00fd re\u017eim. \u201eTi, kdo jsou zodpov\u011bdn\u00ed za tento genocidu, budou hn\u00e1ni k odpov\u011bdnosti,\u201c \u0159ekl S\u00e1nchez v projevu v lo\u0148sk\u00e9m roce. A: \u201eS genocidn\u00edm st\u00e1tem neobchodujeme, to ned\u011bl\u00e1me.\u201c<\/p>\n<p>Konkr\u00e9tn\u011b \u0161pan\u011blsk\u00fd parlament loni v l\u00e9t\u011b uvalil na Izrael komplexn\u00ed zbrojn\u00ed embargo a okam\u017eit\u011b ho za\u010dal prosazovat. Na podzim za\u010dala Banco Sabadell, tradi\u010dn\u00ed barcelonsk\u00e1 instituce, zmrazovat \u00fa\u010dty Izraelc\u016f.<\/p>\n<p>Existuj\u00ed i dal\u0161\u00ed podobn\u00e9 \u010destn\u00e9 p\u0159\u00edpady, i kdy\u017e mo\u017en\u00e1 nejsou tak p\u0159\u00edm\u00e9 jako ty irsk\u00e9 a \u0161pan\u011blsk\u00e9. Jejich spravedlnost je samoz\u0159ejm\u011b d\u016fle\u017eit\u00e1 sama o sob\u011b, ale tak\u00e9 pro to, co ukazuje n\u00e1m ostatn\u00edm.<\/p>\n<p>PL budou znamenat konec p\u0159\u00edb\u011bhu Z\u00e1padu pouze v p\u0159\u00edpad\u011b, \u017ee se s nimi Z\u00e1pad sm\u00ed\u0159\u00ed. Rezignace nen\u00ed vlastn\u00ed pozdn\u011b imperi\u00e1ln\u00edmu z\u00e1padn\u00edmu v\u011bdom\u00ed: je podm\u00edn\u011bn\u00e1. A m\u00e1 smysl ji p\u0159ekonat.<\/p>\n<div class=\"podcarou\">\n<p><a href=\"https:\/\/consortiumnews.com\/2025\/12\/31\/patrick-lawrence-new-years-notes-on-purported-leaders\/\" target=\"_blank\" rel=\"external noopener\">New Year\u2019s Notes on Purported Leaders<\/a> vy\u0161el 31.12.2025 na consortiumnews.com<\/p>\n<p>&nbsp;<\/p>\n<\/div>\n","protected":false},"excerpt":{"rendered":"<p>Nem\u00e1 smysl doufat v jakoukoli zm\u011bnu kurzu kolektivn\u00edho Z\u00e1padu, dokud budou dne\u0161n\u00ed \u201e\u00fadajn\u00ed v\u016fdci\u201c ve&#8230;<\/p>\n","protected":false},"author":2,"featured_media":95992,"comment_status":"closed","ping_status":"closed","sticky":false,"template":"","format":"standard","meta":[],"categories":[7],"tags":[41,10348,5492],"_links":{"self":[{"href":"https:\/\/www.infokuryr.cz\/n\/wp-json\/wp\/v2\/posts\/95991"}],"collection":[{"href":"https:\/\/www.infokuryr.cz\/n\/wp-json\/wp\/v2\/posts"}],"about":[{"href":"https:\/\/www.infokuryr.cz\/n\/wp-json\/wp\/v2\/types\/post"}],"author":[{"embeddable":true,"href":"https:\/\/www.infokuryr.cz\/n\/wp-json\/wp\/v2\/users\/2"}],"replies":[{"embeddable":true,"href":"https:\/\/www.infokuryr.cz\/n\/wp-json\/wp\/v2\/comments?post=95991"}],"version-history":[{"count":0,"href":"https:\/\/www.infokuryr.cz\/n\/wp-json\/wp\/v2\/posts\/95991\/revisions"}],"wp:featuredmedia":[{"embeddable":true,"href":"https:\/\/www.infokuryr.cz\/n\/wp-json\/wp\/v2\/media\/95992"}],"wp:attachment":[{"href":"https:\/\/www.infokuryr.cz\/n\/wp-json\/wp\/v2\/media?parent=95991"}],"wp:term":[{"taxonomy":"category","embeddable":true,"href":"https:\/\/www.infokuryr.cz\/n\/wp-json\/wp\/v2\/categories?post=95991"},{"taxonomy":"post_tag","embeddable":true,"href":"https:\/\/www.infokuryr.cz\/n\/wp-json\/wp\/v2\/tags?post=95991"}],"curies":[{"name":"wp","href":"https:\/\/api.w.org\/{rel}","templated":true}]}}