{"id":95973,"date":"2026-01-03T00:27:19","date_gmt":"2026-01-02T23:27:19","guid":{"rendered":"https:\/\/www.infokuryr.cz\/n\/?p=95973"},"modified":"2026-01-02T18:14:58","modified_gmt":"2026-01-02T17:14:58","slug":"obvykla-silvestrovska-obcanska-valka-evropa-znovu-hori","status":"publish","type":"post","link":"https:\/\/www.infokuryr.cz\/n\/2026\/01\/03\/obvykla-silvestrovska-obcanska-valka-evropa-znovu-hori\/","title":{"rendered":"Obvykl\u00e1 silvestrovsk\u00e1 ob\u010dansk\u00e1 v\u00e1lka: Evropa znovu ho\u0159\u00ed"},"content":{"rendered":"<div id=\"fb-root\"><\/div>\n<p><strong><span dir=\"auto\">Silvestr 2025\/2026 op\u011bt odhalil pravou tv\u00e1\u0159 na\u0161ich multikulturn\u00edch spole\u010dnost\u00ed. V N\u011bmecku, Francii a Belgii, mimo jin\u00e9, oslavy p\u0159erostly v n\u00e1siln\u00e9 nepokoje. Sou\u010d\u00e1st\u00ed pod\u00edvan\u00e9 bylo zapalov\u00e1n\u00ed aut, \u00fatoky na z\u00e1chrann\u00e9 slo\u017eky a masov\u00e9 zat\u00fdk\u00e1n\u00ed. Ritu\u00e1l ni\u010den\u00ed, kter\u00fd se opakuje ka\u017edoro\u010dn\u011b a nem\u00e1 se Silvestrem nic spole\u010dn\u00e9ho.<\/span><\/strong><\/p>\n<p><span dir=\"auto\">V N\u011bmecku za\u010dalo \u0161\u00edlenstv\u00ed kr\u00e1tce po p\u016flnoci. Jen v Berl\u00edn\u011b policie zatkla p\u0159es 420 lid\u00ed, v\u011bt\u0161inou za pou\u017e\u00edv\u00e1n\u00ed nebezpe\u010dn\u00e9 z\u00e1bavn\u00ed pyrotechniky a \u00fatoky na policisty. T\u0159icet a\u017e t\u0159icet p\u011bt policist\u016f bylo zran\u011bno, kdy\u017e na n\u011b skupiny za\u00fato\u010dily raketami a petardami. V Hamburku bylo zran\u011bno deset z\u00e1chran\u00e1\u0159\u016f a v Lipsku a dal\u0161\u00edch m\u011bstech byly na z\u00e1chran\u00e1\u0159e h\u00e1zeny petardy. V Bielefeldu zem\u0159eli dva osmn\u00e1ctilet\u00ed mlad\u00edci v d\u016fsledku dom\u00e1c\u00edch v\u00fdbu\u0161n\u00fdch za\u0159\u00edzen\u00ed a des\u00edtky p\u0159i\u0161ly o kon\u010detiny. Pachateli byli p\u0159ev\u00e1\u017en\u011b mlad\u00ed mu\u017ei, obvykle cestuj\u00edc\u00ed ve skupin\u00e1ch, kte\u0159\u00ed se \u00famysln\u011b dopou\u0161t\u011bli v\u00fdtr\u017enost\u00ed.<\/span><\/p>\n<p><span dir=\"auto\">Situace ve Francii je je\u0161t\u011b extr\u00e9mn\u011bj\u0161\u00ed. V cel\u00e9 zemi bylo zap\u00e1leno 984 aut, co\u017e je cen\u011bn\u00e1 tradice ni\u010den\u00ed v p\u0159edm\u011bst\u00edch. Ministerstvo vnitra ozn\u00e1milo 420 zat\u010den\u00ed a 310 zadr\u017een\u00fdch osob. Z\u00e1chrann\u00e9 slo\u017eky byly pod neust\u00e1lou palbou, proto\u017ee cel\u00e9 ulice ho\u0159ely.<\/span><\/p>\n<p><span dir=\"auto\">Situace v Belgii byla podobn\u00e1. V Bruselu v\u00fdtr\u017en\u00edci za\u00fato\u010dili na policii a hasi\u010de oh\u0148ostroji; \u00fa\u0159ady zatkly a\u017e 104 lid\u00ed, z nich\u017e mnoz\u00ed byli mlad\u0161\u00ed 20 let. Auta ho\u0159ela, vozidla z\u00e1chrann\u00e9 slu\u017eby byla po\u0161kozena \u2013 zrcadlov\u00fd obraz ud\u00e1lost\u00ed z p\u0159edchoz\u00edch let.<\/span><\/p>\n<p><span dir=\"auto\">Ve v\u0161ech p\u0159\u00edpadech dominuj\u00ed mlad\u00ed mu\u017ei obrazu zat\u010den\u00fdch a \u00fato\u010dn\u00edk\u016f, co\u017e je vzorec zn\u00e1m\u00fd ji\u017e l\u00e9ta. Co politici a jejich mainstreamov\u00e1 m\u00e9dia rad\u011bji skr\u00fdvaj\u00ed, je \u201emigra\u010dn\u00ed pozad\u00ed\u201c t\u011bchto mu\u017e\u016f. Jsou to p\u0159ev\u00e1\u017en\u011b mlad\u00ed muslimov\u00e9, mnoz\u00ed z nich \u017eadatel\u00e9 o azyl, kte\u0159\u00ed terorizuj\u00ed na\u0161e m\u011bsta.<\/span><\/p>\n<p><span dir=\"auto\">V reakci na to nyn\u00ed levicov\u00ed Zelen\u00ed volaj\u00ed po dal\u0161\u00edch z\u00e1kazech z\u00e1bavn\u00ed pyrotechniky. Berl\u00edn v\u0161ak ji\u017e roz\u0161\u00ed\u0159il uzav\u0159en\u00e9 z\u00f3ny, p\u0159esto do\u0161lo ke stovk\u00e1m zat\u010den\u00ed a \u00fatok\u016f. Stejn\u011b jako z\u00f3ny bez no\u017e\u016f nezastav\u00ed \u00fatoky no\u017ei, ani z\u00e1kazy z\u00e1bavn\u00ed pyrotechniky nijak nem\u011bn\u00ed exploduj\u00edc\u00ed n\u00e1sil\u00ed. Probl\u00e9m nen\u00ed v z\u00e1bavn\u00ed pyrotechnice, ale v lidech, kter\u00e9 jsme hromadn\u011b vpustili do zem\u011b. P\u0159in\u00e1\u0161ej\u00ed s sebou zvyky sv\u00fdch domovsk\u00fdch zem\u00ed, kde jsou ob\u010dansk\u00e9 v\u00e1lky, kmenov\u00e9 spory a pouli\u010dn\u00ed n\u00e1sil\u00ed b\u011b\u017en\u00e9. Tam se konflikty \u0159e\u0161\u00ed n\u00e1sil\u00edm, nikoli dialogem, nikoli pr\u00e1vn\u00edm st\u00e1tem. Tyto podm\u00ednky jsme si importovali a nyn\u00ed skl\u00edz\u00edme n\u00e1sil\u00ed na na\u0161ich ulic\u00edch.<\/span><\/p>\n<p><span dir=\"auto\">Na\u0161e vl\u00e1dy otev\u0159ely hranice, ani\u017e by se ptaly, zda p\u0159\u00edliv nov\u011b p\u0159\u00edchoz\u00edch sd\u00edl\u00ed na\u0161i vizi sou\u017eit\u00ed. Na\u0161e vl\u00e1dy toleruj\u00ed paraleln\u00ed spole\u010dnosti, kde se n\u00e1sil\u00ed otev\u0159en\u011b oslavuje. V d\u016fsledku toho u\u017e podm\u00ednky podobn\u00e9 ob\u010dansk\u00e9 v\u00e1lce nejsou vzd\u00e1lenou no\u010dn\u00ed m\u016frou, ale ka\u017edoro\u010dn\u00edm ritu\u00e1lem v na\u0161ich m\u011bstech. Pokud kone\u010dn\u011b neidentifikujeme z\u00e1kladn\u00ed p\u0159\u00ed\u010diny a nevyvod\u00edme z nich nezbytn\u00e9 z\u00e1v\u011bry \u2013 remigrace, uzav\u0159en\u00e9 hranice, nulov\u00e1 tolerance \u2013 pak jsou budoucnost\u00ed na\u0161ich z\u00e1padoevropsk\u00fdch spole\u010dnost\u00ed ho\u0159\u00edc\u00ed ulice a \u017eivot ve strachu.<\/span><\/p>\n<p><em><span dir=\"auto\">Od <a href=\"https:\/\/report24.news\/der-ganz-normale-silvester-buergerkrieg-europa-brennt-wieder\/\">Chrise Vebera<\/a><\/span><\/em><\/p>\n<p>&nbsp;<\/p>\n","protected":false},"excerpt":{"rendered":"<p>Silvestr 2025\/2026 op\u011bt odhalil pravou tv\u00e1\u0159 na\u0161ich multikulturn\u00edch spole\u010dnost\u00ed. V N\u011bmecku, Francii a Belgii, mimo&#8230;<\/p>\n","protected":false},"author":2,"featured_media":95974,"comment_status":"closed","ping_status":"closed","sticky":false,"template":"","format":"standard","meta":[],"categories":[7],"tags":[233,1401,4166],"_links":{"self":[{"href":"https:\/\/www.infokuryr.cz\/n\/wp-json\/wp\/v2\/posts\/95973"}],"collection":[{"href":"https:\/\/www.infokuryr.cz\/n\/wp-json\/wp\/v2\/posts"}],"about":[{"href":"https:\/\/www.infokuryr.cz\/n\/wp-json\/wp\/v2\/types\/post"}],"author":[{"embeddable":true,"href":"https:\/\/www.infokuryr.cz\/n\/wp-json\/wp\/v2\/users\/2"}],"replies":[{"embeddable":true,"href":"https:\/\/www.infokuryr.cz\/n\/wp-json\/wp\/v2\/comments?post=95973"}],"version-history":[{"count":0,"href":"https:\/\/www.infokuryr.cz\/n\/wp-json\/wp\/v2\/posts\/95973\/revisions"}],"wp:featuredmedia":[{"embeddable":true,"href":"https:\/\/www.infokuryr.cz\/n\/wp-json\/wp\/v2\/media\/95974"}],"wp:attachment":[{"href":"https:\/\/www.infokuryr.cz\/n\/wp-json\/wp\/v2\/media?parent=95973"}],"wp:term":[{"taxonomy":"category","embeddable":true,"href":"https:\/\/www.infokuryr.cz\/n\/wp-json\/wp\/v2\/categories?post=95973"},{"taxonomy":"post_tag","embeddable":true,"href":"https:\/\/www.infokuryr.cz\/n\/wp-json\/wp\/v2\/tags?post=95973"}],"curies":[{"name":"wp","href":"https:\/\/api.w.org\/{rel}","templated":true}]}}