{"id":95965,"date":"2026-01-03T00:19:57","date_gmt":"2026-01-02T23:19:57","guid":{"rendered":"https:\/\/www.infokuryr.cz\/n\/?p=95965"},"modified":"2026-01-02T11:22:04","modified_gmt":"2026-01-02T10:22:04","slug":"zbynek-fiala-co-na-nas-vali-novy-rok","status":"publish","type":"post","link":"https:\/\/www.infokuryr.cz\/n\/2026\/01\/03\/zbynek-fiala-co-na-nas-vali-novy-rok\/","title":{"rendered":"Zbyn\u011bk Fiala: Co na n\u00e1s val\u00ed Nov\u00fd rok"},"content":{"rendered":"<div id=\"fb-root\"><\/div>\n<p><strong>Sta\u010dilo p\u00e1r dn\u00ed a sv\u011bt se divoce zm\u011bnil. Za\u010d\u00edn\u00e1me l\u00e9pe ch\u00e1pat, co je jen v\u00e1lka a co skute\u010dn\u00fd boj za svobodu a demokracii.<\/strong><\/p>\n<p style=\"font-weight: 400;\">Nov\u00e9 vl\u00e1dn\u00ed prohl\u00e1\u0161en\u00ed je\u0161t\u011b nen\u00ed \u00fapln\u011b venku, a re\u00e1ln\u00fd \u017eivot u\u017e vyno\u0159uje nov\u00e9 priority. Ukrajinsk\u00e1 v\u00e1lka zrychluje sv\u016fj postup ke smutn\u00e9mu konci, kdy se za\u010dneme pt\u00e1t, pro\u010d muselo um\u0159\u00edt tolik mlad\u00fdch lid\u00ed. Kdo n\u00e1s doopravdy do toho nahnal, a\u0165 to aspo\u0148 plat\u00edme? Kdo nese odpov\u011bdnost?<\/p>\n<p style=\"font-weight: 400;\">Chystan\u00fd \u00fatok na Putinovo s\u00eddlo pr\u00fd m\u00ed\u0159il i na dal\u0161\u00ed c\u00edl, kter\u00fdm bylo rusk\u00e9 podzemn\u00ed jadern\u00e9 velitelstv\u00ed a m\u011bl vyprovokovat okam\u017eitou strategickou odplatu, kter\u00e1 by vt\u00e1hla Spojen\u00e9 st\u00e1ty a NATO do p\u0159\u00edm\u00e9ho konfliktu s\u00a0Ruskem. N\u011bjak to nevy\u0161lo. Pouze to rozp\u00e1lilo i Trumpa, kter\u00fd p\u0159estal pova\u017eovat Zelensk\u00e9ho a Evropu za partnery.<\/p>\n<p style=\"font-weight: 400;\">Koment\u00e1to\u0159i se p\u0159edh\u00e1n\u011bj\u00ed, kdo v\u0161echno o tom musel v\u011bd\u011bt a Ukrajinc\u016fm vedl ruku, proto\u017ee sami by se nemohli dostat tak daleko. Za t\u011bchto okolnost\u00ed nem\u00e1 smysl bojovat za referendum o NATO a EU, proto\u017ee za kr\u00e1tk\u00fd \u010das nemus\u00ed b\u00fdt o \u010dem. Podobn\u011b je to se st\u00edha\u010dkami F-35, kter\u00e9 nar\u00e1\u017eej\u00ed na to, \u017ee je nen\u00ed z\u00a0\u010deho vyr\u00e1b\u011bt. Nemluv\u011b o sign\u00e1lech, \u017ee u\u017e je tolik nechce ani Pentagon.<\/p>\n<p style=\"font-weight: 400;\">Z jin\u00e9ho soudku je zru\u0161en\u00ed Green Dealu. A koho se to bude t\u00fdkat?<\/p>\n<p style=\"font-weight: 400;\">Po drastick\u00e9m sn\u00ed\u017een\u00ed cen panel\u016f na fotovoltaiku klesaj\u00ed snad je\u0161t\u011b rychleji ceny bateri\u00ed pro akumulaci elekt\u0159iny ze slunce a v\u011btru. Val\u00ed tak nov\u00e1 masov\u00e1 p\u0159\u00edle\u017eitost, kterou u\u017e nep\u016fjde zastavit. Vedle dom\u00e1cnost\u00ed, kde baterky nechyb\u00ed u \u017e\u00e1dn\u00e9 nov\u00e9 st\u0159e\u0161n\u00ed instalace, z\u00e1rove\u0148 roste po\u010det z\u00e1jemc\u016f o velk\u00e9 akumula\u010dn\u00ed farmy pro celou s\u00ed\u0165. A taky o funkci agreg\u00e1tor\u016f, kter\u00e1 nab\u00eddne n\u011bco podobn\u00e9ho jinak. Jde o organiz\u00e1tory v\u00fdrobc\u016f obnoviteln\u00e9 energie, aby byli schopni stabilizovat rozvodn\u00e9 s\u00edt\u011b t\u00edm, \u017ee budou m\u011bnit (poskytovat\u00a0<em>flexibilitu<\/em>) nejen v\u00fdrobu elekt\u0159iny z kol\u00edsav\u00fdch zdroj\u016f, ale i spot\u0159ebu.<\/p>\n<p style=\"font-weight: 400;\">Ve v\u00fdsledku budou tyto zdroje kol\u00edsat m\u00e9n\u011b. A to se k\u00a0tomu je\u0161t\u011b neza\u010dali p\u0159ipojovat majitel\u00e9 elektrick\u00fdch aut, jejich\u017e baterky jsou \u0159\u00e1dov\u011b v\u011bt\u0161\u00ed, ne\u017e maj\u00ed lid\u00e9 b\u011b\u017en\u011b doma. Vznik\u00e1 tak nejen ne\u010dekan\u011b siln\u00fd a spolehliv\u00fd dodavatel elekt\u0159iny i slu\u017eeb pro stabilizaci s\u00edt\u011b. Kl\u00ed\u010d\u00ed tak\u00e9 politick\u00e1 s\u00edla, kter\u00e1 si vynut\u00ed zru\u0161en\u00ed dal\u0161\u00edch omezen\u00ed hl\u00eddaj\u00edc\u00edch trh pro nejv\u011bt\u0161\u00ed hr\u00e1\u010de a zachov\u00e1n\u00ed absurdn\u00edch cen.<\/p>\n<p style=\"font-weight: 400;\">Jde o dal\u0161\u00ed uvoln\u011bn\u00ed regula\u010dn\u00edch p\u0159edpis\u016f pro sd\u00edlen\u00ed elekt\u0159iny, kter\u00e9 je krut\u011b omezeno jen na sd\u00edlen\u00ed ve stejn\u00e9m \u010dase, to znamen\u00e1 v rozmez\u00ed stejn\u00e9 \u010dtvrt hodiny jako prob\u011bhla v\u00fdroba, ale k\u00a0tomu je\u0161t\u011b jen ve stejn\u00e9 f\u00e1zi, po kter\u00e9 byla tato elekt\u0159ina vyvedena do dr\u00e1t\u016f.<\/p>\n<p style=\"font-weight: 400;\">Nev\u00edte, co to je? V Evrop\u011b to nev\u00ed nikdo, tahle blbost plat\u00ed jen u n\u00e1s. Proto spousta lid\u00ed s p\u0159ekvapen\u00edm zji\u0161\u0165uje, \u017ee elekt\u0159inu vyrobenou na st\u0159e\u0161n\u00edch panelech na chat\u011b, se kterou po\u010d\u00edtali p\u0159es t\u00fdden doma, ve skute\u010dnosti dod\u00e1vali zadarmo do s\u00edt\u011b. A tak tu, kterou by zrovna pot\u0159ebovali, mus\u00ed ze s\u00edt\u011b nakoupit a za plnou cenu.<\/p>\n<p style=\"font-weight: 400;\">Jin\u00e9 omezen\u00ed se t\u00fdk\u00e1 agrovoltaiky, kter\u00e1 st\u00e1le je\u0161t\u011b nesm\u00ed b\u00fdt v\u0161ude, kde by to zem\u011bd\u011blc\u016fm vyhovovalo a nebr\u00e1nilo kultivaci plodin. Nesm\u00ed ani vyu\u017e\u00edvat v\u0161ech funkc\u00ed, v\u010detn\u011b flexibility, kter\u00e9 by u\u010dinily tento dodate\u010dn\u00ed finan\u010dn\u00ed zdroj venkova mnohem v\u00fdhodn\u011bj\u0161\u00edm.<\/p>\n<p><img decoding=\"async\" loading=\"lazy\" class=\"wp-image-94843 aligncenter\" src=\"http:\/\/www.infokuryr.cz\/n\/wp-content\/uploads\/2025\/12\/popelka-hrad-300x141.jpg\" alt=\"\" width=\"1115\" height=\"524\" srcset=\"https:\/\/www.infokuryr.cz\/n\/wp-content\/uploads\/2025\/12\/popelka-hrad-300x141.jpg 300w, https:\/\/www.infokuryr.cz\/n\/wp-content\/uploads\/2025\/12\/popelka-hrad-768x360.jpg 768w, https:\/\/www.infokuryr.cz\/n\/wp-content\/uploads\/2025\/12\/popelka-hrad.jpg 977w\" sizes=\"(max-width: 1115px) 100vw, 1115px\" \/><\/p>\n<p style=\"font-weight: 400;\">Obava, \u017ee by pak bylo elekt\u0159iny moc, je sm\u011b\u0161n\u00e1, jako kdyby bylo lep\u0161\u00ed, kdyby ji bylo m\u00e1lo. Je to boj za demokratizaci ekonomiky, bez kter\u00e9 jsou v\u0161echna vzne\u0161en\u00e1 hesla o svobod\u011b jen pr\u00e1zdnou fr\u00e1z\u00ed. Demokracie nen\u00ed tam, kde nen\u00ed na v\u00fdb\u011br. O demokracii nelze mluvit, kdy\u017e mus\u00edte d\u011blat jen to, co nadiktuje p\u00e1r mocn\u00fdch.<\/p>\n<p style=\"font-weight: 400;\">Kdy\u017e jsem si zapsal tuto my\u0161lenku a zap\u00e1tral po internetu po n\u011bjak\u00e9 podpo\u0159e, upozornil mne Adam Tooze, kter\u00fd poskytuje na Substacku ka\u017edodenn\u00ed d\u00e1vku zaj\u00edmav\u00fdch ekonomick\u00fdch fakt\u016f a statistik, \u017ee mezi 30 nejv\u00fdznamn\u011bj\u0161\u00edch podnikatel\u016f roku pronikla podle Forbesu tak\u00e9 Aya Jaffov\u00e1, autorka knihy Broligarchie.<\/p>\n<p style=\"font-weight: 400;\"><a href=\"https:\/\/adamtooze.substack.com\/p\/top-969-angry-french-steel-workers\">https:\/\/adamtooze.substack.com\/p\/top-969-angry-french-steel-workers<\/a><\/p>\n<p style=\"font-weight: 400;\">U n\u00e1s se o t\u00e9to knize psalo u\u017e na za\u010d\u00e1tku lo\u0148sk\u00e9ho roku v\u00a0souvislosti s\u00a0podporou Donalda Trumpa ze strany (nejbohat\u0161\u00edch &#8211; \u201ebro\u201c) oligarch\u016f Silicon Valley, tedy zejm\u00e9na Thiela a Muska, n\u011bkdej\u0161\u00edch spolutv\u016frc\u016f syst\u00e9mu PayPal. Jeho prodejem se poprv\u00e9 po\u0159\u00e1dn\u011b kapit\u00e1lov\u011b vybavili, aby se mohli pustit, ka\u017ed\u00fd u\u017e po sv\u00e9 lajn\u011b, do dal\u0161\u00edch revolu\u010dn\u00edch inovac\u00ed. Technick\u00fdch i politick\u00fdch.<\/p>\n<p style=\"font-weight: 400;\">Musk se potom s\u00a0Trumpem trochu rozkmot\u0159il (te\u010f se pr\u00fd d\u00e1vaj\u00ed znovu dohromady), ale t\u00e9matem je, kde se tahle absolutn\u00ed nadvl\u00e1da silikonov\u00fdch magn\u00e1t\u016f vzala. Seri\u00f3zn\u00ed rozbor zm\u00edn\u011bn\u00e9 knihy nab\u00edz\u00ed Patrik Zandl v\u00a0obs\u00e1hlej\u0161\u00ed studii N\u00e1stup broligarchie v\u00a0USA a jej\u00ed my\u0161lenkov\u00e9 pozad\u00ed. Vy\u0161la na str\u00e1nk\u00e1ch Institutu P\u00ed (jde o \u0159eck\u00e9 p\u00edsmenko p\u00ed z\u00a0v\u00fdpo\u010dtu kruhu).<\/p>\n<p style=\"font-weight: 400;\">Studii rozhodn\u011b doporu\u010duji k\u00a0p\u0159e\u010dten\u00ed, z\u00e1sadn\u011b v\u00e1m prosv\u00edt\u00ed pohled na mezin\u00e1rodn\u00ed ud\u00e1losti i zp\u016fsob, jak\u00fdm jste o nich zpravov\u00e1ni. Nicm\u00e9n\u011b jsou tam i pecky z\u00a0ekonomick\u00e9 teorie a praxe.<\/p>\n<p style=\"font-weight: 400;\"><a href=\"https:\/\/institutpi.cz\/wp-content\/uploads\/2025\/09\/Broligarchie.pdf\">https:\/\/institutpi.cz\/wp-content\/uploads\/2025\/09\/Broligarchie.pdf<\/a><\/p>\n<p style=\"font-weight: 400;\">Nesm\u00edte se polekat Zandlova fundovan\u00e9ho p\u0159\u00edstupu, kdy\u017e upozor\u0148uje na \u0161irokou \u0161k\u00e1lu ideov\u00fdch zdroj\u016f tohoto ekonomicko-politick\u00e9ho jevu. Vyloupne se z\u00a0n\u011bj t\u0159eba zji\u0161t\u011bn\u00ed, pro\u010d jsme tak sv\u00edr\u00e1ni monopoly. To nen\u00ed selh\u00e1n\u00ed trhu, to je smysl podnik\u00e1n\u00ed. Tak to aspo\u0148 charakterizuje Thiel\u016fv inspir\u00e1tor, kter\u00fdm je Ren\u00e9 Girard a jeho \u201emimetick\u00e1 teorie\u201c, p\u00ed\u0161\u00edc\u00ed o tom, \u017ee lidsk\u00e9 touhy a konflikty pramen\u00ed z\u00a0napodobov\u00e1n\u00ed: chceme to, co cht\u011bj\u00ed druz\u00ed.<\/p>\n<p style=\"font-weight: 400;\">Kdy\u017e cht\u011bj\u00ed v\u0161ichni tot\u00e9\u017e, ale odehr\u00e1v\u00e1 se to na m\u00e9 origin\u00e1ln\u00ed s\u00edti, miliardy pr\u0161\u00ed. Jin\u00fdmi slovy, mimetick\u00e9 chov\u00e1n\u00ed publika se poda\u0159ilo kapitalizovat do \u201es\u00ed\u0165ov\u00e9ho efektu\u201c. Proto broligarchov\u00e9 tak pohrdaj\u00ed konkuren\u010dn\u00edm trhem, kde se vz\u00e1jemn\u011b pot\u00edraj\u00ed soupe\u0159i d\u011blaj\u00edc\u00ed tot\u00e9\u017e.<\/p>\n<p style=\"font-weight: 400;\">Takhle mi to Zandl shrnul z\u00a0Thiela:<\/p>\n<p style=\"font-weight: 400;\"><em>Konkurence je d\u016fsledkem mimetick\u00e9 rivality, kdy trhy a podnikatel\u00e9 \u010dasto napodobuj\u00ed \u00fasp\u011b\u0161n\u00e9 vzory, m\u00edsto aby hledali skute\u010dn\u011b \u00fasp\u011b\u0161n\u00e9 inovace.\u00a0<strong>\u00dasp\u011b\u0161n\u00ed podnikatel\u00e9 se vyh\u00fdbaj\u00ed p\u0159\u00edm\u00e9 konkurenci a vytv\u00e1\u0159ej\u00ed monopoln\u00ed trhy,<\/strong>\u00a0\u010d\u00edm\u017e se vyman\u00ed z\u00a0destruktivn\u00edho cyklu napodobov\u00e1n\u00ed a soupe\u0159en\u00ed.<\/em><\/p>\n<p style=\"font-weight: 400;\"><em>To plat\u00ed i v\u00a0politice: Modern\u00ed spole\u010dnost je v pasti neust\u00e1l\u00e9ho soupe\u0159en\u00ed bez skute\u010dn\u00e9 inovace, co\u017e vede k stagnaci a destruktivn\u00edm konflikt\u016fm. To je jeden z d\u016fvod\u016f, pro\u010d Thiel podporoval nekonven\u010dn\u00ed politick\u00e9 kandid\u00e1ty, kte\u0159\u00ed vybo\u010duj\u00ed z hlavn\u00edho proudu a nesout\u011b\u017e\u00ed v tradi\u010dn\u00edm politick\u00e9m \u201emimetick\u00e9m poli\u201c.<\/em><\/p>\n<p style=\"font-weight: 400;\">Mezi broliarchy je popul\u00e1rn\u00ed rakousk\u00e1 liber\u00e1ln\u00ed ekonomick\u00e9 \u0161kola, volaj\u00edc\u00ed po volnosti trhu bez regulac\u00ed. Jist\u011b, regulace monopol\u016fm vad\u00ed. Vad\u00ed t\u011bm p\u00e1r super \u00fasp\u011b\u0161n\u00fdm, vedle kter\u00fdch ostatn\u00edm nezb\u00fdv\u00e1 nic jin\u00e9ho ne\u017e bratrovra\u017eedn\u00e9 soupe\u0159en\u00ed o posledn\u00ed drobky zisku.<\/p>\n<p style=\"font-weight: 400;\">A te\u010f si p\u0159edstavte, \u017ee n\u011bkdo dok\u00e1\u017ee oslnit takovou my\u0161lenkou o absolutn\u00ed svobod\u011b i mal\u00e9 podnikatele, kter\u00e9 to pak postihne. Tomu tedy \u0159\u00edk\u00e1m opravdov\u00e9 politick\u00e9 mistrovstv\u00ed.<\/p>\n<p><a href=\"https:\/\/vasevec.info\/komentare\/co-na-nas-vali-novy-rok\">Zbyn\u011bk Fiala<\/a><\/p>\n<p><img decoding=\"async\" loading=\"lazy\" class=\"alignnone size-medium wp-image-18520\" src=\"http:\/\/www.infokuryr.cz\/n\/wp-content\/uploads\/2022\/11\/zbynek-fiala-300x208.jpg\" alt=\"\" width=\"300\" height=\"208\" srcset=\"https:\/\/www.infokuryr.cz\/n\/wp-content\/uploads\/2022\/11\/zbynek-fiala-300x208.jpg 300w, https:\/\/www.infokuryr.cz\/n\/wp-content\/uploads\/2022\/11\/zbynek-fiala.jpg 318w\" sizes=\"(max-width: 300px) 100vw, 300px\" \/><\/p>\n<p>&nbsp;<\/p>\n","protected":false},"excerpt":{"rendered":"<p>Sta\u010dilo p\u00e1r dn\u00ed a sv\u011bt se divoce zm\u011bnil. Za\u010d\u00edn\u00e1me l\u00e9pe ch\u00e1pat, co je jen v\u00e1lka&#8230;<\/p>\n","protected":false},"author":2,"featured_media":68212,"comment_status":"closed","ping_status":"closed","sticky":false,"template":"","format":"standard","meta":[],"categories":[6],"tags":[1042,4163,276,40],"_links":{"self":[{"href":"https:\/\/www.infokuryr.cz\/n\/wp-json\/wp\/v2\/posts\/95965"}],"collection":[{"href":"https:\/\/www.infokuryr.cz\/n\/wp-json\/wp\/v2\/posts"}],"about":[{"href":"https:\/\/www.infokuryr.cz\/n\/wp-json\/wp\/v2\/types\/post"}],"author":[{"embeddable":true,"href":"https:\/\/www.infokuryr.cz\/n\/wp-json\/wp\/v2\/users\/2"}],"replies":[{"embeddable":true,"href":"https:\/\/www.infokuryr.cz\/n\/wp-json\/wp\/v2\/comments?post=95965"}],"version-history":[{"count":0,"href":"https:\/\/www.infokuryr.cz\/n\/wp-json\/wp\/v2\/posts\/95965\/revisions"}],"wp:featuredmedia":[{"embeddable":true,"href":"https:\/\/www.infokuryr.cz\/n\/wp-json\/wp\/v2\/media\/68212"}],"wp:attachment":[{"href":"https:\/\/www.infokuryr.cz\/n\/wp-json\/wp\/v2\/media?parent=95965"}],"wp:term":[{"taxonomy":"category","embeddable":true,"href":"https:\/\/www.infokuryr.cz\/n\/wp-json\/wp\/v2\/categories?post=95965"},{"taxonomy":"post_tag","embeddable":true,"href":"https:\/\/www.infokuryr.cz\/n\/wp-json\/wp\/v2\/tags?post=95965"}],"curies":[{"name":"wp","href":"https:\/\/api.w.org\/{rel}","templated":true}]}}