{"id":95949,"date":"2026-01-03T00:21:34","date_gmt":"2026-01-02T23:21:34","guid":{"rendered":"https:\/\/www.infokuryr.cz\/n\/?p=95949"},"modified":"2026-01-02T10:46:22","modified_gmt":"2026-01-02T09:46:22","slug":"nigerie-americke-letecke-utoky-s-nejasnymi-motivy","status":"publish","type":"post","link":"https:\/\/www.infokuryr.cz\/n\/2026\/01\/03\/nigerie-americke-letecke-utoky-s-nejasnymi-motivy\/","title":{"rendered":"Nig\u00e9rie: Americk\u00e9 leteck\u00e9 \u00fatoky s nejasn\u00fdmi motivy"},"content":{"rendered":"<div id=\"fb-root\"><\/div>\n<p><strong><span dir=\"auto\">Na Bo\u017e\u00ed hod v\u00e1no\u010dn\u00ed provedly Spojen\u00e9 st\u00e1ty leteck\u00e9 \u00fadery v regionu Sokoto v severoz\u00e1padn\u00ed Nig\u00e9rii. Washingtonsk\u00e9 v\u00fdmluvy, nedostatek transparentnosti ohledn\u011b dosa\u017een\u00fdch c\u00edl\u016f a matouc\u00ed prohl\u00e1\u0161en\u00ed nigerijsk\u00fdch \u00fa\u0159ad\u016f zanechaly sahelsk\u00e9 komunity i pozorovatele skeptick\u00e9. Tato nejednozna\u010dnost ohledn\u011b motivace i proveden\u00ed operace vedla k r\u016fzn\u00fdm interpretac\u00edm, co\u017e p\u0159i\u017eivuje nap\u011bt\u00ed v regionu, kter\u00fd ji\u017e tak su\u017euje \u0159ada kriz\u00ed. \u0160lo skute\u010dn\u011b o ochranu k\u0159es\u0165an\u016f p\u0159ed Isl\u00e1msk\u00fdm st\u00e1tem, jak tvrdil Donald Trump, nebo je t\u0159eba d\u016fvody hledat jinde?<\/span><\/strong><\/p>\n<h3 class=\"wp-block-heading\"><strong><span dir=\"auto\">Kdy\u017e Tomahawky zasely pochybnosti<\/span><\/strong><\/h3>\n<p><a title=\"\" href=\"https:\/\/www.reuters.com\/world\/africa\/us-backed-airstrikes-nigeria-hit-two-isis-linked-camps-government-says-2025-12-27\/\" target=\"_blank\" rel=\"noopener\"><span dir=\"auto\">Podle\u00a0<\/span><em><span dir=\"auto\">agentury Reuters<\/span><\/em><\/a><span dir=\"auto\">\u00a0Pentagon v noci z 25. na 26. prosince odp\u00e1lil z n\u00e1mo\u0159n\u00edch platforem v Guinejsk\u00e9m z\u00e1livu \u0161estn\u00e1ct \u0159\u00edzen\u00fdch st\u0159el Tomahawk spolu s munic\u00ed nav\u00e1d\u011bnou GPS pomoc\u00ed dron\u016f MQ-9 Reaper. Tiskov\u00e1 agentura rovn\u011b\u017e uvedla, \u017ee tyto \u00fadery byly zam\u011b\u0159eny na dva t\u00e1bory d\u017eih\u00e1dist\u016f napojen\u00fdch na Isl\u00e1msk\u00fd st\u00e1t v lese Bauni ve st\u00e1t\u011b Sokoto. Podle n\u011bkolika nigerijsk\u00fdch zdroj\u016f v\u0161ak posti\u017een\u00e9 vesnice nikdy nehl\u00e1sily \u017e\u00e1dnou teroristickou p\u0159\u00edtomnost. Tak tomu bylo v Jabo,\u00a0<\/span><a title=\"\" href=\"https:\/\/theleaderng.com\/ex-frcn-dg-raises-concerns-over-precision-of-us-airstrike-in-sokoto\/?utm_\" target=\"_blank\" rel=\"noopener\"><span dir=\"auto\">kde podle m\u00edstn\u00edho \u010dlena<\/span><\/a><span dir=\"auto\">\u00a0parlamentu, kter\u00fd oblast nav\u0161t\u00edvil, rakety dopadly na pr\u00e1zdn\u00e9 pole asi 300 metr\u016f od m\u00edstn\u00ed nemocnice, p\u0159i\u010dem\u017e nebyli hl\u00e1\u0161eni \u017e\u00e1dn\u00ed zran\u011bn\u00ed ani \u00famrt\u00ed. M\u00edstn\u00ed \u00fa\u0159edn\u00edci nav\u0161t\u00edvili dal\u0161\u00ed m\u00edsta a potvrdili absenci jak\u00fdchkoli identifikovan\u00fdch ozbrojenc\u016f v m\u00edstech v\u00fdbuch\u016f. Poslanci zpochybnili \u00fa\u010del n\u00e1let\u016f: \u201eByl tento \u00fatok zam\u011b\u0159en na to, aby se dostal na tituln\u00ed str\u00e1nky novin, nebo aby vyslal nevysv\u011btlitelnou zpr\u00e1vu?\u201c<\/span><\/p>\n<p><span dir=\"auto\">Stejn\u00fd zmatek panuje i kolem Lakuwary, d\u017eih\u00e1distick\u00e9ho hnut\u00ed, na kter\u00e9 se leteck\u00e9 \u00fatoky zam\u011b\u0159ily.\u00a0<\/span><a title=\"\" href=\"https:\/\/www.linkedin.com\/pulse\/isis-northwest-nigeria-some-quick-thoughts-james-barnett-2nche\/?trackingId=fdxVeNcpQzeDJ3yn3DVTWQ%3D%3D\" target=\"_blank\" rel=\"noopener\"><span dir=\"auto\">Podle Jamese Barnetta\u00a0<\/span><\/a><strong><span dir=\"auto\">,<\/span><\/strong><span dir=\"auto\">\u00a0specialisty na dynamiku d\u017eih\u00e1distick\u00fdch aktivit v Sahelu, a\u010dkoli existuj\u00ed n\u00e1znaky propojen\u00ed mezi touto skupinou a Isl\u00e1msk\u00fdm st\u00e1tem v Sahelu, je nicm\u00e9n\u011b obt\u00ed\u017en\u00e9 stanovit p\u0159\u00edmou souvislost. Podle Barnetta se nav\u00edc Lakuwara nevztahuje na strukturovanou d\u017eih\u00e1distickou skupinu; jedn\u00e1 se o obecn\u00fd term\u00edn pou\u017e\u00edvan\u00fd lok\u00e1ln\u011b k popisu bojovn\u00edk\u016f ze Sahelu operuj\u00edc\u00edch v severoz\u00e1padn\u00ed Nig\u00e9rii. Tento term\u00edn zahrnuje tak\u00e9\u00a0<\/span><strong><span dir=\"auto\">\u0161irokou \u0161k\u00e1lu skupin<\/span><\/strong><span dir=\"auto\">\u00a0, v\u010detn\u011b d\u017eih\u00e1dist\u016f, ozbrojen\u00fdch bandit\u016f a m\u00edstn\u00edch milic\u00ed.<\/span><\/p>\n<p><span dir=\"auto\">K t\u00e9to nevyzpytateln\u00e9 vojensk\u00e9 akci se p\u0159id\u00e1v\u00e1 diplomatick\u00e1 nejednozna\u010dnost. Kdy\u017e Donald Trump 25. prosince 2025 ozn\u00e1mil bombov\u00e9 \u00fatoky na sv\u00e9 soci\u00e1ln\u00ed s\u00edti, up\u0159esnil, \u017ee byly provedeny na \u017e\u00e1dost Nig\u00e9rie. Dodal, \u017ee tyto c\u00edle byly vybr\u00e1ny k ochran\u011b \u201e\u00a0<\/span><em><span dir=\"auto\">p\u0159edev\u0161\u00edm nevinn\u00fdch k\u0159es\u0165an\u016f<\/span><\/em><span dir=\"auto\">\u00a0\u201c p\u0159ed Isl\u00e1msk\u00fdm st\u00e1tem. N\u00e1sleduj\u00edc\u00ed den nigerijsk\u00e1 vl\u00e1da zaujala mnohem opatrn\u011bj\u0161\u00ed t\u00f3n a zm\u00ednila spolupr\u00e1ci zpravodajsk\u00fdch slu\u017eeb a strategickou koordinaci. \u00da\u0159ady si d\u00e1valy pozor, aby nezm\u00ednily \u017e\u00e1dnou v\u00fdslovnou \u017e\u00e1dost ani nepotvrdily n\u00e1bo\u017eensk\u00fd aspekt. Pot\u00e9 nigerijsk\u00fd ministr zahrani\u010dn\u00edch v\u011bc\u00ed Yusuf Maitama Tuggar uvedl, \u017ee n\u011bkolik minut p\u0159ed operac\u00ed telefonicky hovo\u0159il s americk\u00fdm ministrem zahrani\u010d\u00ed Marcem Rubiem a zd\u016fraznil, \u017ee akce nebyla nam\u00ed\u0159ena proti \u017e\u00e1dn\u00e9mu konkr\u00e9tn\u00edmu n\u00e1bo\u017eenstv\u00ed. Nakonec americk\u00e9 africk\u00e9 velitelstv\u00ed (AFRICOM) upravilo sv\u00e9 p\u0159\u00edsp\u011bvky na s\u00edti Elona Muska: \u201e\u00a0<\/span><a title=\"\" href=\"https:\/\/x.com\/USAfricaCommand\/status\/2004349831863849380\" target=\"_blank\" rel=\"noopener\"><span dir=\"auto\">na \u017e\u00e1dost<\/span><\/a><span dir=\"auto\">\u00a0\u201c nigerijsk\u00fdch \u00fa\u0159ad\u016f se \u201ezapojilo do koordinace\u201c s t\u011bmito stejn\u00fdmi \u00fa\u0159ady. Tento diplomatick\u00fd zmatek ukazuje rozpaky v\u0161ech stran zapojen\u00fdch do \u0161patn\u011b napl\u00e1novan\u00e9 operace. Pokud jde o nigerijskou vl\u00e1du, ta sice nakonec \u00fatoky uznala, ale pe\u010dliv\u011b se vyh\u00fdbala tvrzen\u00ed o jak\u00e9koli n\u00e1bo\u017eensk\u00e9 motivaci.<\/span><\/p>\n<p><span dir=\"auto\">A\u010dkoliv Donald Trump ve sv\u00e9m ta\u017een\u00ed za \u201ez\u00e1chranu k\u0159es\u0165an\u016f\u201c m\u016f\u017ee reagovat na tlak mocn\u00fdch americk\u00fdch evangelik\u00e1ln\u00edch lobby, v Nig\u00e9rii je obzvl\u00e1\u0161t\u011b nev\u00edtan\u00fd. Ve st\u00e1t\u011b Sokoto, stejn\u011b jako v cel\u00e9 severn\u00ed Nig\u00e9rii, tvo\u0159\u00ed k\u0159es\u0165an\u00e9 men\u0161inu, p\u0159i\u010dem\u017e v\u011bt\u0161ina \u017eije na jihu zem\u011b. Nejsou ani specifick\u00fdm c\u00edlem d\u017eih\u00e1distick\u00fdch skupin, jejich\u017e n\u00e1sil\u00ed postihuje civiln\u00ed obyvatelstvo bez rozd\u00edlu, bez ohledu na n\u00e1bo\u017eenstv\u00ed.<\/span><span id=\"easy-footnote-1-503453\" class=\"easy-footnote-margin-adjust\"><\/span><span class=\"easy-footnote\"><a title=\"\" href=\"https:\/\/reseauinternational.net\/nigeria-des-frappes-americaines-aux-motivations-troubles\/#easy-footnote-bottom-1-503453\" data-hasqtip=\"0\" aria-describedby=\"qtip-0\"><sup><span dir=\"auto\">1.<\/span><\/sup><\/a><\/span><span dir=\"auto\">\u00a0Pokud by tedy tyto bombardov\u00e1n\u00ed skute\u010dn\u011b m\u00ed\u0159ilo na \u201ez\u00e1chranu k\u0159es\u0165an\u016f\u201c, jin\u00e9 krizov\u00e9 z\u00f3ny, jako nap\u0159\u00edklad S\u00fdrie, by nab\u00edzely mnohem p\u0159esv\u011bd\u010div\u011bj\u0161\u00ed ospravedln\u011bn\u00ed pro americkou intervenci. Tato r\u00e9torika tak\u00e9 p\u0159isp\u00edv\u00e1 k vytv\u00e1\u0159en\u00ed um\u011bl\u00e9ho nap\u011bt\u00ed mezi k\u0159es\u0165any a muslimy, zhor\u0161uje region\u00e1ln\u00ed neklid a \u017eiv\u00ed r\u016fzn\u00e9 teorie o skute\u010dn\u00fdch motivech operace.<\/span><\/p>\n<h3 class=\"wp-block-heading\"><strong><span dir=\"auto\">Teorie se hromad\u00ed<\/span><\/strong><\/h3>\n<p><span dir=\"auto\">V sou\u010dasn\u00e9 dob\u011b v regionu panuje atmosf\u00e9ra studen\u00e9 v\u00e1lky mezi zem\u011bmi podporovan\u00fdmi Ruskem, zem\u011bmi Aliance st\u00e1t\u016f Sahelu (AES): Mali, Burkinou Faso, Nigerem a Z\u00e1padem. Americk\u00e9 n\u00e1lety proto tyto st\u00e1ty vn\u00edmaly jako p\u0159\u00edmou hrozbu. Niger sd\u00edl\u00ed na z\u00e1pad\u011b a severoz\u00e1pad\u011b hranici s regionem Sokoto, kter\u00fdm proch\u00e1zej\u00ed strategick\u00e9 trasy vyu\u017e\u00edvan\u00e9 obchodn\u00edky, zlo\u010dinci a d\u017eih\u00e1disty. V obav\u011b z toho, \u017ee by se mohli st\u00e1t ter\u010dem \u00fatok\u016f,\u00a0<\/span><a title=\"\" href=\"https:\/\/www.aljazeera.com\/news\/2025\/12\/28\/niger-military-rulers-order-general-mobilisation-against-armed-groups?utm_source=chatgpt.com\" target=\"_blank\" rel=\"noopener\"><span dir=\"auto\">na\u0159\u00eddily nigerijsk\u00e9 \u00fa\u0159ady ji\u017e 27. prosince v\u0161eobecnou mobilizaci<\/span><\/a><span dir=\"auto\">\u00a0. Junta u moci v Niamey, \u010dasto obvi\u0148ovan\u00e1 z paranoie, m\u00e1 nicm\u00e9n\u011b ur\u010dit\u00e9 d\u016fvody k obav\u00e1m. Zaprv\u00e9, mnoho militant\u016f z Lakurawy poch\u00e1z\u00ed z Nigeru. Na druhou stranu Washington zdaleka nebyl pot\u011b\u0161en t\u00edm, \u017ee mu bylo po p\u0159evratu v \u010dervenci 2023 na\u0159\u00edzeno opustit jeho velkou z\u00e1kladnu dron\u016f v Agadezu. A kone\u010dn\u011b, pr\u00e1v\u011b v jejich hlavn\u00edm m\u011bst\u011b byl v \u0159\u00edjnu lo\u0148sk\u00e9ho roku unesen americk\u00fd pilot pracuj\u00edc\u00ed pro evangelik\u00e1ln\u00ed nevl\u00e1dn\u00ed organizaci, pravd\u011bpodobn\u011b Isl\u00e1msk\u00fdm st\u00e1tem v Sahelu. Nezd\u00e1 se v\u0161ak, \u017ee by se zem\u011b ESA ocitly v hled\u00e1\u010dku USA, a to ani nep\u0159\u00edmo, zejm\u00e9na b\u011bhem tohoto obdob\u00ed uvoln\u011bn\u00ed nap\u011bt\u00ed a jedn\u00e1n\u00ed o Ukrajin\u011b mezi Ruskem a Spojen\u00fdmi st\u00e1ty.<\/span><\/p>\n<p><span dir=\"auto\">Z\u00e1padoafrick\u00fd diplomat nab\u00edz\u00ed dal\u0161\u00ed mo\u017en\u00e9 vysv\u011btlen\u00ed t\u011bchto \u00fatok\u016f. Bojovn\u00edci Isl\u00e1msk\u00e9ho st\u00e1tu obvin\u011bn\u00ed ze zabit\u00ed dvou americk\u00fdch voj\u00e1k\u016f v syrsk\u00e9 Palm\u00fd\u0159e 13. prosince se mo\u017en\u00e1 poda\u0159ilo uprchnout a uch\u00fdlit se do Nig\u00e9rie. B\u00edl\u00fd d\u016fm by pak na Bo\u017e\u00ed hod v\u00e1no\u010dn\u00ed spustil odvetnou operaci s odvol\u00e1n\u00edm na ochranu k\u0159es\u0165an\u016f. Dv\u011b mouchy jednou ranou\u2026 Jen\u017ee Ameri\u010dan\u00e9 se obecn\u011b hlasit\u011b a ve\u0159ejn\u011b hl\u00e1s\u00ed k odpov\u011bdnosti za tento typ akc\u00ed, pokud by Tomahawky neminuly sv\u00e9 c\u00edle\u2026 Tato interpretace v\u0161ak nar\u00e1\u017e\u00ed na dal\u0161\u00ed\u00a0<\/span><strong><span dir=\"auto\">chybu: ji\u017e v<\/span><\/strong><span dir=\"auto\">\u00a0\u0159\u00edjnu 2025, dlouho p\u0159ed \u00fatokem v Palm\u00fd\u0159e, Donald Trump vyhro\u017eoval Nig\u00e9rii \u00fadery s pou\u017eit\u00edm p\u0159esn\u011b stejn\u00e9ho argumentu. Nebo \u0161lo snad jen o uklidn\u011bn\u00ed evangelick\u00fdch voli\u010d\u016f k symbolick\u00e9mu datu? Vzhledem k cen\u011b Tomahawk\u016f by to byl drah\u00fd PR tah.<\/span><\/p>\n<p><span dir=\"auto\">Kone\u010dn\u011b je tak\u00e9 mo\u017en\u00e9 spojit tyto v\u00e1no\u010dn\u00ed bombov\u00e9 \u00fatoky s \u010d\u00ednskou posedlost\u00ed americkou diplomaci\u00ed. Nig\u00e9rie, historicky pova\u017eovan\u00e1 za spolehliv\u00e9ho spojence USA v z\u00e1padn\u00ed Africe, se osvobozuje od t\u00e9to z\u00e1vislosti. V prvn\u00edch sedmi m\u011bs\u00edc\u00edch roku 2025 dos\u00e1hl jej\u00ed obchod s \u010c\u00ednou 15,48 miliardy dolar\u016f\u00a0<\/span><strong><span dir=\"auto\">,<\/span><\/strong><span dir=\"auto\">\u00a0co\u017e p\u0159edstavuje n\u00e1r\u016fst o 34,7 % ve srovn\u00e1n\u00ed se stejn\u00fdm obdob\u00edm roku 2024. Tento dramatick\u00fd n\u00e1r\u016fst ilustruje pos\u00edlen\u00ed ekonomick\u00fdch vazeb mezi Abujou a Pekingem. V\u00e1no\u010dn\u00ed bombov\u00e9 \u00fatoky by proto mohly b\u00fdt vn\u00edm\u00e1ny jako varovn\u00fd v\u00fdst\u0159el pro tohoto dlouholet\u00e9ho partnera. To p\u0159ipom\u00edn\u00e1 \u00fatoky na venezuelsk\u00e9 ryb\u00e1\u0159sk\u00e9 lod\u011b, kter\u00e9 ministr zahrani\u010d\u00ed Marco Rubio ozna\u010dil za obchodn\u00edky s drogami. Mezi Caracasem a Abujou existuj\u00ed podobnosti. Ob\u011b jsou hlavn\u00edmi zem\u011bmi produkuj\u00edc\u00edmi ropu, kter\u00e9 se z r\u016fzn\u00fdch d\u016fvod\u016f odkl\u00e1n\u011bj\u00ed od dolaru. Pro Venezuelu je tato dedolarizace do zna\u010dn\u00e9 m\u00edry poh\u00e1n\u011bna americk\u00fdmi sankcemi, kter\u00e9 ji donutily pou\u017e\u00edvat juan nebo paraleln\u00ed trhy k udr\u017een\u00ed sv\u00e9ho exportu. Pro Nig\u00e9rii to vypl\u00fdv\u00e1 sp\u00ed\u0161e z pragmatick\u00e9ho p\u0159\u00edstupu. Ji\u017e v roce 2018 uzav\u0159ely Peking a Abuja dohodu o m\u011bnov\u00e9m swapu, jej\u00edm\u017e c\u00edlem bylo diverzifikovat z\u00fa\u010dtovac\u00ed m\u011bn, sn\u00ed\u017eit tlak na dolarov\u00e9 rezervy a prohloubit finan\u010dn\u00ed spolupr\u00e1ci s \u010c\u00ednou. Dohoda byla obnovena v prosinci 2024. V obou p\u0159\u00edpadech se Peking jev\u00ed jako kl\u00ed\u010dov\u00fd partner. Nig\u00e9rie, Venezuela: stejn\u00e9 probl\u00e9my?<\/span><\/p>\n<p><span dir=\"auto\">A\u0165 u\u017e jde o tlak na spojence, odvetu nebo ekonomick\u00fd vliv, tyto v\u00e1no\u010dn\u00ed bombov\u00e9 \u00fatoky ilustruj\u00ed stav sv\u011bta. Vojensk\u00e1 operace terorizuj\u00edc\u00ed obyvatelstvo, kter\u00e1 by mohla m\u00edt z\u00e1va\u017en\u00e9 d\u016fsledky v ji\u017e tak k\u0159ehk\u00e9m regionu, prob\u00edh\u00e1 v naprost\u00e9 tajnosti. To ponech\u00e1v\u00e1 dve\u0159e doko\u0159\u00e1n konspira\u010dn\u00edm teori\u00edm, kter\u00e9, jak je t\u0159eba p\u0159iznat, n\u011bkdy nejsou tak daleko od reality. Kdy\u017e sta\u010d\u00ed jedin\u00fd tweet k vyvol\u00e1n\u00ed tsunami a n\u011bkolika diplomatick\u00fdch bolest\u00ed hlavy, st\u00e1v\u00e1 se de\u0161ifrov\u00e1n\u00ed, anal\u00fdza a pochopen\u00ed skli\u010duj\u00edc\u00edm \u00fakolem.<\/span><\/p>\n<p><em><span dir=\"auto\">od\u00a0<\/span><strong><span dir=\"auto\">Leslie Varenne<\/span><\/strong><\/em><\/p>\n<p><span dir=\"auto\">Zdroj:\u00a0<\/span><a title=\"\" href=\"https:\/\/iveris.eu\/nigeria-des-frappes-americaines-aux-motivations-troubles\/\" target=\"_blank\" rel=\"noopener\"><span dir=\"auto\">IVERIS<\/span><\/a><\/p>\n<p>&nbsp;<\/p>\n","protected":false},"excerpt":{"rendered":"<p>Na Bo\u017e\u00ed hod v\u00e1no\u010dn\u00ed provedly Spojen\u00e9 st\u00e1ty leteck\u00e9 \u00fadery v regionu Sokoto v severoz\u00e1padn\u00ed Nig\u00e9rii&#8230;.<\/p>\n","protected":false},"author":2,"featured_media":95950,"comment_status":"closed","ping_status":"closed","sticky":false,"template":"","format":"standard","meta":[],"categories":[7],"tags":[1042,3203,964,452,37],"_links":{"self":[{"href":"https:\/\/www.infokuryr.cz\/n\/wp-json\/wp\/v2\/posts\/95949"}],"collection":[{"href":"https:\/\/www.infokuryr.cz\/n\/wp-json\/wp\/v2\/posts"}],"about":[{"href":"https:\/\/www.infokuryr.cz\/n\/wp-json\/wp\/v2\/types\/post"}],"author":[{"embeddable":true,"href":"https:\/\/www.infokuryr.cz\/n\/wp-json\/wp\/v2\/users\/2"}],"replies":[{"embeddable":true,"href":"https:\/\/www.infokuryr.cz\/n\/wp-json\/wp\/v2\/comments?post=95949"}],"version-history":[{"count":0,"href":"https:\/\/www.infokuryr.cz\/n\/wp-json\/wp\/v2\/posts\/95949\/revisions"}],"wp:featuredmedia":[{"embeddable":true,"href":"https:\/\/www.infokuryr.cz\/n\/wp-json\/wp\/v2\/media\/95950"}],"wp:attachment":[{"href":"https:\/\/www.infokuryr.cz\/n\/wp-json\/wp\/v2\/media?parent=95949"}],"wp:term":[{"taxonomy":"category","embeddable":true,"href":"https:\/\/www.infokuryr.cz\/n\/wp-json\/wp\/v2\/categories?post=95949"},{"taxonomy":"post_tag","embeddable":true,"href":"https:\/\/www.infokuryr.cz\/n\/wp-json\/wp\/v2\/tags?post=95949"}],"curies":[{"name":"wp","href":"https:\/\/api.w.org\/{rel}","templated":true}]}}