{"id":95930,"date":"2026-01-03T00:12:43","date_gmt":"2026-01-02T23:12:43","guid":{"rendered":"https:\/\/www.infokuryr.cz\/n\/?p=95930"},"modified":"2026-01-02T09:55:07","modified_gmt":"2026-01-02T08:55:07","slug":"zapadni-myty-vyvraceny-pad-asada-neprinesl-zadnou-svobodu","status":"publish","type":"post","link":"https:\/\/www.infokuryr.cz\/n\/2026\/01\/03\/zapadni-myty-vyvraceny-pad-asada-neprinesl-zadnou-svobodu\/","title":{"rendered":"Z\u00e1padn\u00ed m\u00fdty vyvr\u00e1ceny: P\u00e1d Asada nep\u0159inesl \u017e\u00e1dnou svobodu"},"content":{"rendered":"<div id=\"fb-root\"><\/div>\n<p><strong><span dir=\"auto\">Kdy\u017e se v prosinci 2024 zhroutil Asad\u016fv re\u017eim, S\u00fdrie se okam\u017eit\u011b propadla do pekla n\u00e1sil\u00ed a anarchie<\/span><\/strong><span dir=\"auto\">\u00a0.\u00a0<\/span><strong><span dir=\"auto\">Z\u00e1rove\u0148 byl sv\u011bt sv\u011bdkem t\u00e9m\u011b\u0159 neuv\u011b\u0159iteln\u00e9ho vzestupu islamistick\u00e9ho teroristick\u00e9ho v\u016fdce na prozat\u00edmn\u00edho prezidenta \u2013 mu\u017ee, kter\u00fd byl a\u017e doned\u00e1vna na americk\u00e9m seznamu terorist\u016f sledovan\u00fdch pozemn\u00edmi organizacemi. To v\u0161e se odehr\u00e1valo v zemi, kter\u00e1 za vl\u00e1dy Ba\u0161\u00e1ra Asada v \u017e\u00e1dn\u00e9m p\u0159\u00edpad\u011b nebyla tou temnou \u0159\u00ed\u0161\u00ed teroru, jak ji Z\u00e1pad po l\u00e9ta vykresloval. P\u0159ed v\u00e1lkou byla S\u00fdrie v mnoha ohledech vzorov\u00fdm st\u00e1tem.\u00a0<\/span><\/strong><strong><span dir=\"auto\">Tento \u010dl\u00e1nek odhaluje, co se skute\u010dn\u011b stalo \u2013 a kter\u00e1 nep\u0159\u00edjemn\u00e1 fakta jsou nad\u00e1le systematicky potla\u010dov\u00e1na nebo zatajov\u00e1na.<\/span><\/strong><\/p>\n<h3 class=\"has-vivid-red-color has-text-color has-link-color wp-elements-b2fdd3506a50a8bba12951dd34952ae6\"><a href=\"https:\/\/www.infokuryr.cz\/n\/2026\/01\/02\/syrie-jak-byl-asad-svrzen-a-dzihadista-se-chopil-moci\/\"><span style=\"color: #800080;\"><strong><span dir=\"auto\">Zde si m\u016f\u017eete p\u0159e\u010d\u00edst 1. \u010d\u00e1st t\u00e9to dvoud\u00edln\u00e9 s\u00e9rie \u010dl\u00e1nk\u016f.<\/span><\/strong><\/span><\/a><\/h3>\n<h3 id=\"h-vom-mittelstaat-zum-wachstumsland-syriens-okonomischer-aufstieg\" class=\"wp-block-heading\"><span dir=\"auto\">Od st\u0159edn\u011b velk\u00e9ho st\u00e1tu k rostouc\u00ed zemi \u2013 ekonomick\u00fd vzestup S\u00fdrie<\/span><\/h3>\n<p><span dir=\"auto\">Z ekonomick\u00e9ho hlediska byla S\u00fdrie bezprost\u0159edn\u011b p\u0159ed ob\u010danskou v\u00e1lkou na historick\u00e9m vrcholu.\u00a0<\/span><\/p>\n<p><span dir=\"auto\">Mezi lety 2000 a 2010 se hrub\u00fd dom\u00e1c\u00ed produkt zem\u011b ztrojn\u00e1sobil (z p\u0159ibli\u017en\u011b 21 miliard USD na zhruba 60 miliard USD) \u2013 a to d\u00edky rostouc\u00ed pr\u016fmyslov\u00e9 v\u00fdrob\u011b, modernizaci zem\u011bd\u011blstv\u00ed, rostouc\u00edmu v\u00fdvozu ropy a roz\u0161i\u0159uj\u00edc\u00edmu se sektoru slu\u017eeb.<\/span><\/p>\n<p><span dir=\"auto\">V t\u00e9 dob\u011b byla S\u00fdrie pova\u017eov\u00e1na za stabiln\u00ed, rostouc\u00ed st\u0159edn\u011b velk\u00fd st\u00e1t s \u00farovn\u00ed rozvoje, kter\u00e1 dalece p\u0159ekra\u010dovala z\u00e1padn\u00ed kli\u0161\u00e9 o \u201ezhroucen\u00e9m arabsk\u00e9m st\u00e1t\u011b\u201c.<\/span><\/p>\n<h3 id=\"h-ol-als-stutze-des-wohlfahrtsstaates-syrien\" class=\"wp-block-heading\"><span dir=\"auto\">Ropa jako pil\u00ed\u0159 syrsk\u00e9ho soci\u00e1ln\u00edho st\u00e1tu<\/span><\/h3>\n<p><span dir=\"auto\">S\u00fdrsk\u00e1 produkce ropy byla kr\u00e1tce p\u0159ed zahrani\u010dn\u00edmi intervencemi tak\u00e9 na stabiln\u00ed \u00farovni.\u00a0<\/span><\/p>\n<p><span dir=\"auto\">V roce 2010 zem\u011b produkovala p\u0159ibli\u017en\u011b 383 000 barel\u016f ropy denn\u011b. I kdy\u017e toto \u010d\u00edslo ned\u011blalo ze S\u00fdrie v\u00fdznamn\u00e9ho hr\u00e1\u010de v OPEC, bylo kl\u00ed\u010dov\u00fdm pil\u00ed\u0159em st\u00e1tn\u00edch financ\u00ed.\u00a0<\/span><\/p>\n<p><span dir=\"auto\">P\u0159\u00edjmy z ropy financovaly dotovan\u00e9 z\u00e1kladn\u00ed potraviny, ve\u0159ejnou infrastrukturu, bezplatn\u00fd syst\u00e9m zdravotnictv\u00ed a vzd\u011bl\u00e1v\u00e1n\u00ed a roz\u0161i\u0159ov\u00e1n\u00ed st\u00e1tn\u00edch instituc\u00ed.<\/span><\/p>\n<h3 id=\"h-der-stabile-staat-und-die-luge-vom-kollabierenden-syrien\" class=\"wp-block-heading\"><span dir=\"auto\">Stabiln\u00ed st\u00e1t a le\u017e o \u201ehrout\u00edc\u00ed se\u201c S\u00fdrii<\/span><\/h3>\n<p><span dir=\"auto\">Z fisk\u00e1ln\u00edho hlediska byla S\u00fdrie tak\u00e9 stabiln\u011bj\u0161\u00ed ne\u017e za cel\u00e1 desetilet\u00ed, t\u011bsn\u011b p\u0159ed vypuknut\u00edm ob\u010dansk\u00e9 v\u00e1lky. Pom\u011br ve\u0159ejn\u00e9ho dluhu k HDP klesl z p\u0159ibli\u017en\u011b 152 % v roce 2000 na zhruba 30 % v roce 2010.\u00a0<\/span><\/p>\n<p><span dir=\"auto\">Dramatick\u00fd pokles, kter\u00fd zemi p\u0159ibl\u00ed\u017eil k pozici mezi nejstabiln\u011bj\u0161\u00edmi st\u00e1ty v regionu.<\/span><\/p>\n<p><span dir=\"auto\">Tento v\u00fdvoj byl v\u00fdsledkem rostouc\u00edch vl\u00e1dn\u00edch p\u0159\u00edjm\u016f (zejm\u00e9na z ropy, plynu a exportu), rostouc\u00edho HDP a aktivn\u00edho sni\u017eov\u00e1n\u00ed dluhu, kter\u00e9 se za vl\u00e1dy Ba\u0161\u00e1ra Asada od roku 2005 zintenzivnilo.\u00a0<\/span><\/p>\n<p><span dir=\"auto\">Na rozd\u00edl od z\u00e1padn\u00edho narativu se tak S\u00fdrie nach\u00e1zela ve f\u00e1zi ekonomick\u00e9 konsolidace, kter\u00e1 byla n\u00e1hle zni\u010dena intervencemi od roku 2011.<\/span><\/p>\n<p><span dir=\"auto\">Zde:<\/span><\/p>\n<figure class=\"wp-block-image size-full\"><img decoding=\"async\" loading=\"lazy\" class=\"wp-image-160576 aligncenter\" src=\"https:\/\/report24.news\/wp-content\/uploads\/2025\/12\/Bildschirmfoto-2025-12-31-um-14.19.01.png\" sizes=\"(max-width: 1386px) 100vw, 1386px\" srcset=\"https:\/\/report24.news\/wp-content\/uploads\/2025\/12\/Bildschirmfoto-2025-12-31-um-14.19.01.png 1386w, https:\/\/report24.news\/wp-content\/uploads\/2025\/12\/Bildschirmfoto-2025-12-31-um-14.19.01-768x424.png 768w, https:\/\/report24.news\/wp-content\/uploads\/2025\/12\/Bildschirmfoto-2025-12-31-um-14.19.01-600x332.png 600w\" alt=\"\" width=\"858\" height=\"474\" \/><figcaption class=\"wp-element-caption\"><em><span dir=\"auto\">Zdroj sn\u00edmku obrazovky\/citace obr\u00e1zku:\u00a0<\/span><a href=\"https:\/\/tradingeconomics.com\/syria\/government-debt-to-gdp\" target=\"_blank\" rel=\"noreferrer noopener\"><span dir=\"auto\">https:\/\/tradingeconomics.com\/syria\/government-debt-to-gdp<\/span><\/a><\/em><\/figcaption><\/figure>\n<h3 id=\"h-reformen-wachstum-stabilitat-syriens-unerzahlte-entwicklung\" class=\"wp-block-heading\"><span dir=\"auto\">Reformy, r\u016fst, stabilita \u2013 nev\u00fdslovn\u00fd rozvoj S\u00fdrie<\/span><\/h3>\n<p><span dir=\"auto\">Za vl\u00e1dy Ba\u0161\u00e1ra Asada pro\u0161la S\u00fdrie v prvn\u00edm desetilet\u00ed 21. stolet\u00ed hlubok\u00fdmi neoliber\u00e1ln\u00edmi ekonomick\u00fdmi reformami. Mezi n\u011b pat\u0159ilo otev\u00edr\u00e1n\u00ed trh\u016f, selektivn\u00ed privatizace, liberalizace bankovn\u00edho a finan\u010dn\u00edho sektoru, z\u0159\u00edzen\u00ed zvl\u00e1\u0161tn\u00edch ekonomick\u00fdch z\u00f3n, ud\u011blov\u00e1n\u00ed licenc\u00ed soukrom\u00fdm univerzit\u00e1m a nemocnic\u00edm a expanze odv\u011btv\u00ed cestovn\u00edho ruchu a slu\u017eeb.<\/span><\/p>\n<p><span dir=\"auto\">Navzdory ve\u0161ker\u00e9mu soci\u00e1ln\u00edmu nap\u011bt\u00ed vedly tyto kroky k neust\u00e1l\u00e9mu r\u016fstu HDP v pr\u016fm\u011bru o 4\u20135 procent ro\u010dn\u011b a\u017e do roku 2010. S\u00fdrie se tak posouvala sm\u011brem k pololiber\u00e1ln\u00ed sm\u00ed\u0161en\u00e9 ekonomice, o kterou v tomto obdob\u00ed usilovalo mnoho arabsk\u00fdch st\u00e1t\u016f.<\/span><\/p>\n<h3 id=\"h-mediale-doppelgesichtigkeit-die-assads-zwischen-glamour-und-damonisierung\" class=\"wp-block-heading\"><span dir=\"auto\">Medi\u00e1ln\u00ed duplik\u00e1to\u0159i: Assadovi mezi leskem a d\u00e9monizac\u00ed<\/span><\/h3>\n<p><span dir=\"auto\">Dokonce i p\u0159edn\u00ed z\u00e1padn\u00ed m\u00e9dia vykreslila prezidentsk\u00fd p\u00e1r p\u0159ed v\u00e1lkou zcela jin\u00fd obraz, ne\u017e jak\u00fd se \u0161\u00ed\u0159il od roku 2011.\u00a0<\/span><\/p>\n<p><span dir=\"auto\">Je\u0161t\u011b na ja\u0159e roku 2011 zve\u0159ejnil americk\u00fd m\u00f3dn\u00ed \u010dasopis\u00a0<\/span><em><span dir=\"auto\">Vogue<\/span><\/em><span dir=\"auto\"> \u0161iroce diskutovan\u00fd profil syrsk\u00e9 prvn\u00ed d\u00e1my Asmy al-Asad. S n\u00e1zvem \u201eR\u016f\u017ee v pou\u0161ti\u201c ji vykreslil jako \u201eokouzluj\u00edc\u00ed, elegantn\u00ed, modern\u00ed a mimo\u0159\u00e1dn\u011b kultivovanou\u201c.<\/span><\/p>\n<p><span dir=\"auto\">Text popsal Asmu al-Asadovou jako stylovou, miluj\u00edc\u00ed um\u011bn\u00ed, charitativn\u00ed a spole\u010densky anga\u017eovanou \u017eenu \u2013 a prezidentsk\u00fd p\u00e1r p\u0159edstavil jako \u201enejelegantn\u011bj\u0161\u00ed na Bl\u00edzk\u00e9m v\u00fdchod\u011b\u201c.\u00a0<\/span><\/p>\n<p><span dir=\"auto\">S\u00e1m Ba\u0161\u00e1r Asad nebyl popisov\u00e1n jako autorit\u00e1\u0159sk\u00fd dikt\u00e1tor, ale jako zdvo\u0159il\u00fd, technokratick\u00fd, t\u00e9m\u011b\u0159 z\u00e1padn\u011b vypadaj\u00edc\u00ed politik.<\/span><\/p>\n<p><span dir=\"auto\">Kr\u00e1tce pot\u00e9 \u010dl\u00e1nek \u2013 pod politick\u00fdm tlakem \u2013 t\u00e9m\u011b\u0159 \u00fapln\u011b zmizel z ve\u0159ejn\u00e9ho dohledu a\u00a0<\/span><em><span dir=\"auto\">\u010dasopis Vogue<\/span><\/em><span dir=\"auto\">\u00a0jej st\u00e1hl . Dnes existuje v\u011bt\u0161inou pouze v archivech a kritick\u00fdch medi\u00e1ln\u00edch anal\u00fdz\u00e1ch v\u00e1le\u010dn\u00e9 propagandy. N\u00e1sledovala d\u00e9monizace a hanoben\u00ed Asmy a Ba\u0161\u00e1ra. Toto pokra\u010duje dodnes.<\/span><\/p>\n<p><span dir=\"auto\">Zde:\u00a0<\/span><\/p>\n<figure class=\"wp-block-image size-full\"><img decoding=\"async\" loading=\"lazy\" class=\"wp-image-160577 aligncenter\" src=\"https:\/\/report24.news\/wp-content\/uploads\/2025\/12\/Bildschirmfoto-2025-12-31-um-14.20.05.png\" sizes=\"(max-width: 1382px) 100vw, 1382px\" srcset=\"https:\/\/report24.news\/wp-content\/uploads\/2025\/12\/Bildschirmfoto-2025-12-31-um-14.20.05.png 1382w, https:\/\/report24.news\/wp-content\/uploads\/2025\/12\/Bildschirmfoto-2025-12-31-um-14.20.05-768x696.png 768w, https:\/\/report24.news\/wp-content\/uploads\/2025\/12\/Bildschirmfoto-2025-12-31-um-14.20.05-600x544.png 600w\" alt=\"\" width=\"726\" height=\"657\" \/><figcaption class=\"wp-element-caption\"><em><span dir=\"auto\">Zdroj sn\u00edmku obrazovky\/citace obr\u00e1zku:\u00a0<\/span><a href=\"https:\/\/web.archive.org\/web\/20110225204927\/https:\/\/www.vogue.com\/vogue-daily\/article\/asma-al-assad-a-rose-in-the-desert\/\"><span dir=\"auto\">https:\/\/web.archive.org\/web\/20110225204927\/https:\/\/www.vogue.com\/vogue-daily\/article\/asma-al-assad-a-rose-in-the-desert\/<\/span><\/a><\/em><\/figcaption><\/figure>\n<h3 id=\"h-religiose-vielfalt-und-toleranz-als-staatsprinzip\" class=\"wp-block-heading\"><span dir=\"auto\">N\u00e1bo\u017eensk\u00e1 rozmanitost a tolerance jako princip st\u00e1tu<\/span><\/h3>\n<p><span dir=\"auto\">P\u0159ed v\u00e1lkou byl syrsk\u00fd prezidentsk\u00fd p\u00e1r pova\u017eov\u00e1n za symbol n\u00e1bo\u017eensk\u00e9 tolerance a spole\u010densk\u00e9 modernity. Ba\u0161\u00e1r Asad, alavitsk\u00fd p\u0159\u00edslu\u0161n\u00edk, a jeho \u017eena Asma, sunnitsk\u00e1 p\u0159\u00edslu\u0161nice z vzd\u011blan\u00e9, z\u00e1padn\u011b orientovan\u00e9 lond\u00fdnsk\u00e9 rodiny, otev\u0159en\u011b odm\u00edtali jak\u00fdkoli n\u00e1znak n\u00e1bo\u017eensk\u00e9ho sekt\u00e1\u0159stv\u00ed.\u00a0<\/span><\/p>\n<p><span dir=\"auto\">V roce 2000 bylo jejich man\u017eelstv\u00ed ve velk\u00e9 \u010d\u00e1sti arabsk\u00e9ho sv\u011bta \u2013 a tak\u00e9 v z\u00e1padn\u00edm tisku \u2013 vykreslov\u00e1no jako viditeln\u00fd znak pluralitn\u00ed a inkluzivn\u00ed S\u00fdrie. Skute\u010dnost, \u017ee se alavitsk\u00fd prezident o\u017eenil se sunnitskou prvn\u00ed d\u00e1mou a \u017ee se ve\u0159ejn\u011b prezentovala jako modern\u00ed, sekul\u00e1rn\u00ed \u017eena, se mnoha pozorovatel\u016fm jevila jako protip\u00f3l k rostouc\u00edm islamistick\u00fdm hnut\u00edm v regionu.\u00a0<\/span><\/p>\n<p><span dir=\"auto\">P\u0159ed v\u00e1lkou byla S\u00fdrie proto opakovan\u011b popisov\u00e1na jako \u201emodel m\u00edrov\u00e9ho sou\u017eit\u00ed\u201c. Toto hodnocen\u00ed lze nal\u00e9zt i v akademick\u00e9 literatu\u0159e. Studie Univerzity v Heidelbergu o n\u00e1bo\u017eensk\u00e9m pluralismu na Bl\u00edzk\u00e9m v\u00fdchod\u011b charakterizovala S\u00fdrii p\u0159ed rokem 2011 jako: \u201esyrsk\u00fd model m\u00edrov\u00e9ho sou\u017eit\u00ed: muslimov\u00e9, k\u0159es\u0165an\u00e9 a \u017eid\u00e9\u201c a popsala zemi jako jedno z nejstabiln\u011bj\u0161\u00edch multin\u00e1bo\u017eensk\u00fdch spole\u010denstv\u00ed v regionu.<\/span><\/p>\n<p><span dir=\"auto\">Zde:\u00a0<\/span><\/p>\n<figure class=\"wp-block-image size-full\"><img decoding=\"async\" loading=\"lazy\" class=\"wp-image-160578 aligncenter\" src=\"https:\/\/report24.news\/wp-content\/uploads\/2025\/12\/Bildschirmfoto-2025-12-31-um-14.22.14.png\" sizes=\"(max-width: 1358px) 100vw, 1358px\" srcset=\"https:\/\/report24.news\/wp-content\/uploads\/2025\/12\/Bildschirmfoto-2025-12-31-um-14.22.14.png 1358w, https:\/\/report24.news\/wp-content\/uploads\/2025\/12\/Bildschirmfoto-2025-12-31-um-14.22.14-768x254.png 768w, https:\/\/report24.news\/wp-content\/uploads\/2025\/12\/Bildschirmfoto-2025-12-31-um-14.22.14-600x199.png 600w\" alt=\"\" width=\"668\" height=\"221\" \/><figcaption class=\"wp-element-caption\"><em><span dir=\"auto\">Zdroj sn\u00edmku obrazovky\/citace obr\u00e1zku:\u00a0<\/span><a href=\"https:\/\/www.uni-heidelberg.de\/presse\/news09\/pm290710-2syr.html\" target=\"_blank\" rel=\"noreferrer noopener\"><span dir=\"auto\">https:\/\/www.uni-heidelberg.de\/presse\/news09\/pm290710-2syr.html<\/span><\/a><\/em><\/figcaption><\/figure>\n<p><span dir=\"auto\">Dokonce i velk\u00e9 n\u011bmeck\u00e9 m\u00e9dia kdysi chv\u00e1lily syrskou tradici n\u00e1bo\u017eensk\u00e9 tolerance.\u00a0<\/span><\/p>\n<p><span dir=\"auto\">T\u00fdden\u00edk \u201eDie Zeit\u201c tak 27. \u00fanora 2017 v podrobn\u00e9m \u010dl\u00e1nku s n\u00e1zvem \u201eLid u\u010d\u00ed toleranci\u201c napsal, \u017ee S\u00fdrie \u2013 navzdory v\u00e1lce, ni\u010den\u00ed a propagand\u011b \u2013 m\u00e1 staletou kulturu m\u00edrov\u00e9ho sou\u017eit\u00ed mezi sunnity, alavity, k\u0159es\u0165any, dr\u00fazy a dal\u0161\u00edmi men\u0161inami.\u00a0<\/span><\/p>\n<p><span dir=\"auto\">Text p\u0159ipomn\u011bl, \u017ee syrsk\u00fd soci\u00e1ln\u00ed model byl dlouho pova\u017eov\u00e1n za jeden z nejstabiln\u011bj\u0161\u00edch a nejpluralisti\u010dt\u011bj\u0161\u00edch na Bl\u00edzk\u00e9m v\u00fdchod\u011b. Zd\u016fraznil tak\u00e9, \u017ee syrsk\u00e9 obyvatelstvo \u2013 bez ohledu na n\u00e1bo\u017eenskou p\u0159\u00edslu\u0161nost \u010di etnickou p\u0159\u00edslu\u0161nost \u2013 si v pr\u016fb\u011bhu generac\u00ed vyvinulo mechanismy sou\u017eit\u00ed, d\u00edky nim\u017e se zem\u011b p\u0159ed rokem 2011 stala jedn\u00edm z nejtolerantn\u011bj\u0161\u00edch prostor v regionu.<\/span><\/p>\n<p><span dir=\"auto\">Zde:<\/span><\/p>\n<figure class=\"wp-block-image size-full\"><img decoding=\"async\" loading=\"lazy\" class=\"wp-image-160579 aligncenter\" src=\"https:\/\/report24.news\/wp-content\/uploads\/2025\/12\/Bildschirmfoto-2025-12-31-um-14.23.34.png\" sizes=\"(max-width: 1390px) 100vw, 1390px\" srcset=\"https:\/\/report24.news\/wp-content\/uploads\/2025\/12\/Bildschirmfoto-2025-12-31-um-14.23.34.png 1390w, https:\/\/report24.news\/wp-content\/uploads\/2025\/12\/Bildschirmfoto-2025-12-31-um-14.23.34-768x271.png 768w, https:\/\/report24.news\/wp-content\/uploads\/2025\/12\/Bildschirmfoto-2025-12-31-um-14.23.34-600x212.png 600w\" alt=\"\" width=\"857\" height=\"302\" \/><figcaption class=\"wp-element-caption\"><em><span dir=\"auto\">Zdroj sn\u00edmku obrazovky\/citace obr\u00e1zku:\u00a0<\/span><a href=\"https:\/\/www.zeit.de\/2007\/09\/Syrien\/komplettansicht\" target=\"_blank\" rel=\"noreferrer noopener\"><span dir=\"auto\">https:\/\/www.zeit.de\/2007\/09\/Syrien\/komplettansicht<\/span><\/a><\/em><\/figcaption><\/figure>\n<h3 id=\"h-fazit-die-verdrangte-wahrheit-uber-syriens-fall\" class=\"wp-block-heading\"><span dir=\"auto\">Z\u00e1v\u011br: Zaml\u010dovan\u00e1 pravda o p\u00e1du S\u00fdrie<\/span><\/h3>\n<p><span dir=\"auto\">P\u00e1d S\u00fdrie v prosinci 2024 nejen\u017ee znamen\u00e1 svr\u017een\u00ed prezidenta \u2013 je tak\u00e9 symbolem d\u016fsledk\u016f glob\u00e1ln\u00ed politiky, kter\u00e1 up\u0159ednost\u0148uje narativy p\u0159ed realitou.\u00a0<\/span><\/p>\n<p><span dir=\"auto\">Zat\u00edmco z\u00e1padn\u00ed m\u00e9dia l\u00e9ta vykreslovala zjednodu\u0161en\u00fd \u010dernob\u00edl\u00fd obraz, kr\u00e1tce po Asadov\u011b \u00fat\u011bku se uk\u00e1zalo, jak k\u0159ehk\u00fd tento narativ byl: D\u017eih\u00e1dist\u00e9, kte\u0159\u00ed byli d\u0159\u00edve vykreslov\u00e1ni jako \u201eum\u00edrn\u011bn\u00ed rebelov\u00e9\u201c, prom\u011bnili cel\u00e9 regiony v bezpr\u00e1vn\u00ed z\u00f3ny, prov\u00e1d\u011bli popravy na otev\u0159en\u00fdch ulic\u00edch a chopili se moci s brutalitou, kter\u00e1 \u0161okovala i dlouholet\u00e9 pozorovatele konfliktu.<\/span><\/p>\n<p><span dir=\"auto\">Z\u00e1rove\u0148 se p\u0159ehl\u00ed\u017eelo, \u017ee p\u0159ed rokem 2011 byla S\u00fdrie v mnoha ohledech stabiln\u00edm a funguj\u00edc\u00edm st\u00e1tem \u2013 s bezplatnou zdravotn\u00ed p\u00e9\u010d\u00ed, rostouc\u00ed prosperitou, n\u00e1bo\u017eensk\u00fdm sou\u017eit\u00edm a prezidentem, kter\u00fd se v arabsk\u00e9m sv\u011bt\u011b t\u011b\u0161il ne\u010dekan\u011b vysok\u00e9 oblib\u011b. Ne r\u016f\u017eov\u00e1 utopie, ale zem\u011b, kter\u00e1 dob\u0159e fungovala pro miliony lid\u00ed.<\/span><\/p>\n<p><span dir=\"auto\">Tato realita v\u0161ak byla pod\u0159\u00edzena geopolitick\u00fdm z\u00e1jm\u016fm. Asadovy chyby, jeho politick\u00e9 ot\u0159esy a jeho autorit\u00e1\u0159sk\u00e9 struktury jsou nepopirateln\u00e9, ale nevysv\u011btluj\u00ed zkreslen\u00fd obraz, kter\u00fd Z\u00e1pad z\u00e1m\u011brn\u011b p\u011bstoval po roce 2011. Nevysv\u011btluj\u00ed, pro\u010d byl reformn\u011b orientovan\u00fd v\u016fdce d\u00e9monizov\u00e1n a teroristick\u00fd v\u016fdce pozd\u011bji dvo\u0159en. A nevysv\u011btluj\u00ed, pro\u010d bylo tolik varovn\u00fdch hlas\u016f \u2013 dokonce i z \u0159ad CIA \u2013 ignorov\u00e1no.<\/span><\/p>\n<p><span dir=\"auto\">Svr\u017een\u00ed Asada nep\u0159ineslo S\u00fdrii vytou\u017eenou svobodu, ale sp\u00ed\u0161e mocensk\u00e9 vakuum, do kter\u00e9ho se hrnuly nejradik\u00e1ln\u011bj\u0161\u00ed s\u00edly. Z\u016fstala zdevastovan\u00e1 zem\u011b, jej\u00ed\u017e trag\u00e9die m\u00e1 m\u00e9n\u011b spole\u010dn\u00e9ho s m\u00fdty z\u00e1padn\u00edch m\u00e9di\u00ed ne\u017e s politick\u00fdmi rozhodnut\u00edmi u\u010din\u011bn\u00fdmi daleko od syrsk\u00e9ho lidu.<\/span><\/p>\n<p><span dir=\"auto\">Historie S\u00fdrie n\u00e1s u\u010d\u00ed, \u017ee kdokoli destabilizuje zemi, ztr\u00e1c\u00ed mor\u00e1ln\u00ed kontrolu nad t\u00edm, co n\u00e1sleduje. A kdokoli nahrad\u00ed pravdu narativy, sd\u00edl\u00ed odpov\u011bdnost za n\u00e1sledky.<\/span><\/p>\n<p><span dir=\"auto\">Tento z\u00e1v\u011br je nep\u0159\u00edjemn\u00fd \u2013 ale bez jeho vyj\u00e1d\u0159en\u00ed nelze pochopit ani minulost, ani l\u00e9pe utv\u00e1\u0159et budoucnost.<\/span><\/p>\n<p><em><a href=\"https:\/\/report24.news\/syrien-wie-assad-gestuerzt-wurde-und-ein-dschihadist-die-macht-an-sich-riss-teil-2\/\"><strong><span dir=\"auto\">Guido Grandt<\/span><\/strong><\/a><span dir=\"auto\"> \u00a0(* 1963) je investigativn\u00ed novin\u00e1\u0159, publicista, televizn\u00ed redaktor a nez\u00e1visl\u00fd producent. Jeho pr\u00e1ce se zam\u011b\u0159uje na v\u00fdzkum organizovan\u00e9ho zlo\u010dinu, tajn\u00fdch spole\u010dnost\u00ed a citliv\u00fdch t\u00e9mat v politice, ekonomice, financ\u00edch, arm\u00e1d\u011b a bezpe\u010dnosti. V\u011bnuje se tak\u00e9 odhalov\u00e1n\u00ed skryt\u00fdch nebo tabuizovan\u00fdch aspekt\u016f soudob\u00fdch historick\u00fdch ud\u00e1lost\u00ed. Guido Grandt vydal p\u0159es 40 knih literatury faktu a napsal p\u0159ibli\u017en\u011b 6 000 \u010dl\u00e1nk\u016f.\u00a0<\/span><\/em><\/p>\n<h4><strong><span dir=\"auto\">Zdroje:\u00a0<\/span><\/strong><\/h4>\n<ul>\n<li><a href=\"https:\/\/www.srf.ch\/news\/international\/ein-jahr-nach-assad-sturz-etwas-hoffnung-und-viele-herausforderungen-das-neue-syrien\"><span dir=\"auto\">https:\/\/www.srf.ch\/news\/international\/ein-jahr-nach-assad-sturz-etwas-hoffnung-und-viele-herausforderungen-das-neue-syrien<\/span><\/a><\/li>\n<li><a href=\"https:\/\/www.pbs.org\/wgbh\/frontline\/interview\/abu-mohammad-al-jolani\"><span dir=\"auto\">https:\/\/www.pbs.org\/wgbh\/frontline\/interview\/abu-mohammad-al-jolani<\/span><\/a><\/li>\n<li><a href=\"https:\/\/web.archive.org\/web\/20230201221729\/https:\/\/rewardsforjustice.net\/de\/rewards\/muhammad-al-jawlani\/\"><span dir=\"auto\">https:\/\/web.archive.org\/web\/20230201221729\/https:\/\/rewardsforjustice.net\/de\/rewards\/muhammad-al-jawlani\/<\/span><\/a><\/li>\n<li><a href=\"https:\/\/npasyria.com\/en\/119608\"><span dir=\"auto\">https:\/\/npasyria.com\/en\/119608<\/span><\/a><\/li>\n<li><span dir=\"auto\">Zogby International, pr\u016fzkum ve\u0159ejn\u00e9ho m\u00edn\u011bn\u00ed arabsk\u00fdch st\u00e1t\u016f z roku 2008, Arabsko-americk\u00fd institut<\/span><\/li>\n<li><span dir=\"auto\">Izraelsk\u00e9 obrann\u00e9 s\u00edly \/ mezin\u00e1rodn\u00ed agentury informuj\u00ed o smrti Hassana Nasrall\u00e1ha, 27. z\u00e1\u0159\u00ed 2024<\/span><\/li>\n<li><span dir=\"auto\">Zogby International, Index popularity veden\u00ed \u2013 Bl\u00edzk\u00fd v\u00fdchod (2002\u20132010)<\/span><\/li>\n<li><span dir=\"auto\">Koment\u00e1\u0159 Joshuy Landise z Oklahomsk\u00e9 univerzity v S\u00fdrii \u2013 Socioekonomick\u00fd rozvoj za Asada (2000\u20132010)<\/span><\/li>\n<li><span dir=\"auto\">Odtajn\u011bn\u00e9 hodnocen\u00ed CIA, \u201eMo\u017en\u00e9 v\u00fdsledky zm\u011bny re\u017eimu v S\u00fdrii\u201c, 2006<\/span><\/li>\n<li><a href=\"https:\/\/pmc.ncbi.nlm.nih.gov\/articles\/PMC12211332\"><span dir=\"auto\">https:\/\/pmc.ncbi.nlm.nih.gov\/articles\/PMC12211332<\/span><\/a><\/li>\n<li><span dir=\"auto\">Strategie spolupr\u00e1ce WHO v r\u00e1mci zem\u011b: Syrsk\u00e1 arabsk\u00e1 republika 2010\u20132015\u00a0<\/span><\/li>\n<li><span dir=\"auto\">Zpr\u00e1va UNDP o lidsk\u00e9m rozvoji 2009\/2010\u00a0<\/span><\/li>\n<li><span dir=\"auto\">Sv\u011btov\u00e1 banka \u2013 data pro Syrskou arabskou republiku (do roku 2010)<\/span><\/li>\n<li><span dir=\"auto\">Lancet: \u201eZdrav\u00ed v S\u00fdrii p\u0159ed v\u00e1lkou\u201c (2013)\u00a0<\/span><\/li>\n<li><span dir=\"auto\">Sv\u011btov\u00e1 banka \u2013 Ukazatele sv\u011btov\u00e9ho rozvoje (WDI) pro S\u00fdrii (1999\u20132010)<\/span><\/li>\n<li><span dir=\"auto\">Mezin\u00e1rodn\u00ed m\u011bnov\u00fd fond (MMF) \u2013 Syrsk\u00e1 arabsk\u00e1 republika: Statistick\u00fd dodatek (2010\/2011)<\/span><\/li>\n<li><span dir=\"auto\">OSN ESCWA \u2013 Studie n\u00e1rodn\u00edch \u00fa\u010dt\u016f arabsk\u00e9ho regionu (2011)<\/span><\/li>\n<li><span dir=\"auto\">Studie OECD \/ arabsk\u00e9 ekonomiky: S\u00fdrie 2010 jako \u201eekonomika s vy\u0161\u0161\u00ed st\u0159edn\u00ed v\u00fdkonnost\u00ed\u201c v region\u00e1ln\u00edm srovn\u00e1n\u00ed.<\/span><\/li>\n<li><a href=\"https:\/\/www.statista.com\/statistics\/742532\/gdp-in-syria\/?srsltid=AfmBOorPxx5pxaoVEOAQSgnQ_tZlrJx2oblLNL4yiR5-qt5FUCyW-5j6\"><span dir=\"auto\">https:\/\/www.statista.com\/statistics\/742532\/gdp-in-syria\/?srsltid=AfmBOorPxx5pxaoVEOAQSgnQ_tZlrJx2oblLNL4yiR5-qt5FUCyW-5j6<\/span><\/a><\/li>\n<li><span dir=\"auto\">Americk\u00fd \u00da\u0159ad pro energetick\u00e9 informace (EIA), Anal\u00fdza zem\u011b: S\u00fdrie (2010)<\/span><\/li>\n<li><span dir=\"auto\">Statistick\u00fd p\u0159ehled sv\u011btov\u00e9 energetiky spole\u010dnosti BP (2011)\u00a0<\/span><\/li>\n<li><span dir=\"auto\">Mezin\u00e1rodn\u00ed energetick\u00e1 agentura (IEA), zpr\u00e1vy MENA (2009\/2010)<\/span><strong>\u00a0<\/strong><\/li>\n<li><a href=\"https:\/\/www.atlanticcouncil.org\/in-depth-research-reports\/issue-brief\/syrias-energy-sector-and-its-impact-on-stability-and-regional-developments\/\"><span dir=\"auto\">https:\/\/www.atlanticcouncil.org\/in-depth-research-reports\/issue-brief\/syrias-energy-sector-and-its-impact-on-stability-and-regional-developments\/<\/span><\/a><\/li>\n<li><span dir=\"auto\">Mezin\u00e1rodn\u00ed m\u011bnov\u00fd fond (MMF), Syrsk\u00e1 arabsk\u00e1 republika \u2013 Zpr\u00e1va o zemi 2010\/2011<\/span><\/li>\n<li><span dir=\"auto\">Sv\u011btov\u00e1 banka \u2013 Datab\u00e1ze financov\u00e1n\u00ed glob\u00e1ln\u00edho rozvoje a rozvoje sv\u011bta<\/span><\/li>\n<li><span dir=\"auto\">Arabsk\u00fd m\u011bnov\u00fd fond \u2013 Ekonomick\u00e9 ukazatele pro S\u00fdrii (2010)<\/span><\/li>\n<li><a href=\"https:\/\/tradingeconomics.com\/syria\/government-debt-to-gdp\"><span dir=\"auto\">https:\/\/tradingeconomics.com\/syria\/government-debt-to-gdp<\/span><\/a><\/li>\n<li><span dir=\"auto\">MMF \u2013 Zpr\u00e1va o Syrsk\u00e9 arabsk\u00e9 republice za rok 2010\/2011<\/span><\/li>\n<li><span dir=\"auto\">Sv\u011btov\u00e1 banka \u2013 WDI \/ P\u0159ehled zem\u00ed 2004\u20132010<\/span><\/li>\n<li><span dir=\"auto\">OSN ESCWA \u2013 Ekonomick\u00fd pr\u016fzkum arabsk\u00e9ho regionu 2010<\/span><\/li>\n<li><span dir=\"auto\">OECD \u2013 Arabsk\u00fd ekonomick\u00fd v\u00fdhled (2010)<\/span><\/li>\n<li><a href=\"https:\/\/www.harmoon.org\/en\/researches\/economic-reform-in-syria\/\"><span dir=\"auto\">https:\/\/www.harmoon.org\/en\/researches\/economic-reform-in-syria\/<\/span><\/a><\/li>\n<li><span dir=\"auto\">Vogue, b\u0159ezen 2011 \u2013 \u201eR\u016f\u017ee v pou\u0161ti\u201c, autorka: Joan Juliet Buck<\/span><\/li>\n<li><a href=\"https:\/\/www.theatlantic.com\/international\/archive\/2012\/01\/the-only-remaining-online-copy-of-vogues-asma-al-assad-profile\/250753\"><span dir=\"auto\">https:\/\/www.theatlantic.com\/international\/archive\/2012\/01\/the-only-remaining-online-copy-of-vogues-asma-al-assad-profile\/250753<\/span><\/a><\/li>\n<li><span dir=\"auto\">https:\/\/web.archive.org\/web\/20110225204927\/https:\/\/www.vogue.com\/vogue-daily\/article\/asma-al-assad-a-rose-in-the-desert\/<\/span><\/li>\n<li><a href=\"https:\/\/www.zeit.de\/2007\/09\/Syrien\/komplettansicht\"><span dir=\"auto\">https:\/\/www.zeit.de\/2007\/09\/Syrien\/komplettansicht<\/span><\/a><\/li>\n<\/ul>\n<p>&nbsp;<\/p>\n","protected":false},"excerpt":{"rendered":"<p>Kdy\u017e se v prosinci 2024 zhroutil Asad\u016fv re\u017eim, S\u00fdrie se okam\u017eit\u011b propadla do pekla n\u00e1sil\u00ed&#8230;<\/p>\n","protected":false},"author":2,"featured_media":95931,"comment_status":"closed","ping_status":"closed","sticky":false,"template":"","format":"standard","meta":[],"categories":[7],"tags":[1042,481,147,365],"_links":{"self":[{"href":"https:\/\/www.infokuryr.cz\/n\/wp-json\/wp\/v2\/posts\/95930"}],"collection":[{"href":"https:\/\/www.infokuryr.cz\/n\/wp-json\/wp\/v2\/posts"}],"about":[{"href":"https:\/\/www.infokuryr.cz\/n\/wp-json\/wp\/v2\/types\/post"}],"author":[{"embeddable":true,"href":"https:\/\/www.infokuryr.cz\/n\/wp-json\/wp\/v2\/users\/2"}],"replies":[{"embeddable":true,"href":"https:\/\/www.infokuryr.cz\/n\/wp-json\/wp\/v2\/comments?post=95930"}],"version-history":[{"count":1,"href":"https:\/\/www.infokuryr.cz\/n\/wp-json\/wp\/v2\/posts\/95930\/revisions"}],"predecessor-version":[{"id":95932,"href":"https:\/\/www.infokuryr.cz\/n\/wp-json\/wp\/v2\/posts\/95930\/revisions\/95932"}],"wp:featuredmedia":[{"embeddable":true,"href":"https:\/\/www.infokuryr.cz\/n\/wp-json\/wp\/v2\/media\/95931"}],"wp:attachment":[{"href":"https:\/\/www.infokuryr.cz\/n\/wp-json\/wp\/v2\/media?parent=95930"}],"wp:term":[{"taxonomy":"category","embeddable":true,"href":"https:\/\/www.infokuryr.cz\/n\/wp-json\/wp\/v2\/categories?post=95930"},{"taxonomy":"post_tag","embeddable":true,"href":"https:\/\/www.infokuryr.cz\/n\/wp-json\/wp\/v2\/tags?post=95930"}],"curies":[{"name":"wp","href":"https:\/\/api.w.org\/{rel}","templated":true}]}}