{"id":95928,"date":"2026-01-03T00:11:55","date_gmt":"2026-01-02T23:11:55","guid":{"rendered":"https:\/\/www.infokuryr.cz\/n\/?p=95928"},"modified":"2026-01-02T09:46:15","modified_gmt":"2026-01-02T08:46:15","slug":"doug-caseyho-hlavni-predpoved-pro-rok-2026-co-to-znamena-pro-vas-a-vase-penize","status":"publish","type":"post","link":"https:\/\/www.infokuryr.cz\/n\/2026\/01\/03\/doug-caseyho-hlavni-predpoved-pro-rok-2026-co-to-znamena-pro-vas-a-vase-penize\/","title":{"rendered":"Doug Caseyho hlavn\u00ed p\u0159edpov\u011b\u010f pro rok 2026\u2026 Co to znamen\u00e1 pro v\u00e1s a va\u0161e pen\u00edze"},"content":{"rendered":"<div id=\"fb-root\"><\/div>\n<p><strong><span dir=\"auto\">International Man:<\/span><\/strong><span dir=\"auto\">\u00a0Na co se podle v\u00e1s lid\u00e9 v roce 2026 m\u011bli p\u0159ipravit jako na nejd\u016fle\u017eit\u011bj\u0161\u00ed v\u011bc?<\/span><\/p>\n<p><strong><span dir=\"auto\">Doug Casey:<\/span><\/strong><span dir=\"auto\">\u00a0Strauss a Howe si tuto ot\u00e1zku polo\u017eili ve sv\u00e9 knize \u010ctvrt\u00fd obrat. V USA se nach\u00e1z\u00edme v z\u00e1sadn\u00edm bod\u011b zlomu.<\/span><\/p>\n<p><span dir=\"auto\">U\u017e l\u00e9ta m\u00e1m pocit, \u017ee USA sm\u011b\u0159uj\u00ed k n\u011b\u010demu jako ob\u010dansk\u00e1 v\u00e1lka. Mohla by b\u00fdt stejn\u011b v\u00e1\u017en\u00e1 jako nep\u0159\u00edjemnost v 60. letech 19. stolet\u00ed, jen jin\u00e1. Rud\u00ed a mod\u0159\u00ed v USA se navz\u00e1jem nemaj\u00ed r\u00e1di; ani spolu neum\u00ed mluvit. Kdy\u017e se v\u011bci dostanou do t\u00e9to f\u00e1ze, obvykle se \u0159e\u0161\u00ed silou; p\u0159edpokl\u00e1d\u00e1m, \u017ee se to stane. Velmi pravd\u011bpodobn\u011b b\u011bhem p\u0159\u00ed\u0161t\u00edch t\u0159\u00ed let, dokud je Trump je\u0161t\u011b v \u00fa\u0159adu. Je perfektn\u00edm katalyz\u00e1torem.<\/span><\/p>\n<p><span dir=\"auto\">Dlouhodob\u00e9 migra\u010dn\u00ed trendy to je\u0161t\u011b zhor\u0161\u00ed. Pod\u00edv\u00e1me-li se za 100 let, je celkem jasn\u00e9, \u017ee s modern\u00edmi cestovn\u00edmi a komunika\u010dn\u00edmi technologiemi se migrace lid\u00ed z chud\u00fdch zem\u00ed do bohat\u00fdch zem\u00ed po cel\u00e9m sv\u011bt\u011b zrychl\u00ed. Nakonec USA ve sv\u00e9 sou\u010dasn\u00e9 podob\u011b ani nebudou existovat. To samoz\u0159ejm\u011b plat\u00ed pro ka\u017edou zemi. Barvy mapy na zdi se m\u011bn\u00ed od prvn\u00edho dne.<\/span><\/p>\n<p><span dir=\"auto\">Douf\u00e1m, \u017ee v bl\u00edzk\u00e9 budoucnosti nedojde k \u017e\u00e1dn\u00e9mu katastrof\u00e1ln\u00edmu ot\u0159esu z mnoha d\u016fvod\u016f. Zaprv\u00e9 to nebude \u017e\u00e1dn\u00e1 z\u00e1bava. Zadruh\u00e9 jsem velk\u00fdm fanou\u0161kem tradi\u010dn\u00ed Ameriky. Byla to jedine\u010dn\u00e1 instituce ve sv\u011btov\u00fdch d\u011bjin\u00e1ch \u2013 jedin\u00e1 zem\u011b, kter\u00e1 kdy byla zalo\u017eena na konceptech svobodn\u00e9ho my\u0161len\u00ed, voln\u00e9ho trhu a individualismu. Ob\u010dansk\u00e1 v\u00e1lka \u2013 bez ohledu na to, jakou formu p\u0159ijme \u2013 by tyto v\u011bci pravd\u011bpodobn\u011b p\u0159evr\u00e1tila naruby.<\/span><\/p>\n<p><span dir=\"auto\">I kdy\u017e douf\u00e1m, \u017ee se v\u011bci uklidn\u00ed, nad\u011bje nen\u00ed nejlep\u0161\u00edm z\u00e1kladem pro budov\u00e1n\u00ed pl\u00e1n\u016f.<\/span><\/p>\n<p><strong><span dir=\"auto\">International Man:<\/span><\/strong><span dir=\"auto\">\u00a0Geopoliticky se nap\u011bt\u00ed v Evrop\u011b, na Bl\u00edzk\u00e9m v\u00fdchod\u011b a ve v\u00fdchodn\u00ed Asii nad\u00e1le stup\u0148uje.<\/span><\/p>\n<p><span dir=\"auto\">Kde o\u010dek\u00e1v\u00e1te, \u017ee se v roce 2026 objev\u00ed hlavn\u00ed ohniska konflikt\u016f?<\/span><\/p>\n<p><strong><span dir=\"auto\">Doug Casey:<\/span><\/strong><span dir=\"auto\">\u00a0Politici, kte\u0159\u00ed \u0159\u00edd\u00ed Evropu, jsou jednotn\u011b opovr\u017een\u00edhodn\u00ed neexistenci, od Ursuly von der Leyen, Vl\u010dice EU, dol\u016f. Jedn\u00edm z d\u016fkaz\u016f tohoto tvrzen\u00ed je, \u017ee bych mohl b\u00fdt ve velk\u00e9 \u010d\u00e1sti Evropy st\u00edh\u00e1n jen za to, \u017ee to \u0159\u00edk\u00e1m. Jsou to bezduch\u00ed byrokrat\u00e9, kte\u0159\u00ed nestoj\u00ed za ni\u010d\u00edm jin\u00fdm ne\u017e za etatismus a kolektivismus. \u017denou Evropu k aktivn\u00edmu p\u0159ezbrojov\u00e1n\u00ed, zdvojn\u00e1sobuj\u00ed vojensk\u00e9 rozpo\u010dty, obnovuj\u00ed odvody a mluv\u00ed o nutnosti v\u00e1lky s Ruskem. M\u00e1m podez\u0159en\u00ed, \u017ee svou v\u00e1lku dos\u00e1hnou; jen douf\u00e1m, \u017ee se nestane jadernou nebo biologickou. Zvl\u00e1\u0161tn\u00ed, proto\u017ee je to kv\u016fli Ukrajin\u011b, nejzaostalej\u0161\u00ed a nejzkorumpovan\u011bj\u0161\u00ed zemi na kontinentu. Perverzn\u00ed, proto\u017ee to nikdy nebyla ani zem\u011b, dokud ji Lenin v roce 1923 nevytvo\u0159il.<\/span><\/p>\n<p><span dir=\"auto\">Ale to nen\u00ed v\u0161echno. Euro, esperantsk\u00e1 m\u011bna, ta, co \u0159\u00edk\u00e1 \u201eKdo v\u00e1m nic nedlu\u017e\u00ed?\u201c mezi fiat m\u011bnami, je mrtv\u00e1 kachna. V\u0161echny \u010dlensk\u00e9 zem\u011b EU jsou zkrachoval\u00e9 soci\u00e1ln\u00ed st\u00e1ty. Ve skute\u010dnosti se Evropsk\u00e1 unie sama rozpadne. To, co je dobr\u00e9 pro jednotliv\u00e9 zem\u011b, je v naprost\u00e9m rozporu s t\u00edm, co chce vnutit 80 000 \u2013 a to je p\u0159esn\u00e9 \u010d\u00edslo \u2013 zam\u011bstnanc\u016f EU v Bruselu. NATO, kter\u00e9 m\u011blo b\u00fdt rozpu\u0161t\u011bno, kdy\u017e se rozpadl SSSR, tak\u00e9 zmiz\u00ed. Evropa se v nejlep\u0161\u00edm p\u0159\u00edpad\u011b stane zoologickou zahradou pro \u010d\u00ednsk\u00e9 turisty a luxusn\u00edm letoviskem pro migranty z t\u0159et\u00edho sv\u011bta.<\/span><\/p>\n<p><span dir=\"auto\">Bl\u00edzk\u00fd v\u00fdchod? Dokud je Trump v \u00fa\u0159adu, m\u016f\u017eeme si stejn\u011b tak dob\u0159e osvojit Izrael jako 51. st\u00e1t. To se dv\u011bma miliard\u00e1m muslim\u016f na sv\u011bt\u011b nebude l\u00edbit. Nezam\u011b\u0148ujte p\u0159\u00e1telsk\u00e9 vztahy Washingtonu s vl\u00e1dami Sa\u00fadsk\u00e9 Ar\u00e1bie, Kataru a dal\u0161\u00edch z 55 muslimsk\u00fdch zem\u00ed s politickou stabilitou. V\u011bt\u0161ina z nich je ekonomicky na mizin\u011b a extr\u00e9mn\u011b nestabiln\u00ed.<\/span><\/p>\n<p><span dir=\"auto\">V\u00fdchodn\u00ed Asie? Je naprosto iracion\u00e1ln\u00ed, aby \u010c\u00edna \u00fato\u010dila na Tchaj-wan. V\u00fdsledkem by bylo rozs\u00e1hl\u00e9 zni\u010den\u00ed na obou stran\u00e1ch \u2013 i kdyby se k \u00fatoku nep\u0159idaly USA a\/nebo Japonsko. Vl\u00e1dy v\u0161ak d\u011blaj\u00ed iracion\u00e1ln\u00ed v\u011bci, nep\u0159edv\u00eddateln\u011b. Co se stane s \u010d\u00ednsk\u00fdmi n\u00e1roky na V\u00fdchodo\u010d\u00ednsk\u00e9 a Jiho\u010d\u00ednsk\u00e9 mo\u0159e? M\u011blo by to b\u00fdt mezi nimi a \u0161esti jejich n\u00e1mo\u0159n\u00edmi sousedy. USA by ale mohly z region\u00e1ln\u00edho hrani\u010dn\u00edho sporu ud\u011blat t\u0159et\u00ed sv\u011btovou v\u00e1lku.<\/span><\/p>\n<p><span dir=\"auto\">Ale mysl\u00edm, \u017ee ne\u010dekan\u00fdm bodem ohniska bude Afrika. B\u011bhem posledn\u00edch 60 let si 55 africk\u00fdch st\u00e1t\u016f (to je jen p\u0159ibli\u017en\u00e9 \u010d\u00edslo, proto\u017ee nev\u00edme, jak dopadnou m\u00edsta jako Libye, Z\u00e1padn\u00ed Sahara, Som\u00e1lsko nebo D\u00e1rf\u00far) vybudovalo zna\u010dn\u00e9 arm\u00e1dy, kter\u00e9 jsou podporov\u00e1ny zbran\u011bmi a v\u00fdcvikem z Evropy a USA. P\u0159e\u017e\u00edvaj\u00ed z v\u00fdvozu surovin (p\u0159\u00ed\u010din neust\u00e1l\u00fdch konflikt\u016f) a pomoci z Evropy a USA (kter\u00e1 pravd\u011bpodobn\u011b zmiz\u00ed). V\u0161echny tyto st\u00e1ty (stejn\u011b jako t\u00e9m\u011b\u0159 v\u0161ude na Bl\u00edzk\u00e9m v\u00fdchod\u011b a ve St\u0159edn\u00ed Asii) jsou um\u011bl\u00e9 v\u00fdtvory s libovoln\u00fdmi hranicemi. Jsou to nestabiln\u00ed kleptokracie \u0159\u00edzen\u00e9 z prezidentsk\u00e9ho pal\u00e1ce.<\/span><\/p>\n<p><span dir=\"auto\">Ot\u00e1zka zn\u00ed: do jak\u00e9 m\u00edry bude Evropa, nebo zejm\u00e9na USA, nebo zejm\u00e9na Trump, strkat nos do africk\u00fdch pohrani\u010dn\u00edch v\u00e1lek a ob\u010dansk\u00fdch v\u00e1lek? Bude jich hodn\u011b. Mysl\u00edm, \u017ee Afrika je ten velk\u00fd sud se st\u0159eln\u00fdm prachem, o kter\u00e9m nikdo nemluv\u00ed.<\/span><\/p>\n<p><strong><span dir=\"auto\">International Man:<\/span><\/strong><span dir=\"auto\">\u00a0Vnitropolitick\u00e1 situace v USA z\u016fst\u00e1v\u00e1 napjat\u00e1 a s hlubok\u00fdmi kulturn\u00edmi a ekonomick\u00fdmi trhlinami.<\/span><\/p>\n<p><span dir=\"auto\">Jak o\u010dek\u00e1v\u00e1te, \u017ee se budou vyv\u00edjet vnit\u0159n\u00ed rozpory v Americe v roce 2026 s bl\u00ed\u017e\u00edc\u00edmi se volbami v polovin\u011b volebn\u00edho obdob\u00ed?<\/span><\/p>\n<p><strong><span dir=\"auto\">Doug Casey:<\/span><\/strong><span dir=\"auto\">\u00a0Trendy v pohybu maj\u00ed tendenci z\u016fstat v pohybu. Navzdory skute\u010dnosti, \u017ee se zd\u00e1, \u017ee korporace, z\u00e1bavn\u00ed pr\u016fmysl, akademick\u00e1 obec a m\u00e9dia ustupuj\u00ed od skute\u010dn\u011b \u0161\u00edlen\u00e9 \u00farovn\u011b wokeismu, je tato ot\u00e1zka nejist\u00e1. Trend sm\u011brem k wokeismu nab\u00edr\u00e1 na s\u00edle po cel\u00e1 desetilet\u00ed a zem\u011b je j\u00edm indoktrinov\u00e1na po generace. Nezmiz\u00ed p\u0159es noc.<\/span><\/p>\n<p><span dir=\"auto\">Trump c\u00edlen\u011b a otev\u0159en\u011b polarizuje. Jak jsem psal minul\u00fd t\u00fdden (\u00a0<\/span><a href=\"https:\/\/internationalman.com\/articles\/doug-casey-on-2025s-defining-events-and-what-comes-next\/\" target=\"_blank\" rel=\"noopener\"><span dir=\"auto\">odkaz<\/span><\/a><span dir=\"auto\">\u00a0), a\u010dkoli se m\u016f\u017ee vn\u00edmat jako Cincinnatus, je sp\u00ed\u0161e jako Caesar. Bude po\u0159\u00e1d rozdm\u00fdch\u00e1vat nap\u011bt\u00ed, u\u017e jen proto, \u017ee v\u00ed, co mu jeho protivn\u00edci ud\u011blaj\u00ed, a\u017e nebude v \u00fa\u0159adu. Zat\u00edmco v\u011bt\u0161ina rozumn\u00fdch lid\u00ed miluje jeho anti-wokeismus, v\u011bt\u0161ina jeho ekonomick\u00e9ho a mezin\u00e1rodn\u00edho intervencionismu se mu vymst\u00ed \u2013 a to velmi. M\u00e1m podez\u0159en\u00ed, \u017ee prohraje volby v polovin\u011b volebn\u00edho obdob\u00ed a demokrat\u00e9 ve Sn\u011bmovn\u011b reprezentant\u016f ho znovu odvolaj\u00ed. Usp\u011bj\u00ed tentokr\u00e1t v Sen\u00e1tu? Domorodci budou neklidn\u00ed, a\u0165 se d\u011bje cokoli.<\/span><\/p>\n<p><strong><span dir=\"auto\">International Man:<\/span><\/strong><span dir=\"auto\">\u00a0Vzhledem k tomu, \u017ee Trump se chyst\u00e1 nahradit p\u0159edsedu Fedu Powella, bude m\u00edt siln\u011bj\u0161\u00ed vliv na politiku centr\u00e1ln\u00ed banky. Jak o\u010dek\u00e1v\u00e1te, \u017ee bude vypadat m\u011bnov\u00e9 prost\u0159ed\u00ed v roce 2026?<\/span><\/p>\n<p><strong><span dir=\"auto\">Doug Casey:<\/span><\/strong><span dir=\"auto\">\u00a0Dolar se bude bl\u00ed\u017eit sv\u00e9 vnit\u0159n\u00ed hodnot\u011b, jakmile Trump a Fed vytvo\u0159\u00ed o bilion v\u00edce dolaru. Je to vzorec pro chaos.<\/span><\/p>\n<p><span dir=\"auto\">Trump je velk\u00fdm zast\u00e1ncem merkantilistick\u00e9 ekonomie, kter\u00e1 tvrd\u00ed, \u017ee USA mus\u00ed v\u00edce vyv\u00e1\u017eet, ne\u017e dov\u00e1\u017eet. Mysl\u00edm, \u017ee se bude sna\u017eit tento probl\u00e9m prosadit n\u011bjak\u00fdm druhem devizov\u00fdch kontrol, co\u017e vytvo\u0159\u00ed je\u0161t\u011b v\u011bt\u0161\u00ed deformace.<\/span><\/p>\n<p><span dir=\"auto\">Chcete se zbavit dolaru, vlastnit drah\u00e9 kovy, vyhnout se akciov\u00e9mu trhu a trh\u016fm s dluhopisy a dostat sv\u00e9 pen\u00edze z USA. Nic z toho nen\u00ed receptem na dom\u00e1c\u00ed klid, a\u0165 u\u017e v roce 2026, 2027, 2028 nebo i pozd\u011bji. A p\u0159edpokl\u00e1d\u00e1m, \u017ee v roce 2028 prob\u011bhnou norm\u00e1ln\u00ed volby, co\u017e nen\u00ed p\u0159\u00edli\u0161 bezpe\u010dn\u00fd p\u0159edpoklad.<\/span><\/p>\n<p><strong><span dir=\"auto\">International Man:<\/span><\/strong><span dir=\"auto\">\u00a0Investo\u0159i se ocitaj\u00ed rozpolceni mezi honem za sou\u010dasnou tr\u017en\u00ed bublinou a p\u0159\u00edpravou na potenci\u00e1ln\u00ed finan\u010dn\u00ed z\u00fa\u010dtov\u00e1n\u00ed.<\/span><\/p>\n<p><span dir=\"auto\">Kde si mysl\u00edte, \u017ee v roce 2026 budou nejv\u011bt\u0161\u00ed rizika a p\u0159\u00edle\u017eitosti a kter\u00e9 t\u0159\u00eddy aktiv budou m\u00edt z nadch\u00e1zej\u00edc\u00edch turbulenc\u00ed nejv\u011bt\u0161\u00ed prosp\u011bch?<\/span><\/p>\n<p><strong><span dir=\"auto\">Doug Casey:<\/span><\/strong><span dir=\"auto\">\u00a0Nen\u00ed pochyb o tom, \u017ee v\u011bt\u0161ina Trumpova obchodn\u00edho \u00fasp\u011bchu byla zp\u016fsobena p\u016fj\u010dkami. Zadlu\u017een\u00ed, n\u00edzk\u00e9 \u00farokov\u00e9 sazby a inflace z n\u011bj ud\u011blaly mu\u017ee.<\/span><\/p>\n<p><span dir=\"auto\">Trumpova historie a nespr\u00e1vn\u00e9 ch\u00e1p\u00e1n\u00ed ekonomie mi \u0159\u00edkaj\u00ed, \u017ee Fed bude nakupovat a monetizovat v\u00edce vl\u00e1dn\u00edho dluhu ne\u017e kdy d\u0159\u00edve a ud\u011bl\u00e1 v\u0161e pro to, aby um\u011ble sn\u00ed\u017eil \u00farokov\u00e9 sazby. Z kr\u00e1tkodob\u00e9ho hlediska by to mohlo sv\u011bd\u010dit o tom, \u017ee akciov\u00fd trh v roce 2026 poroste. Ale je to s\u00e1zka s vysok\u00fdm rizikem. C\u00edt\u00edte se \u0161\u0165astn\u011b?<\/span><\/p>\n<p><span dir=\"auto\">Vzhledem k tomu, \u017ee cena zlata p\u0159esahuje 4 000 dolar\u016f a st\u0159\u00edbra p\u0159esahuje 60 dolar\u016f, jsou pravd\u011bpodobn\u011b tam, kde by m\u011bly b\u00fdt v porovn\u00e1n\u00ed s ostatn\u00edmi v\u011bcmi. Ale jakkoli je sv\u011bt nestabiln\u00ed a kv\u016fli jejich jedine\u010dn\u00fdm v\u00fdhod\u00e1m, jejich cena roste. Chytr\u00e9 je spekulovat o akci\u00edch t\u011b\u017ea\u0159\u016f; jsou opravdu levn\u00e9 a ani ve\u0159ejnost, ani instituce o jejich existenci nev\u011bd\u00ed, a to z d\u016fvod\u016f, o kter\u00fdch jsem ji\u017e mluvil. Celkov\u00e9 n\u00e1klady na udr\u017een\u00ed produkce zlata se pohybuj\u00ed kolem 1 500 dolar\u016f za unci. Nen\u00ed t\u011b\u017ek\u00e9 si to spo\u010d\u00edtat.<\/span><\/p>\n<p><span dir=\"auto\">Za posledn\u00edch 50 let jsme za\u017eili p\u011bt b\u00fd\u010d\u00edch trh\u016f s t\u011b\u017eebn\u00edm pr\u016fmyslem s pom\u011brem 10:1. Mysl\u00edm, \u017ee brzy za\u017eijeme dal\u0161\u00ed. Velk\u00fd. Mnoho men\u0161\u00edch akci\u00ed u\u017e vyrostlo v pom\u011bru 3:1 nebo 4:1. Nikoho to nezaj\u00edm\u00e1&#8230; co\u017e je dob\u0159e.<\/span><\/p>\n<p><span dir=\"auto\">Krom\u011b toho byste m\u011bli m\u00edt obecn\u011b dlouh\u00e9 pozice v komodit\u00e1ch. Obiloviny se v podstat\u011b prod\u00e1vaj\u00ed za zhruba v\u00fdrobn\u00ed n\u00e1klady. Stejn\u011b jako ropa, plyn, uhl\u00ed a uran. Komodity jsou velmi poddimenzovan\u00e9. N\u00e1kup ETF do kter\u00e9koli nebo v\u0161ech t\u011bchto v\u011bc\u00ed je alokace kapit\u00e1lu typu \u201enastav a zapome\u0148\u201c na minim\u00e1ln\u011b po dobu n\u011bkolika p\u0159\u00ed\u0161t\u00edch let.<\/span><\/p>\n<p><strong><span dir=\"auto\">Pozn\u00e1mka editora:<\/span><\/strong><span dir=\"auto\">\u00a0Rok 2026 jasn\u011b ukazuje na bod zlomu \u2013 kter\u00fd se vyzna\u010duje rostouc\u00ed politickou rozpolcenost\u00ed, glob\u00e1ln\u00ed nestabilitou a rostouc\u00edm m\u011bnov\u00fdm rizikem. Tlaky, kter\u00e9 Doug popisuje, se sb\u00edhaj\u00ed rychleji, ne\u017e v\u011bt\u0161ina investor\u016f o\u010dek\u00e1v\u00e1.<\/span><\/p>\n<p><span dir=\"auto\">Ale tato konverzace jen \u0161kr\u00e1be povrch.<\/span><\/p>\n<p><span style=\"font-size: 10pt;\"><a href=\"https:\/\/internationalman.com\/articles\/doug-caseys-top-prediction-for-2026-what-it-means-for-you-and-your-money\/\">ZDROJ<\/a><\/span><\/p>\n<p>&nbsp;<\/p>\n","protected":false},"excerpt":{"rendered":"<p>International Man:\u00a0Na co se podle v\u00e1s lid\u00e9 v roce 2026 m\u011bli p\u0159ipravit jako na nejd\u016fle\u017eit\u011bj\u0161\u00ed&#8230;<\/p>\n","protected":false},"author":2,"featured_media":95929,"comment_status":"closed","ping_status":"closed","sticky":false,"template":"","format":"standard","meta":[],"categories":[7],"tags":[1042,45,276],"_links":{"self":[{"href":"https:\/\/www.infokuryr.cz\/n\/wp-json\/wp\/v2\/posts\/95928"}],"collection":[{"href":"https:\/\/www.infokuryr.cz\/n\/wp-json\/wp\/v2\/posts"}],"about":[{"href":"https:\/\/www.infokuryr.cz\/n\/wp-json\/wp\/v2\/types\/post"}],"author":[{"embeddable":true,"href":"https:\/\/www.infokuryr.cz\/n\/wp-json\/wp\/v2\/users\/2"}],"replies":[{"embeddable":true,"href":"https:\/\/www.infokuryr.cz\/n\/wp-json\/wp\/v2\/comments?post=95928"}],"version-history":[{"count":0,"href":"https:\/\/www.infokuryr.cz\/n\/wp-json\/wp\/v2\/posts\/95928\/revisions"}],"wp:featuredmedia":[{"embeddable":true,"href":"https:\/\/www.infokuryr.cz\/n\/wp-json\/wp\/v2\/media\/95929"}],"wp:attachment":[{"href":"https:\/\/www.infokuryr.cz\/n\/wp-json\/wp\/v2\/media?parent=95928"}],"wp:term":[{"taxonomy":"category","embeddable":true,"href":"https:\/\/www.infokuryr.cz\/n\/wp-json\/wp\/v2\/categories?post=95928"},{"taxonomy":"post_tag","embeddable":true,"href":"https:\/\/www.infokuryr.cz\/n\/wp-json\/wp\/v2\/tags?post=95928"}],"curies":[{"name":"wp","href":"https:\/\/api.w.org\/{rel}","templated":true}]}}