{"id":95925,"date":"2026-01-02T05:30:36","date_gmt":"2026-01-02T04:30:36","guid":{"rendered":"https:\/\/www.infokuryr.cz\/n\/?p=95925"},"modified":"2026-01-02T05:30:36","modified_gmt":"2026-01-02T04:30:36","slug":"michael-svatos-tzv-warburgova-linie-na-ukrajine-a-sokujici-silvestrovske-doznani","status":"publish","type":"post","link":"https:\/\/www.infokuryr.cz\/n\/2026\/01\/02\/michael-svatos-tzv-warburgova-linie-na-ukrajine-a-sokujici-silvestrovske-doznani\/","title":{"rendered":"Michael Svato\u0161: Tzv. Warburgova linie na Ukrajin\u011b a \u0161okuj\u00edc\u00ed Silvestrovsk\u00e9 dozn\u00e1n\u00ed&#8230;"},"content":{"rendered":"<div id=\"fb-root\"><\/div>\n<h3>Tzv. Warburgova linie na Ukrajin\u011b a \u0161okuj\u00edc\u00ed Silvestrovsk\u00e9 dozn\u00e1n\u00ed legend\u00e1rn\u00edho Azovce podplukovn\u00edka Maxima \u017dorina<\/h3>\n<p><em>Bezkonkuren\u010dn\u00edm v\u00edt\u011bzem boj\u016f na Ukrajin\u011b v roce 2025 je rusk\u00fd dron na optick\u00fdch vl\u00e1knech,\u00a0<a href=\"https:\/\/www.unian.ua\/war\/zhorin-nazvav-nayskladnishiy-viklik-dlya-viyskovih-na-fronti-u-2025-roci-13242759.html\">a bohu\u017eel se proti n\u011bmu zat\u00edm nepoda\u0159ilo naj\u00edt \u017e\u00e1dn\u00e9 \u00fa\u010dinn\u00e9 protiopat\u0159en\u00ed<\/a>.<\/em>\u00a0T\u011bmito slovy 31. prosince ve\u010der p\u0159iznal legend\u00e1rn\u00ed ukrajinsk\u00fd v\u00e1le\u010dn\u00edk, veter\u00e1n jednotek AZOV, a ultra nacionalista,\u00a0<a href=\"https:\/\/uk.wikipedia.org\/wiki\/%D0%96%D0%BE%D1%80%D1%96%D0%BD_%D0%9C%D0%B0%D0%BA%D1%81%D0%B8%D0%BC_%D0%91%D0%BE%D1%80%D0%B8%D1%81%D0%BE%D0%B2%D0%B8%D1%87\">podplukovn\u00edk Maxim \u017dorin<\/a>, nyn\u00ed z\u00e1stupce velitele\u00a0<a href=\"https:\/\/uk.wikipedia.org\/wiki\/3-%D0%B9_%D0%B0%D1%80%D0%BC%D1%96%D0%B9%D1%81%D1%8C%D0%BA%D0%B8%D0%B9_%D0%BA%D0%BE%D1%80%D0%BF%D1%83%D1%81_(%D0%A3%D0%BA%D1%80%D0%B0%D1%97%D0%BD%D0%B0)\">elitn\u00edho 3. arm\u00e1dn\u00edho sboru<\/a>, \u017ee ukrajinsk\u00e1 arm\u00e1da si s rusk\u00fdmi drony na optick\u00fdch vl\u00e1knech, kter\u00e9 se letos objevily masov\u011b na boji\u0161ti, v\u016fbec nev\u00ed rady, a ani je nen\u00ed schopn\u00e1 okop\u00edrovat, a nasadit do boj\u016f proti Rus\u016fm na vlastn\u00ed stran\u011b.<\/p>\n<div id=\"attachment_22983\" class=\"wp-caption aligncenter\" style=\"width: 504px;\"><img decoding=\"async\" loading=\"lazy\" class=\" wp-image-22983\" src=\"https:\/\/www.michalapetr.com\/wp-content\/uploads\/2026\/01\/%D0%9C%D0%B0%D0%BA%D1%81%D0%B8%D0%BC_%D0%96%D0%BE%D1%80%D1%96%D0%BD_%D0%BF%D1%96%D0%B4%D0%BF%D0%BE%D0%BB%D0%BA%D0%BE%D0%B2%D0%BD%D0%B8%D0%BA_%D0%97%D0%A1%D0%A3.jpg\" sizes=\"(max-width: 500px) 100vw, 500px\" srcset=\"https:\/\/www.michalapetr.com\/wp-content\/uploads\/2026\/01\/\u041c\u0430\u043a\u0441\u0438\u043c_\u0416\u043e\u0440\u0456\u043d_\u043f\u0456\u0434\u043f\u043e\u043b\u043a\u043e\u0432\u043d\u0438\u043a_\u0417\u0421\u0423.jpg 500w, https:\/\/www.michalapetr.com\/wp-content\/uploads\/2026\/01\/\u041c\u0430\u043a\u0441\u0438\u043c_\u0416\u043e\u0440\u0456\u043d_\u043f\u0456\u0434\u043f\u043e\u043b\u043a\u043e\u0432\u043d\u0438\u043a_\u0417\u0421\u0423-200x300.jpg 200w, https:\/\/www.michalapetr.com\/wp-content\/uploads\/2026\/01\/\u041c\u0430\u043a\u0441\u0438\u043c_\u0416\u043e\u0440\u0456\u043d_\u043f\u0456\u0434\u043f\u043e\u043b\u043a\u043e\u0432\u043d\u0438\u043a_\u0417\u0421\u0423-470x705.jpg 470w, https:\/\/www.michalapetr.com\/wp-content\/uploads\/2026\/01\/\u041c\u0430\u043a\u0441\u0438\u043c_\u0416\u043e\u0440\u0456\u043d_\u043f\u0456\u0434\u043f\u043e\u043b\u043a\u043e\u0432\u043d\u0438\u043a_\u0417\u0421\u0423-450x675.jpg 450w\" alt=\"\" width=\"504\" height=\"756\" aria-describedby=\"caption-attachment-22983\" \/><\/p>\n<p id=\"caption-attachment-22983\" class=\"wp-caption-text\" style=\"text-align: justify;\">Legend\u00e1rn\u00ed AZOVEC, podplukovn\u00edk Maxim \u017dorin, nyn\u00ed z\u00e1stupce velitele 3. arm\u00e1dn\u00edho sboru Ukrajiny, v noci na 1. ledna 2026 p\u0159iznal, \u017ee bohu\u017eel st\u00e1le neexistuje \u017e\u00e1dn\u00e1 \u00fa\u010dinn\u00e1 ochrana proti rusk\u00fdm dron\u016fm na optick\u00fdch vl\u00e1knech, a dokud tomu tak bude, je situace ukrajinsk\u00e9 arm\u00e1dy na boji\u0161ti tak\u0159ka bezv\u00fdchodn\u00e1.<\/p>\n<\/div>\n<p>Podplukovn\u00edk \u017dorin d\u00e1le v silvestrovsk\u00e9m rozhovoru p\u0159iznal, \u017ee rusk\u00e1 taktika se letos na boji\u0161ti dramaticky zm\u011bnila. Nejprve Rus\u016fm masa dron\u016f vy\u010dist\u00ed pr\u016fchody v ukrajinsk\u00e9 obran\u011b, a p\u0159es n\u011b se potom Rusov\u00e9 nepozorovan\u011b infiltruj\u00ed do ukrajinsk\u00e9ho t\u00fdlu, kde se shrom\u00e1\u017ed\u00ed, a nakonec prudce za\u00fato\u010d\u00ed na ukrajinsk\u00e9 oper\u00e1tory dron\u016f, velitelsk\u00e9 \u0161t\u00e1by, a logistick\u00e9, i d\u011blost\u0159eleck\u00e9 jednotky. Podle \u017dorina bez vlastn\u00ed masy podobn\u00fdch dron\u016f nelze t\u00e9to nov\u00e9 rusk\u00e9 taktice boje nijak \u010delit, a p\u0159\u00ed\u0161t\u00ed rok bude pro ukrajinskou arm\u00e1du je\u0161t\u011b n\u00e1ro\u010dn\u011bj\u0161\u00ed. Pokud tento bezv\u00fdchodn\u00fd stav Kyjevsk\u00e9 brann\u00e9 moci p\u0159izn\u00e1v\u00e1 samotn\u00fd \u017dorin, nen\u00ed k tomu co dod\u00e1vat, proto\u017ee realita sou\u010dasn\u00e9ho boji\u0161t\u011b je pro Ukrajince evidentn\u011b d\u011bsiv\u00e1, a zcela bezv\u00fdchodn\u00e1.<\/p>\n<p>N\u011bkter\u00e1 \u010desk\u00e1 anti-putinovsk\u00e1 m\u00e9dia shodou n\u011bjak\u00fdch n\u00e1hod \u0161\u00ed\u0159ila v ten sam\u00fd den, kdy elitn\u00ed v\u00e1le\u010dn\u00edk Ukrajiny Maxim \u017dorin p\u0159iznal, \u017ee neexistuje \u017e\u00e1dn\u00e1 obrana proti rusk\u00fdm dron\u016fm na optick\u00fdch vl\u00e1knech,\u00a0<a class=\"mfp-iframe lightbox-added\" href=\"https:\/\/www.youtube.com\/watch?v=xkWFLb1bi8Y\">fantastick\u00e1 tvrzen\u00ed jist\u00e9ho americk\u00e9ho analytika Paula Warburga<\/a>, a podle nich Ukrajina vybudovala stovky kilometr\u016f dlouhou neprostupnou obrannou linii o n\u011bkolika \u0159ad\u00e1ch ostnat\u00fdch dr\u00e1t\u016f, p\u0159\u00edkop\u016f a protitankov\u00fdch jehlan\u016f, a tato linie je u\u017e st\u0159e\u017eena ukrajinsk\u00fdm d\u011blost\u0159electvem, a drony, a Rusov\u00e9 ji nebudou moci p\u0159ekonat.\u00a0<a href=\"https:\/\/www.forum24.cz\/vybudovana-linie-ukrajinskych-opevneni-znamena-strategicky-zlom-ve-valce-rika-analytik-warburg?utm_source=www.seznam.cz&amp;utm_medium=sekce-z-internetu#dop_ab_variant=0&amp;dop_source_zone_name=hpfeed.sznhp.context\">A s odkazem na Warburga tvrdila<\/a>, \u017ee tuto linii u\u017e budou st\u0159e\u017eit i ukrajin\u0161t\u00ed bojov\u00ed pozemn\u00ed roboti.\u00a0Co k t\u011bmto Warburgov\u00fdm anal\u00fdz\u00e1m dodat? P\u0159edev\u0161\u00edm Warburg je\u0161t\u011b p\u0159ed t\u0159emi lety z\u0159ejm\u011b celkem ne\u00fasp\u011b\u0161n\u011b\u00a0<a href=\"https:\/\/www.youtube.com\/@pastorpaulwarburg\">k\u00e1zal na soci\u00e1ln\u00edch s\u00edt\u00edch hlavn\u011b slovo Bo\u017e\u00ed<\/a>, a s p\u0159\u00edchodem v\u00e1lky na Ukrajin\u011b teprve hbit\u011b p\u0159esedlal do nov\u00e9 specializace v\u00e1le\u010dn\u00e9ho kazatele. A hlavn\u011b, \u00fadajn\u011b neprolomiteln\u00e1 Warburgova ukrajinsk\u00e1 obrann\u00e1 linie u\u017e byla prolomena, a jej\u00ed prolomen\u00ed Rus\u016fm netrvalo ani p\u00e1r dn\u00ed, a prolomili ji p\u0159esn\u011b, jak na Silvestra popsal podplukovn\u00edk Maxim \u017dorin. (Viz mapa dole)<\/p>\n<div id=\"attachment_22988\" class=\"wp-caption aligncenter\" style=\"width: 833px;\"><img decoding=\"async\" loading=\"lazy\" class=\" wp-image-22988\" src=\"https:\/\/www.michalapetr.com\/wp-content\/uploads\/2026\/01\/photo_2026-01-01_13-24-00.jpg\" sizes=\"(max-width: 2560px) 100vw, 2560px\" srcset=\"https:\/\/www.michalapetr.com\/wp-content\/uploads\/2026\/01\/photo_2026-01-01_13-24-00.jpg 2560w, https:\/\/www.michalapetr.com\/wp-content\/uploads\/2026\/01\/photo_2026-01-01_13-24-00-300x169.jpg 300w, https:\/\/www.michalapetr.com\/wp-content\/uploads\/2026\/01\/photo_2026-01-01_13-24-00-1030x579.jpg 1030w, https:\/\/www.michalapetr.com\/wp-content\/uploads\/2026\/01\/photo_2026-01-01_13-24-00-768x432.jpg 768w, https:\/\/www.michalapetr.com\/wp-content\/uploads\/2026\/01\/photo_2026-01-01_13-24-00-1536x864.jpg 1536w, https:\/\/www.michalapetr.com\/wp-content\/uploads\/2026\/01\/photo_2026-01-01_13-24-00-2048x1152.jpg 2048w, https:\/\/www.michalapetr.com\/wp-content\/uploads\/2026\/01\/photo_2026-01-01_13-24-00-1500x844.jpg 1500w, https:\/\/www.michalapetr.com\/wp-content\/uploads\/2026\/01\/photo_2026-01-01_13-24-00-705x397.jpg 705w, https:\/\/www.michalapetr.com\/wp-content\/uploads\/2026\/01\/photo_2026-01-01_13-24-00-450x253.jpg 450w\" alt=\"\" width=\"833\" height=\"469\" aria-describedby=\"caption-attachment-22988\" \/><\/p>\n<p id=\"caption-attachment-22988\" class=\"wp-caption-text\" style=\"text-align: justify;\">Mapa zachycuje v \u010derven\u00e9m kole\u010dku m\u00edsto, kde rusk\u00e1 vojska za necel\u00fd t\u00fdden boj\u016f o v\u00e1noc\u00edch 2025 prorazila podle tvrzen\u00ed \u010desk\u00fdch m\u00e9di\u00ed \u00fadajn\u011b \u201cnepr\u016fchodnou Warburgovu obrannou linii\u201d, na n\u00ed\u017e si m\u011bli Rusov\u00e9 dozajista letos vyl\u00e1mat zuby. Linie byla tvo\u0159ena n\u011bkolika \u0159adami p\u0159\u00edkop\u016f, ostnat\u00fdch dr\u00e1t\u016f a protitankov\u00fdch jehlan\u016f, a m\u011bly ji st\u0159e\u017eit ukrajinsk\u00e1 d\u011bla, drony, voj\u00e1ci a bojov\u00ed pozemn\u00ed roboti. Rusov\u00e9 je v\u0161ak v\u0161echny snadno a rychle vy\u010distili sv\u00fdmi vlastn\u00edm drony na optick\u00fdch vl\u00e1knech, a Warburgovu obrannou linii za \u0159ekou Gaj\u010dur tak prorazili stejn\u011b snadno, jak na Silvestra 2026 popsal, \u017ee se d\u011bje pod\u00e9l cel\u00e9 frontov\u00e9 linie slavn\u00fd ukrajinsk\u00fd v\u00e1le\u010dn\u00edk podplukovn\u00edk Maxim \u017dorin. Mapa ukazuje prostor \u00fatoku rusk\u00e9 opera\u010dn\u00ed skupiny V\u00ddCHOD sm\u011brem na Z\u00e1poro\u017e\u00ed. \u017dlut\u00e9 linie jsou protitankov\u00e9 jehlany, oran\u017eov\u00e9 linie jsou p\u0159\u00edkopy. Jak vid\u00edte, Rusov\u00e9 prolomili ukrajinskou neprolomitelnou Warburgovu linii hned na n\u011bkolika m\u00edstech.<\/p>\n<\/div>\n<div id=\"attachment_22990\" class=\"wp-caption aligncenter\" style=\"width: 835px;\"><img decoding=\"async\" loading=\"lazy\" class=\" wp-image-22990\" src=\"https:\/\/www.michalapetr.com\/wp-content\/uploads\/2026\/01\/photo_2026-01-01_13-24-01.jpg\" sizes=\"(max-width: 2560px) 100vw, 2560px\" srcset=\"https:\/\/www.michalapetr.com\/wp-content\/uploads\/2026\/01\/photo_2026-01-01_13-24-01.jpg 2560w, https:\/\/www.michalapetr.com\/wp-content\/uploads\/2026\/01\/photo_2026-01-01_13-24-01-300x169.jpg 300w, https:\/\/www.michalapetr.com\/wp-content\/uploads\/2026\/01\/photo_2026-01-01_13-24-01-1030x579.jpg 1030w, https:\/\/www.michalapetr.com\/wp-content\/uploads\/2026\/01\/photo_2026-01-01_13-24-01-768x432.jpg 768w, https:\/\/www.michalapetr.com\/wp-content\/uploads\/2026\/01\/photo_2026-01-01_13-24-01-1536x864.jpg 1536w, https:\/\/www.michalapetr.com\/wp-content\/uploads\/2026\/01\/photo_2026-01-01_13-24-01-2048x1152.jpg 2048w, https:\/\/www.michalapetr.com\/wp-content\/uploads\/2026\/01\/photo_2026-01-01_13-24-01-1500x844.jpg 1500w, https:\/\/www.michalapetr.com\/wp-content\/uploads\/2026\/01\/photo_2026-01-01_13-24-01-705x397.jpg 705w, https:\/\/www.michalapetr.com\/wp-content\/uploads\/2026\/01\/photo_2026-01-01_13-24-01-450x253.jpg 450w\" alt=\"\" width=\"835\" height=\"470\" aria-describedby=\"caption-attachment-22990\" \/><\/p>\n<p id=\"caption-attachment-22990\" class=\"wp-caption-text\" style=\"text-align: justify;\">Tyto ukrajinsk\u00e9 neprolomiteln\u00e9 Warburgovy linie, jak vid\u00edte na t\u00e9to map\u011b, jsou vybudov\u00e1ny tak\u0159ka v\u0161ude. Ov\u0161em Ivanajevova opera\u010dn\u00ed skupina V\u00ddCHOD (na map\u011b vpravo) je u\u017e prolomila, stejn\u011b jako je u\u017e prolomili (na map\u011b vlevo) i Teplinsk\u00e9ho v\u00fdsadk\u00e1\u0159i z opera\u010dn\u00ed skupiny DN\u011aPR.<\/p>\n<\/div>\n<p>Nyn\u00ed se tak bude opakovat sc\u00e9n\u00e1\u0159 Guderian z bitvy o Francii v roce 1940. Tehdy opera\u010dn\u00ed tankov\u00e1 skupina gener\u00e1la Guderiana obe\u0161la na severu Maginotovu linii, a po t\u00e9 zabo\u010dila ost\u0159e na jih, a celou linii ze z\u00e1padu obe\u0161la a obkl\u00ed\u010dila. Teplinsk\u00e9ho v\u00fdsadk\u00e1\u0159i nyn\u00ed obch\u00e1zej\u00ed Warburgovu linii dnem b\u00fdval\u00e9 Kachovsk\u00e9 p\u0159ehrady, a Ivanajevovi motost\u0159elci hlubok\u00fdm obchvatem v m\u00edstech, kde Ukrajinci nep\u0159edpokl\u00e1dali, \u017ee tak u\u010din\u00ed. Ka\u017ed\u00e1 obrann\u00e1 linie se po sv\u00e9m prora\u017een\u00ed st\u00e1v\u00e1 zbyte\u010dnou, je star\u00e9 \u0161t\u00e1bn\u00ed pravidlo. Guderianovi nemilosrdn\u011b razili cestu vp\u0159ed st\u0159emhlav\u00e9 bombard\u00e9ry JU-87 Stuka G\u00f6hringovy Luftwaffe, Anajevovi i Teplinsk\u00e9mu cestu raz\u00ed zabij\u00e1ck\u00e9 drony na optick\u00fdch vl\u00e1knech Gerasimova Centra Rubikon. Pokud Ukrajina nebude m\u00edt stejn\u00e9 drony ve stejn\u00e9m po\u010dtu, nebo nevynalezne je\u0161t\u011b lep\u0161\u00ed drony, jsou v\u0161echny jej\u00ed Warburgovy linie odsouzeny k prolomen\u00ed a k obchvatu, a jejich neust\u00e1l\u00e9 budov\u00e1n\u00ed jen jen vyhazov\u00e1n\u00edm miliard do vzduchu, a ov\u0161em dobr\u00fd byznys pro dodavatele betonu a ostnat\u00fdch dr\u00e1t\u016f, a ur\u010dit\u00e9 stavebn\u00edky.<\/p>\n<div id=\"attachment_22994\" class=\"wp-caption aligncenter\" style=\"width: 502px;\"><img decoding=\"async\" loading=\"lazy\" class=\" wp-image-22994\" src=\"https:\/\/www.michalapetr.com\/wp-content\/uploads\/2026\/01\/Andrey_Ivanayev_2025-12-09.jpg\" sizes=\"(max-width: 500px) 100vw, 500px\" srcset=\"https:\/\/www.michalapetr.com\/wp-content\/uploads\/2026\/01\/Andrey_Ivanayev_2025-12-09.jpg 500w, https:\/\/www.michalapetr.com\/wp-content\/uploads\/2026\/01\/Andrey_Ivanayev_2025-12-09-225x300.jpg 225w, https:\/\/www.michalapetr.com\/wp-content\/uploads\/2026\/01\/Andrey_Ivanayev_2025-12-09-450x599.jpg 450w\" alt=\"\" width=\"502\" height=\"669\" aria-describedby=\"caption-attachment-22994\" \/><\/p>\n<p id=\"caption-attachment-22994\" class=\"wp-caption-text\" style=\"text-align: justify;\">Gener\u00e1lplukovn\u00edk Andrej Ivanaev, od listopadu 2024 vel\u00ed \u00fasp\u011b\u0161n\u00e9mu \u00fatoku opera\u010dn\u00ed skupiny V\u00ddCHOD sm\u011brem na Z\u00e1poro\u017e\u00ed, jeho fotku jsme zat\u00edm na rozd\u00edl od ostatn\u00edch rusk\u00fdch velitel\u016f opera\u010dn\u00edch skupiny nepublikovali, tak\u017ee rest od\u010din\u011bn.\u00a0<a href=\"https:\/\/www.interfax.ru\/russia\/1058678\">Skupinu p\u0159evzal po gener\u00e1lu San\u010dikovi<\/a>. Ivanaev je ro\u010dn\u00edk 1972.<\/p>\n<\/div>\n<p>Nav\u00edc\u00a0<a href=\"https:\/\/www.unian.ua\/war\/viyna-v-ukrajini-zsu-vidchuvayut-kolosalniy-tisk-na-pivdni-13243395.html\">podle v\u010derej\u0161\u00edch ukrajinsk\u00fdch hl\u00e1\u0161en\u00ed u\u017e stejn\u011b nejsou k dispozici \u017e\u00e1dn\u00ed voj\u00e1ci, kte\u0159\u00ed by nov\u00e9 Warburgovy obrann\u00e9 linie br\u00e1nili<\/a>. Ukrajina tak nem\u00e1 nejen kvalitativn\u011b i kvantitativn\u011b srovnateln\u00e9 drony jako Rusov\u00e9, ale u\u017e nem\u00e1 ani voj\u00e1ky.<\/p>\n<p><a href=\"https:\/\/www.michalapetr.com\/map-2495-tzv-warburgova-linie-na-ukrajine-a-sokujici-silvestrovske-doznani-legendarniho-azovce-podplukovnika-maxima-zorina-analyza\/\">Michael Svato\u0161<\/a><\/p>\n<p><img decoding=\"async\" loading=\"lazy\" class=\"alignnone size-full wp-image-27204\" src=\"http:\/\/www.infokuryr.cz\/n\/wp-content\/uploads\/2023\/05\/Michael_Svatos.png\" alt=\"\" width=\"180\" height=\"180\" srcset=\"https:\/\/www.infokuryr.cz\/n\/wp-content\/uploads\/2023\/05\/Michael_Svatos.png 180w, https:\/\/www.infokuryr.cz\/n\/wp-content\/uploads\/2023\/05\/Michael_Svatos-150x150.png 150w\" sizes=\"(max-width: 180px) 100vw, 180px\" \/><\/p>\n<p><img decoding=\"async\" loading=\"lazy\" class=\"wp-image-94843 aligncenter\" src=\"http:\/\/www.infokuryr.cz\/n\/wp-content\/uploads\/2025\/12\/popelka-hrad-300x141.jpg\" alt=\"\" width=\"1149\" height=\"540\" srcset=\"https:\/\/www.infokuryr.cz\/n\/wp-content\/uploads\/2025\/12\/popelka-hrad-300x141.jpg 300w, https:\/\/www.infokuryr.cz\/n\/wp-content\/uploads\/2025\/12\/popelka-hrad-768x360.jpg 768w, https:\/\/www.infokuryr.cz\/n\/wp-content\/uploads\/2025\/12\/popelka-hrad.jpg 977w\" sizes=\"(max-width: 1149px) 100vw, 1149px\" \/><\/p>\n<p>&nbsp;<\/p>\n","protected":false},"excerpt":{"rendered":"<p>Tzv. Warburgova linie na Ukrajin\u011b a \u0161okuj\u00edc\u00ed Silvestrovsk\u00e9 dozn\u00e1n\u00ed legend\u00e1rn\u00edho Azovce podplukovn\u00edka Maxima \u017dorina Bezkonkuren\u010dn\u00edm&#8230;<\/p>\n","protected":false},"author":2,"featured_media":95926,"comment_status":"closed","ping_status":"closed","sticky":false,"template":"","format":"standard","meta":[],"categories":[6],"tags":[1042,1917,26,7678],"_links":{"self":[{"href":"https:\/\/www.infokuryr.cz\/n\/wp-json\/wp\/v2\/posts\/95925"}],"collection":[{"href":"https:\/\/www.infokuryr.cz\/n\/wp-json\/wp\/v2\/posts"}],"about":[{"href":"https:\/\/www.infokuryr.cz\/n\/wp-json\/wp\/v2\/types\/post"}],"author":[{"embeddable":true,"href":"https:\/\/www.infokuryr.cz\/n\/wp-json\/wp\/v2\/users\/2"}],"replies":[{"embeddable":true,"href":"https:\/\/www.infokuryr.cz\/n\/wp-json\/wp\/v2\/comments?post=95925"}],"version-history":[{"count":0,"href":"https:\/\/www.infokuryr.cz\/n\/wp-json\/wp\/v2\/posts\/95925\/revisions"}],"wp:featuredmedia":[{"embeddable":true,"href":"https:\/\/www.infokuryr.cz\/n\/wp-json\/wp\/v2\/media\/95926"}],"wp:attachment":[{"href":"https:\/\/www.infokuryr.cz\/n\/wp-json\/wp\/v2\/media?parent=95925"}],"wp:term":[{"taxonomy":"category","embeddable":true,"href":"https:\/\/www.infokuryr.cz\/n\/wp-json\/wp\/v2\/categories?post=95925"},{"taxonomy":"post_tag","embeddable":true,"href":"https:\/\/www.infokuryr.cz\/n\/wp-json\/wp\/v2\/tags?post=95925"}],"curies":[{"name":"wp","href":"https:\/\/api.w.org\/{rel}","templated":true}]}}