{"id":95921,"date":"2026-01-02T05:20:24","date_gmt":"2026-01-02T04:20:24","guid":{"rendered":"https:\/\/www.infokuryr.cz\/n\/?p=95921"},"modified":"2026-01-02T05:20:24","modified_gmt":"2026-01-02T04:20:24","slug":"nemecko-zasobniky-plynu-jsou-naplneny-pouze-z-57-procent","status":"publish","type":"post","link":"https:\/\/www.infokuryr.cz\/n\/2026\/01\/02\/nemecko-zasobniky-plynu-jsou-naplneny-pouze-z-57-procent\/","title":{"rendered":"N\u011bmecko: Z\u00e1sobn\u00edky plynu jsou napln\u011bny pouze z 57 procent"},"content":{"rendered":"<div id=\"fb-root\"><\/div>\n<p><strong><span dir=\"auto\">Z\u00e1sobn\u00edky plynu v Evrop\u011b se v n\u011bkter\u00fdch oblastech rychle vyprazd\u0148uj\u00ed. V N\u011bmecku je \u00farove\u0148 napln\u011bn\u00ed (k 30. prosinci) pouze kolem 57 procent a v Rakousku je to asi 64 procent. O rok d\u0159\u00edve to bylo 80, respektive 78,5 procenta. Dlouh\u00e1 a chladn\u00e1 zima by mohla v\u00e9st k nedostatku, proto\u017ee dod\u00e1vky LNG sotva budou schopny uspokojit popt\u00e1vku.<\/span><\/strong><\/p>\n<p><span dir=\"auto\">Evropsk\u00e9 z\u00e1sobn\u00edky plynu se kv\u016fli chladn\u00e9mu po\u010das\u00ed rychle vyprazd\u0148uj\u00ed. Zat\u00edmco prob\u00edhaj\u00edc\u00ed deindustrializace N\u011bmecka tak\u00e9 zp\u016fsobuje pokles popt\u00e1vky v jednotliv\u00fdch odv\u011btv\u00edch, skute\u010dnost, \u017ee v\u011btrn\u00e1 a sol\u00e1rn\u00ed energie v zim\u011b nevyr\u00e1b\u00ed t\u00e9m\u011b\u0159 \u017e\u00e1dnou elekt\u0159inu, znamen\u00e1, \u017ee plynov\u00e9 elektr\u00e1rny mus\u00ed zasahovat \u010dast\u011bji. Z\u00e1sobn\u00edky plynu v\u0161ak byly na za\u010d\u00e1tku topn\u00e9 sez\u00f3ny ji\u017e m\u00e9n\u011b pln\u00e9, proto\u017ee nedostatek dostate\u010dn\u00e9ho mno\u017estv\u00ed plynu z plynovod\u016f \u010dinil skladov\u00e1n\u00ed bez sez\u00f3nn\u00edch cenov\u00fdch v\u00fdkyv\u016f nerentabiln\u00edm. Spole\u010dnost Uniper\u00a0<\/span><a href=\"https:\/\/report24.news\/uniper-will-gasspeicher-schliessen-es-lohnt-sich-nicht-mehr\/\"><span dir=\"auto\">teprve v \u0159\u00edjnu<\/span><\/a><span dir=\"auto\"> ozn\u00e1mila , \u017ee kv\u016fli n\u00edzk\u00e9 ziskovosti hodl\u00e1 uzav\u0159\u00edt velk\u00fd z\u00e1sobn\u00edk plynu.<\/span><\/p>\n<figure class=\"wp-block-embed is-type-rich is-provider-twitter wp-block-embed-twitter\">\n<div class=\"wp-block-embed__wrapper\">\n<div class=\"twitter-tweet twitter-tweet-rendered\"><iframe id=\"twitter-widget-0\" class=\"\" title=\"X P\u0159\u00edsp\u011bvek\" src=\"https:\/\/platform.twitter.com\/embed\/Tweet.html?dnt=true&amp;embedId=twitter-widget-0&amp;features=eyJ0ZndfdGltZWxpbmVfbGlzdCI6eyJidWNrZXQiOltdLCJ2ZXJzaW9uIjpudWxsfSwidGZ3X2ZvbGxvd2VyX2NvdW50X3N1bnNldCI6eyJidWNrZXQiOnRydWUsInZlcnNpb24iOm51bGx9LCJ0ZndfdHdlZXRfZWRpdF9iYWNrZW5kIjp7ImJ1Y2tldCI6Im9uIiwidmVyc2lvbiI6bnVsbH0sInRmd19yZWZzcmNfc2Vzc2lvbiI6eyJidWNrZXQiOiJvbiIsInZlcnNpb24iOm51bGx9LCJ0ZndfZm9zbnJfc29mdF9pbnRlcnZlbnRpb25zX2VuYWJsZWQiOnsiYnVja2V0Ijoib24iLCJ2ZXJzaW9uIjpudWxsfSwidGZ3X21peGVkX21lZGlhXzE1ODk3Ijp7ImJ1Y2tldCI6InRyZWF0bWVudCIsInZlcnNpb24iOm51bGx9LCJ0ZndfZXhwZXJpbWVudHNfY29va2llX2V4cGlyYXRpb24iOnsiYnVja2V0IjoxMjA5NjAwLCJ2ZXJzaW9uIjpudWxsfSwidGZ3X3Nob3dfYmlyZHdhdGNoX3Bpdm90c19lbmFibGVkIjp7ImJ1Y2tldCI6Im9uIiwidmVyc2lvbiI6bnVsbH0sInRmd19kdXBsaWNhdGVfc2NyaWJlc190b19zZXR0aW5ncyI6eyJidWNrZXQiOiJvbiIsInZlcnNpb24iOm51bGx9LCJ0ZndfdXNlX3Byb2ZpbGVfaW1hZ2Vfc2hhcGVfZW5hYmxlZCI6eyJidWNrZXQiOiJvbiIsInZlcnNpb24iOm51bGx9LCJ0ZndfdmlkZW9faGxzX2R5bmFtaWNfbWFuaWZlc3RzXzE1MDgyIjp7ImJ1Y2tldCI6InRydWVfYml0cmF0ZSIsInZlcnNpb24iOm51bGx9LCJ0ZndfbGVnYWN5X3RpbWVsaW5lX3N1bnNldCI6eyJidWNrZXQiOnRydWUsInZlcnNpb24iOm51bGx9LCJ0ZndfdHdlZXRfZWRpdF9mcm9udGVuZCI6eyJidWNrZXQiOiJvbiIsInZlcnNpb24iOm51bGx9fQ%3D%3D&amp;frame=false&amp;hideCard=false&amp;hideThread=false&amp;id=2006237631286239497&amp;lang=cs&amp;origin=https%3A%2F%2Freport24.news%2Fdeutschland-gasspeicher-nur-mehr-zu-57-prozent-gefuellt%2F&amp;sessionId=cc42a5ad6d8bd016a73886f8cde4e6bba81c68e7&amp;theme=light&amp;widgetsVersion=2615f7e52b7e0%3A1702314776716&amp;width=550px\" frameborder=\"0\" scrolling=\"no\" allowfullscreen=\"allowfullscreen\" data-tweet-id=\"2006237631286239497\" data-mce-fragment=\"1\"><\/iframe><\/div>\n<\/div>\n<\/figure>\n<p><span dir=\"auto\">I kdy\u017e pokra\u010duj\u00edc\u00ed dod\u00e1vky zkapaln\u011bn\u00e9ho zemn\u00edho plynu ze zahrani\u010d\u00ed zaji\u0161\u0165uj\u00ed alespo\u0148 ur\u010dit\u00fd stupe\u0148 bezpe\u010dnosti dod\u00e1vek (co\u017e m\u00e1 svou cenu), kapacity jsou v krizi nedostate\u010dn\u00e9. To plat\u00ed zejm\u00e9na v p\u0159\u00edpad\u011b, \u017ee zima z\u016fstane chladn\u00e1 a trv\u00e1 d\u00e9le. \u00darove\u0148\u00a0<\/span><a href=\"https:\/\/agsi.gie.eu\/\"><span dir=\"auto\">napln\u011bn\u00ed<\/span><\/a><span dir=\"auto\">\u00a057 procent nam\u00edsto 80 procent jako p\u0159ed rokem nen\u00ed st\u011b\u017e\u00ed v\u00fdhodn\u00e1. Nav\u00edc situace nen\u00ed o moc lep\u0161\u00ed ani ve v\u011bt\u0161in\u011b ostatn\u00edch zem\u00ed EU.<\/span><\/p>\n<p><span dir=\"auto\">Pokud se n\u011bmeck\u00e9 z\u00e1sobn\u00edky plynu budou nad\u00e1le vyprazd\u0148ovat sou\u010dasn\u00fdm tempem, z\u016fstane k 1. \u00fanoru nedot\u010dena z\u00e1konem stanoven\u00e1 minim\u00e1ln\u00ed \u00farove\u0148 napln\u011bn\u00ed 30 procent (v celost\u00e1tn\u00edm m\u011b\u0159\u00edtku). Pot\u00e9 by se mohla pohybovat kolem 40\u201345 procent. Pokud v\u0161ak p\u0159etrv\u00e1 chladn\u00e9, tmav\u00e9 a bezv\u011btrn\u00e9 podm\u00ednky, vyhl\u00eddky jsou bez\u00fat\u011b\u0161n\u00e9. T\u00edm sp\u00ed\u0161e, pokud chladn\u00e9 po\u010das\u00ed bude pokra\u010dovat a\u017e do dubna.<\/span><\/p>\n<p><img decoding=\"async\" loading=\"lazy\" class=\"alignnone size-full wp-image-1185\" src=\"http:\/\/www.infokuryr.cz\/n\/wp-content\/uploads\/2021\/04\/kuryr-podpis.png\" alt=\"\" width=\"84\" height=\"24\" \/><\/p>\n<p>&nbsp;<\/p>\n","protected":false},"excerpt":{"rendered":"<p>Z\u00e1sobn\u00edky plynu v Evrop\u011b se v n\u011bkter\u00fdch oblastech rychle vyprazd\u0148uj\u00ed. V N\u011bmecku je \u00farove\u0148 napln\u011bn\u00ed&#8230;<\/p>\n","protected":false},"author":2,"featured_media":95922,"comment_status":"closed","ping_status":"closed","sticky":false,"template":"","format":"standard","meta":[],"categories":[7],"tags":[283,84,1008,4123],"_links":{"self":[{"href":"https:\/\/www.infokuryr.cz\/n\/wp-json\/wp\/v2\/posts\/95921"}],"collection":[{"href":"https:\/\/www.infokuryr.cz\/n\/wp-json\/wp\/v2\/posts"}],"about":[{"href":"https:\/\/www.infokuryr.cz\/n\/wp-json\/wp\/v2\/types\/post"}],"author":[{"embeddable":true,"href":"https:\/\/www.infokuryr.cz\/n\/wp-json\/wp\/v2\/users\/2"}],"replies":[{"embeddable":true,"href":"https:\/\/www.infokuryr.cz\/n\/wp-json\/wp\/v2\/comments?post=95921"}],"version-history":[{"count":0,"href":"https:\/\/www.infokuryr.cz\/n\/wp-json\/wp\/v2\/posts\/95921\/revisions"}],"wp:featuredmedia":[{"embeddable":true,"href":"https:\/\/www.infokuryr.cz\/n\/wp-json\/wp\/v2\/media\/95922"}],"wp:attachment":[{"href":"https:\/\/www.infokuryr.cz\/n\/wp-json\/wp\/v2\/media?parent=95921"}],"wp:term":[{"taxonomy":"category","embeddable":true,"href":"https:\/\/www.infokuryr.cz\/n\/wp-json\/wp\/v2\/categories?post=95921"},{"taxonomy":"post_tag","embeddable":true,"href":"https:\/\/www.infokuryr.cz\/n\/wp-json\/wp\/v2\/tags?post=95921"}],"curies":[{"name":"wp","href":"https:\/\/api.w.org\/{rel}","templated":true}]}}