{"id":95914,"date":"2026-01-02T04:55:49","date_gmt":"2026-01-02T03:55:49","guid":{"rendered":"https:\/\/www.infokuryr.cz\/n\/?p=95914"},"modified":"2026-01-02T04:55:49","modified_gmt":"2026-01-02T03:55:49","slug":"cela-pohori-pokryta-solarnimi-farmami-takhle-zelena-cina-je","status":"publish","type":"post","link":"https:\/\/www.infokuryr.cz\/n\/2026\/01\/02\/cela-pohori-pokryta-solarnimi-farmami-takhle-zelena-cina-je\/","title":{"rendered":"Cel\u00e1 poho\u0159\u00ed pokryt\u00e1 sol\u00e1rn\u00edmi farmami: Takhle \u201ezelen\u00e1\u201c \u010c\u00edna je"},"content":{"rendered":"<div id=\"fb-root\"><\/div>\n<p><strong><span dir=\"auto\">V n\u011bkolika \u010d\u00ednsk\u00fdch provinci\u00edch se nejen orn\u00e1 p\u016fda zneu\u017e\u00edv\u00e1 pro sol\u00e1rn\u00ed farmy, ale zastavuj\u00ed se cel\u00e1 poho\u0159\u00ed. P\u0159\u00edroda trp\u00ed t\u00edmto sol\u00e1rn\u00edm \u0161\u00edlenstv\u00edm a negativn\u011b ovliv\u0148uje m\u00edstn\u00ed klima.<\/span><\/strong><\/p>\n<p><span dir=\"auto\">Diverzifikace dod\u00e1vek energie v \u010c\u00edn\u011b, kter\u00e1 zahrnuje nejen nov\u00e9 jadern\u00e9 a uheln\u00e9 elektr\u00e1rny, ale i rozs\u00e1hl\u00e9 sol\u00e1rn\u00ed farmy, se u mnoh\u00fdch setk\u00e1v\u00e1 s nepochopen\u00edm. Z\u00e1b\u011bry z dron\u016f ukazuj\u00ed, jak jsou cel\u00e9 horsk\u00e9 p\u00e1sma pokryty \u010dtvere\u010dn\u00ed kilometr za \u010dtvere\u010dn\u00edm sol\u00e1rn\u00edmi panely, co\u017e m\u00e1 za n\u00e1sledek po\u0161kozen\u00ed rostlinn\u00fdch a \u017eivo\u010di\u0161n\u00fdch stanovi\u0161\u0165.<\/span><\/p>\n<p><span dir=\"auto\">Pro investory je to dobr\u00e1 nab\u00eddka. P\u016fda tam \u2013 na rozd\u00edl od n\u00ed\u017ein \u2013 je extr\u00e9mn\u011b levn\u00e1, proto\u017ee jej\u00ed zem\u011bd\u011blsk\u00e9 vyu\u017eit\u00ed je omezen\u00e9. To znamen\u00e1, \u017ee i\u00a0<\/span><a href=\"https:\/\/report24.news\/selbst-das-kommunistische-china-schafft-subventionen-fuer-wind-und-solarstrom-ab\/\"><span dir=\"auto\">za b\u011b\u017en\u00fdch tr\u017en\u00edch cen a bez dotac\u00ed<\/span><\/a><span dir=\"auto\"> provozovatel\u00e9 st\u00e1le dosahuj\u00ed zisku.<\/span><\/p>\n<h4>VIDEO:<\/h4>\n<p><a href=\"https:\/\/x.com\/escapefrommelos\/status\/1999167355117580343?ref_src=twsrc%5Etfw%7Ctwcamp%5Etweetembed%7Ctwterm%5E1999167355117580343%7Ctwgr%5E3f463d88868c4f942499d1f18c36d41addc7a3ba%7Ctwcon%5Es1_&amp;ref_url=https%3A%2F%2Freport24.news%2Fganze-bergzuege-voller-solarfarmen-so-gruen-ist-china%2F\"><img decoding=\"async\" loading=\"lazy\" class=\"wp-image-95917 aligncenter\" src=\"http:\/\/www.infokuryr.cz\/n\/wp-content\/uploads\/2026\/01\/v2-207x300.jpg\" alt=\"\" width=\"511\" height=\"741\" srcset=\"https:\/\/www.infokuryr.cz\/n\/wp-content\/uploads\/2026\/01\/v2-207x300.jpg 207w, https:\/\/www.infokuryr.cz\/n\/wp-content\/uploads\/2026\/01\/v2.jpg 607w\" sizes=\"(max-width: 511px) 100vw, 511px\" \/><\/a><\/p>\n<p><span dir=\"auto\">Ale co se stane se sol\u00e1rn\u00edmi panely, kdy\u017e je zni\u010d\u00ed bou\u0159e? Co s t\u011b\u017ek\u00fdmi kovy, kter\u00e9 se z nich mohou vyluhovat? Nav\u00edc tak rozs\u00e1hl\u00e9 pokryt\u00ed p\u0159\u00edrodn\u00edch oblast\u00ed t\u011bmito \u010dern\u00fdmi sklen\u011bn\u00fdmi panely zp\u016fsobuje lok\u00e1ln\u00ed klimatick\u00e9 zm\u011bny. Vede nap\u0159\u00edklad ke zv\u00fd\u0161en\u00e9mu povrchov\u00e9mu oh\u0159evu, co\u017e tak\u00e9 podporuje tvorbu vzduchov\u00fdch proud\u016f, ke kter\u00fdm by jinak nedo\u0161lo. Ale koho to zaj\u00edm\u00e1, kdy\u017e jde o \u00fadajnou \u201ez\u00e1chranu klimatu\u201c?<\/span><\/p>\n<p><img decoding=\"async\" loading=\"lazy\" class=\"alignnone size-full wp-image-1185\" src=\"http:\/\/www.infokuryr.cz\/n\/wp-content\/uploads\/2021\/04\/kuryr-podpis.png\" alt=\"\" width=\"84\" height=\"24\" \/><\/p>\n<p>&nbsp;<\/p>\n","protected":false},"excerpt":{"rendered":"<p>V n\u011bkolika \u010d\u00ednsk\u00fdch provinci\u00edch se nejen orn\u00e1 p\u016fda zneu\u017e\u00edv\u00e1 pro sol\u00e1rn\u00ed farmy, ale zastavuj\u00ed se&#8230;<\/p>\n","protected":false},"author":2,"featured_media":95915,"comment_status":"closed","ping_status":"closed","sticky":false,"template":"","format":"standard","meta":[],"categories":[7],"tags":[30,67,873,6402],"_links":{"self":[{"href":"https:\/\/www.infokuryr.cz\/n\/wp-json\/wp\/v2\/posts\/95914"}],"collection":[{"href":"https:\/\/www.infokuryr.cz\/n\/wp-json\/wp\/v2\/posts"}],"about":[{"href":"https:\/\/www.infokuryr.cz\/n\/wp-json\/wp\/v2\/types\/post"}],"author":[{"embeddable":true,"href":"https:\/\/www.infokuryr.cz\/n\/wp-json\/wp\/v2\/users\/2"}],"replies":[{"embeddable":true,"href":"https:\/\/www.infokuryr.cz\/n\/wp-json\/wp\/v2\/comments?post=95914"}],"version-history":[{"count":0,"href":"https:\/\/www.infokuryr.cz\/n\/wp-json\/wp\/v2\/posts\/95914\/revisions"}],"wp:featuredmedia":[{"embeddable":true,"href":"https:\/\/www.infokuryr.cz\/n\/wp-json\/wp\/v2\/media\/95915"}],"wp:attachment":[{"href":"https:\/\/www.infokuryr.cz\/n\/wp-json\/wp\/v2\/media?parent=95914"}],"wp:term":[{"taxonomy":"category","embeddable":true,"href":"https:\/\/www.infokuryr.cz\/n\/wp-json\/wp\/v2\/categories?post=95914"},{"taxonomy":"post_tag","embeddable":true,"href":"https:\/\/www.infokuryr.cz\/n\/wp-json\/wp\/v2\/tags?post=95914"}],"curies":[{"name":"wp","href":"https:\/\/api.w.org\/{rel}","templated":true}]}}