{"id":95907,"date":"2026-01-02T04:46:47","date_gmt":"2026-01-02T03:46:47","guid":{"rendered":"https:\/\/www.infokuryr.cz\/n\/?p=95907"},"modified":"2026-01-02T04:46:47","modified_gmt":"2026-01-02T03:46:47","slug":"iran-celi-nejhorsim-nepokojum-od-roku-2022","status":"publish","type":"post","link":"https:\/\/www.infokuryr.cz\/n\/2026\/01\/02\/iran-celi-nejhorsim-nepokojum-od-roku-2022\/","title":{"rendered":"\u00cdr\u00e1n \u010del\u00ed nejhor\u0161\u00edm nepokoj\u016fm od roku 2022"},"content":{"rendered":"<div id=\"fb-root\"><\/div>\n<h3>Masov\u00e9 protesty vyvolan\u00e9 ekonomickou kriz\u00ed jsou otev\u0159en\u011b podporov\u00e1ny izraelsk\u00fdmi tajn\u00fdmi slu\u017ebami<\/h3>\n<p><span dir=\"auto\">\u00cdr\u00e1n zas\u00e1hla vlna masov\u00fdch protest\u016f vyvolan\u00fdch p\u0159etrv\u00e1vaj\u00edc\u00ed hospod\u00e1\u0159skou kriz\u00ed a extr\u00e9mn\u00ed volatilitou n\u00e1rodn\u00ed m\u011bny. Nepokoje schvalovala izraelsk\u00e1 tajn\u00e1 slu\u017eba Mosad, kter\u00e1 tvrdila, \u017ee m\u00e1 mezi protestuj\u00edc\u00edmi agenty.<\/span><\/p>\n<p><span dir=\"auto\">Ud\u00e1losti za\u010daly o v\u00edkendu, kdy teher\u00e1n\u0161t\u00ed obchodn\u00edci zah\u00e1jili st\u00e1vku pot\u00e9, co kurz rialu klesl na rekordn\u011b n\u00edzkou \u00farove\u0148, zhruba 1,44 milionu za dolar, oproti 860 000 p\u0159ed rokem. To vedlo \u00fa\u0159edn\u00edky k uzn\u00e1n\u00ed ekonomick\u00fdch probl\u00e9m\u016f a z\u00e1rove\u0148 k slibu\u00a0<\/span><em><span dir=\"auto\">\u201erozhodn\u00e9 reakce\u201c<\/span><\/em><span dir=\"auto\">\u00a0na destabilizaci.<\/span><\/p>\n<p><span dir=\"auto\">\u00cdr\u00e1nsk\u00fd \u00fahlavn\u00ed rival Izrael otev\u0159en\u011b podporoval nepokoje. \u0160pion\u00e1\u017en\u00ed agentura Mosad na sv\u00e9m \u00fa\u010dtu X v per\u0161tin\u011b protestuj\u00edc\u00edm fand\u00ed a tvrd\u00ed, \u017ee jej\u00ed agenti jsou zako\u0159en\u011bni v protestuj\u00edc\u00edch davech.\u00a0<\/span><em><span dir=\"auto\">\u201eVyjd\u011bte spole\u010dn\u011b do ulic. Nastal \u010das. Jsme s v\u00e1mi,\u201c<\/span><\/em><span dir=\"auto\">\u00a0napsal Mosad.\u00a0<\/span><em><span dir=\"auto\">\u201eNejen na d\u00e1lku nebo slovy. Jsme s v\u00e1mi i na m\u00edst\u011b.\u201c<\/span><\/em><\/p>\n<p><span dir=\"auto\">Nepokoje se okam\u017eit\u011b roz\u0161\u00ed\u0159ily do n\u011bkolika m\u011bst po cel\u00e9 zemi a staly se tak\u00e9 politick\u00fdmi, p\u0159i\u010dem\u017e n\u011bkte\u0159\u00ed demonstranti po\u017eadovali obnoven\u00ed monarchie, kter\u00e1 byla svr\u017eena isl\u00e1mskou revoluc\u00ed v roce 1979.\u00a0\u00a0<\/span><\/p>\n<h4>VIDEO:<\/h4>\n<div class=\"rtcode\">\n<div class=\"twitter-tweet twitter-tweet-rendered\"><iframe id=\"twitter-widget-0\" class=\"\" title=\"X P\u0159\u00edsp\u011bvek\" src=\"https:\/\/platform.twitter.com\/embed\/Tweet.html?creatorScreenName=RT_com&amp;dnt=false&amp;embedId=twitter-widget-0&amp;features=eyJ0ZndfdGltZWxpbmVfbGlzdCI6eyJidWNrZXQiOltdLCJ2ZXJzaW9uIjpudWxsfSwidGZ3X2ZvbGxvd2VyX2NvdW50X3N1bnNldCI6eyJidWNrZXQiOnRydWUsInZlcnNpb24iOm51bGx9LCJ0ZndfdHdlZXRfZWRpdF9iYWNrZW5kIjp7ImJ1Y2tldCI6Im9uIiwidmVyc2lvbiI6bnVsbH0sInRmd19yZWZzcmNfc2Vzc2lvbiI6eyJidWNrZXQiOiJvbiIsInZlcnNpb24iOm51bGx9LCJ0ZndfZm9zbnJfc29mdF9pbnRlcnZlbnRpb25zX2VuYWJsZWQiOnsiYnVja2V0Ijoib24iLCJ2ZXJzaW9uIjpudWxsfSwidGZ3X21peGVkX21lZGlhXzE1ODk3Ijp7ImJ1Y2tldCI6InRyZWF0bWVudCIsInZlcnNpb24iOm51bGx9LCJ0ZndfZXhwZXJpbWVudHNfY29va2llX2V4cGlyYXRpb24iOnsiYnVja2V0IjoxMjA5NjAwLCJ2ZXJzaW9uIjpudWxsfSwidGZ3X3Nob3dfYmlyZHdhdGNoX3Bpdm90c19lbmFibGVkIjp7ImJ1Y2tldCI6Im9uIiwidmVyc2lvbiI6bnVsbH0sInRmd19kdXBsaWNhdGVfc2NyaWJlc190b19zZXR0aW5ncyI6eyJidWNrZXQiOiJvbiIsInZlcnNpb24iOm51bGx9LCJ0ZndfdXNlX3Byb2ZpbGVfaW1hZ2Vfc2hhcGVfZW5hYmxlZCI6eyJidWNrZXQiOiJvbiIsInZlcnNpb24iOm51bGx9LCJ0ZndfdmlkZW9faGxzX2R5bmFtaWNfbWFuaWZlc3RzXzE1MDgyIjp7ImJ1Y2tldCI6InRydWVfYml0cmF0ZSIsInZlcnNpb24iOm51bGx9LCJ0ZndfbGVnYWN5X3RpbWVsaW5lX3N1bnNldCI6eyJidWNrZXQiOnRydWUsInZlcnNpb24iOm51bGx9LCJ0ZndfdHdlZXRfZWRpdF9mcm9udGVuZCI6eyJidWNrZXQiOiJvbiIsInZlcnNpb24iOm51bGx9fQ%3D%3D&amp;frame=false&amp;hideCard=false&amp;hideThread=false&amp;id=2005650195510673605&amp;lang=cs&amp;maxWidth=560px&amp;origin=https%3A%2F%2Fwww.rt.com%2Fnews%2F630298-iran-currency-drop-unrest%2F&amp;sessionId=462ca5b9a957cce2cd6d4acd767dce6c4a7ad349&amp;siteScreenName=RT_com&amp;theme=light&amp;widgetsVersion=2615f7e52b7e0%3A1702314776716&amp;width=550px\" frameborder=\"0\" scrolling=\"no\" allowfullscreen=\"allowfullscreen\" data-tweet-id=\"2005650195510673605\" data-mce-fragment=\"1\"><\/iframe><\/div>\n<\/div>\n<p><span dir=\"auto\">Protesty se na n\u011bkolika m\u00edstech zvrhly v n\u00e1siln\u00e9, jak nazna\u010duj\u00ed nepotvrzen\u00e9 z\u00e1b\u011bry koluj\u00edc\u00ed na internetu. Protestuj\u00edc\u00ed byli vid\u011bni, jak \u00fato\u010d\u00ed na vl\u00e1dn\u00ed budovy a za\u0159\u00edzen\u00ed spojen\u00e1 s elitn\u00edmi \u00edr\u00e1nsk\u00fdmi Isl\u00e1msk\u00fdmi revolu\u010dn\u00edmi gardami (IRGC) a zapaluj\u00ed je.\u00a0\u00a0<\/span><\/p>\n<p><span dir=\"auto\">V severoz\u00e1padn\u00edm \u00edr\u00e1nsk\u00e9m m\u011bst\u011b \u010cenare byla \u00fadajn\u011b zap\u00e1lena z\u00e1kladna Bas\u00edd\u017e, polovojensk\u00e9 milice v r\u00e1mci IRGC. Neov\u011b\u0159en\u00e9 z\u00e1b\u011bry koluj\u00edc\u00ed na internetu ukazuj\u00ed, jak do prostor z\u00e1kladny vnikl velk\u00fd dav a uvnit\u0159 budovy byly vid\u011bt otev\u0159en\u00e9 plameny.<\/span><\/p>\n<div style=\"width: 640px;\" class=\"wp-video\"><!--[if lt IE 9]><script>document.createElement('video');<\/script><![endif]-->\n<video class=\"wp-video-shortcode\" id=\"video-95907-1\" width=\"640\" height=\"360\" preload=\"metadata\" controls=\"controls\"><source type=\"video\/mp4\" src=\"http:\/\/www.infokuryr.cz\/n\/wp-content\/uploads\/2026\/01\/ir1.mp4?_=1\" \/><a href=\"http:\/\/www.infokuryr.cz\/n\/wp-content\/uploads\/2026\/01\/ir1.mp4\">http:\/\/www.infokuryr.cz\/n\/wp-content\/uploads\/2026\/01\/ir1.mp4<\/a><\/video><\/div>\n<p>&nbsp;<\/p>\n<p>Dal\u0161\u00ed video, o kter\u00e9m se p\u0159edpokl\u00e1d\u00e1, \u017ee bylo nato\u010deno v z\u00e1pado\u00edr\u00e1nsk\u00e9m m\u011bst\u011b Anza, \u00fadajn\u011b ukazuje velk\u00fd dav protestuj\u00edc\u00edch, jak zapaluj\u00ed m\u00edstn\u00ed za\u0159\u00edzen\u00ed IRGC, ani\u017e by byly nikde vid\u011bt bezpe\u010dnostn\u00ed s\u00edly.<\/p>\n<div style=\"width: 640px;\" class=\"wp-video\"><video class=\"wp-video-shortcode\" id=\"video-95907-2\" width=\"640\" height=\"352\" preload=\"metadata\" controls=\"controls\"><source type=\"video\/mp4\" src=\"http:\/\/www.infokuryr.cz\/n\/wp-content\/uploads\/2026\/01\/ir2.mp4?_=2\" \/><a href=\"http:\/\/www.infokuryr.cz\/n\/wp-content\/uploads\/2026\/01\/ir2.mp4\">http:\/\/www.infokuryr.cz\/n\/wp-content\/uploads\/2026\/01\/ir2.mp4<\/a><\/video><\/div>\n<p>&nbsp;<\/p>\n<p>Video ze z\u00e1padn\u00edho m\u011bsta Nahavand ukazuje \u010dern\u011b od\u011bn\u00e9 osoby, pravd\u011bpodobn\u011b p\u0159\u00edslu\u0161n\u00edky bezpe\u010dnostn\u00edch slo\u017eek, jak st\u0159\u00edl\u00ed a \u00fato\u010d\u00ed na neviditelnou skupinu, zat\u00edmco civilist\u00e9 je podporuj\u00ed h\u00e1zen\u00edm kamen\u016f.<\/p>\n<div style=\"width: 352px;\" class=\"wp-video\"><video class=\"wp-video-shortcode\" id=\"video-95907-3\" width=\"352\" height=\"640\" preload=\"metadata\" controls=\"controls\"><source type=\"video\/mp4\" src=\"http:\/\/www.infokuryr.cz\/n\/wp-content\/uploads\/2026\/01\/ir3.mp4?_=3\" \/><a href=\"http:\/\/www.infokuryr.cz\/n\/wp-content\/uploads\/2026\/01\/ir3.mp4\">http:\/\/www.infokuryr.cz\/n\/wp-content\/uploads\/2026\/01\/ir3.mp4<\/a><\/video><\/div>\n<p>&nbsp;<\/p>\n<p>Byly hl\u00e1\u0161eny \u00famrt\u00ed a zran\u011bn\u00ed jak mezi protestuj\u00edc\u00edmi, tak mezi bezpe\u010dnostn\u00edmi silami. Protesty jsou nejhor\u0161\u00ed od nepokoj\u016f v roce 2022, kter\u00e9 vyvolala smrt Mahsy Aminiov\u00e9, 22let\u00e9 d\u00edvky obvin\u011bn\u00e9 z nevhodn\u00e9ho no\u0161en\u00ed hid\u017e\u00e1bu, v policejn\u00ed vazb\u011b. Vyvolaly t\u00fddny n\u00e1siln\u00fdch nepokoj\u016f, kter\u00e9 si vy\u017e\u00e1daly v\u00edce ne\u017e 200 \u00famrt\u00ed po cel\u00e9 zemi a tis\u00edce zat\u010den\u00ed.<\/p>\n<p><img decoding=\"async\" loading=\"lazy\" class=\"alignnone size-full wp-image-1185\" src=\"http:\/\/www.infokuryr.cz\/n\/wp-content\/uploads\/2021\/04\/kuryr-podpis.png\" alt=\"\" width=\"84\" height=\"24\" \/><\/p>\n<p>&nbsp;<\/p>\n<p>&nbsp;<\/p>\n","protected":false},"excerpt":{"rendered":"<p>Masov\u00e9 protesty vyvolan\u00e9 ekonomickou kriz\u00ed jsou otev\u0159en\u011b podporov\u00e1ny izraelsk\u00fdmi tajn\u00fdmi slu\u017ebami \u00cdr\u00e1n zas\u00e1hla vlna masov\u00fdch&#8230;<\/p>\n","protected":false},"author":2,"featured_media":95911,"comment_status":"closed","ping_status":"closed","sticky":false,"template":"","format":"standard","meta":[],"categories":[7],"tags":[38,107,3227,95,5135],"_links":{"self":[{"href":"https:\/\/www.infokuryr.cz\/n\/wp-json\/wp\/v2\/posts\/95907"}],"collection":[{"href":"https:\/\/www.infokuryr.cz\/n\/wp-json\/wp\/v2\/posts"}],"about":[{"href":"https:\/\/www.infokuryr.cz\/n\/wp-json\/wp\/v2\/types\/post"}],"author":[{"embeddable":true,"href":"https:\/\/www.infokuryr.cz\/n\/wp-json\/wp\/v2\/users\/2"}],"replies":[{"embeddable":true,"href":"https:\/\/www.infokuryr.cz\/n\/wp-json\/wp\/v2\/comments?post=95907"}],"version-history":[{"count":0,"href":"https:\/\/www.infokuryr.cz\/n\/wp-json\/wp\/v2\/posts\/95907\/revisions"}],"wp:featuredmedia":[{"embeddable":true,"href":"https:\/\/www.infokuryr.cz\/n\/wp-json\/wp\/v2\/media\/95911"}],"wp:attachment":[{"href":"https:\/\/www.infokuryr.cz\/n\/wp-json\/wp\/v2\/media?parent=95907"}],"wp:term":[{"taxonomy":"category","embeddable":true,"href":"https:\/\/www.infokuryr.cz\/n\/wp-json\/wp\/v2\/categories?post=95907"},{"taxonomy":"post_tag","embeddable":true,"href":"https:\/\/www.infokuryr.cz\/n\/wp-json\/wp\/v2\/tags?post=95907"}],"curies":[{"name":"wp","href":"https:\/\/api.w.org\/{rel}","templated":true}]}}