{"id":95898,"date":"2026-01-02T04:17:48","date_gmt":"2026-01-02T03:17:48","guid":{"rendered":"https:\/\/www.infokuryr.cz\/n\/?p=95898"},"modified":"2026-01-02T04:17:48","modified_gmt":"2026-01-02T03:17:48","slug":"jiri-vyvadil-hur-uz-bylo","status":"publish","type":"post","link":"https:\/\/www.infokuryr.cz\/n\/2026\/01\/02\/jiri-vyvadil-hur-uz-bylo\/","title":{"rendered":"Ji\u0159\u00ed Vyvadil: H\u016f\u0159 u\u017e bylo\u2026"},"content":{"rendered":"<div id=\"fb-root\"><\/div>\n<p><strong>\u2026te\u010f by mohlo u\u017e b\u00fdt na chv\u00edli jen l\u00edp\u2026 v \u010cesku i ve sv\u011bt\u011b.<\/strong><\/p>\n<p style=\"font-weight: 400;\">Nov\u00fd rok je v\u017edy d\u016fvodem k\u00a0zamy\u0161len\u00ed. Ka\u017ed\u00fd z\u00a0n\u00e1s se logicky zamysl\u00ed nad sv\u00fdm osobn\u00edm \u017eivotem a ne nadarmo je na prvn\u00edm m\u00edst\u011b zdrav\u00ed. A cht\u011b necht\u011b se v\u00a0dal\u0161\u00edm rozj\u00edm\u00e1n\u00ed obrac\u00edme ke spole\u010dnosti, ve kter\u00e9 \u017eijeme a ke sv\u011btu, kter\u00fd ji spoluur\u010duje.<\/p>\n<p style=\"font-weight: 400;\">V\u00a0tomto smyslu ta rozhoduj\u00edc\u00ed v\u011bt\u0161ina, kter\u00e1 jist\u011b neodpov\u00edd\u00e1 Pavlov\u011b definici v\u00fdzna\u010dn\u00e9 \u010d\u00e1sti spole\u010dnosti, tedy t\u00e9 \u010d\u00e1sti, kter\u00e1 sn\u00ed o v\u00edt\u011bzstv\u00ed Ukrajiny, podporuje bruselsk\u00fd re\u017eim, nen\u00e1vid\u00ed Babi\u0161e i Turka, kter\u00e1 v\u00a0\u0159\u00edjnu prohr\u00e1la volby a smetla po \u010dty\u0159ech letech\u00a0\u00a0nen\u00e1vid\u011bnou Fialovu vl\u00e1du m\u00e1 p\u0159ed sebou vcelku sympatick\u00e9 vyhl\u00eddky.<\/p>\n<p style=\"font-weight: 400;\">V\u00a0Americe zv\u00edt\u011bzil d\u00e1bel Donald Trump, kter\u00fd jist\u011b nen\u00ed ide\u00e1ln\u00ed, ale minim\u00e1ln\u011b je jasn\u00e9, \u017ee chce za ka\u017edou cenu ukon\u010dit konflikt na Ukrajin\u011b a i kdy\u017e p\u0159i tom \u010dasto d\u011bl\u00e1 boty a je schopen prakticky obden zm\u011bnit svou r\u00e9toriku, jeden den chv\u00e1lit Zelensk\u00e9ho a kritizovat jej za bombardov\u00e1n\u00ed Putinova s\u00eddla, aby dal\u0161\u00ed den naopak Putina ost\u0159e kritizoval, \u017ee jde o v\u00fdmysl.<\/p>\n<p style=\"font-weight: 400;\">Chrl\u00ed tak\u00e9 proud sankc\u00ed, kdy chv\u00edli vyhl\u00e1s\u00ed drastick\u00e1 cla proti Indii a \u010c\u00edn\u011b, \u017ee odeb\u00edraj\u00ed ropu a plyn z\u00a0Ruska, aby zanedlouho zjistil, \u017ee nen\u00ed schopen tyto dv\u011b asijsk\u00e9 velmoce donutit k\u00a0povolnosti.<\/p>\n<p style=\"font-weight: 400;\">To hlavn\u00ed a nejd\u016fle\u017eit\u011bj\u0161\u00ed ov\u0161em plat\u00ed. Na rozd\u00edl od Bidenovy administrativy, kter\u00e1 sv\u00fdmi hrub\u00fdmi chybami a odm\u00edtnut\u00edm agresivn\u00edho roz\u0161i\u0159ov\u00e1n\u00ed NATO k\u00a0hranic\u00edm Ruska a podpo\u0159e Ukrajiny coby n\u00e1stroje por\u00e1\u017eky Ruska coby nep\u0159\u00edtele Z\u00e1padu zavelel k\u00a0p\u0159ijet\u00ed strategick\u00e9\u00a0\u00a0stability s\u00a0Ruskem\u2026<\/p>\n<p style=\"font-weight: 400;\">V\u011bci se rozhodn\u011b posouvaj\u00ed k\u00a0lep\u0161\u00edmu, i kdy\u017e si p\u0159esta\u0148me d\u011blat iluze, \u017ee zm\u011bna nastane ihned.<\/p>\n<p><img decoding=\"async\" loading=\"lazy\" class=\"wp-image-94843 aligncenter\" src=\"http:\/\/www.infokuryr.cz\/n\/wp-content\/uploads\/2025\/12\/popelka-hrad-300x141.jpg\" alt=\"\" width=\"1140\" height=\"536\" srcset=\"https:\/\/www.infokuryr.cz\/n\/wp-content\/uploads\/2025\/12\/popelka-hrad-300x141.jpg 300w, https:\/\/www.infokuryr.cz\/n\/wp-content\/uploads\/2025\/12\/popelka-hrad-768x360.jpg 768w, https:\/\/www.infokuryr.cz\/n\/wp-content\/uploads\/2025\/12\/popelka-hrad.jpg 977w\" sizes=\"(max-width: 1140px) 100vw, 1140px\" \/><\/p>\n<p style=\"font-weight: 400;\">Mnohem v\u011bt\u0161\u00ed v\u00fdznam m\u00e1, alespo\u0148 pro kritiky sou\u010dasn\u00e9 v\u00e1lkychtiv\u00e9 EU, drasticky potla\u010duj\u00edc\u00ed svobodu projevu, \u017ee on a jeho lid\u00e9 nev\u00e1haj\u00ed otev\u0159en\u011b sv\u011bt Ursuly von der Leyen a Kaji Kallas\u00a0\u00a0kritizovat a podporovat realistickou a nez\u00e1vislou podporu alternativn\u00edch stran, kdy nesporn\u011b Babi\u0161ova trojkoalice bude m\u00edt zelenou.<\/p>\n<p style=\"font-weight: 400;\">A t\u00edm se dost\u00e1v\u00e1me k\u00a0tomu nejd\u016fle\u017eit\u011bj\u0161\u00edmu.<\/p>\n<p style=\"font-weight: 400;\">Nov\u00e1 trojkoalice teprve za\u010dne po\u0159\u00e1dn\u011b pracovat.<\/p>\n<p style=\"font-weight: 400;\">M\u016f\u017eeme m\u00edt v\u00fdhrady, a jist\u011b i m\u00e1me, nap\u0159\u00edklad k po\u010d\u00e1te\u010dn\u00edm proukrajinsk\u00fdm v\u00fdlev\u016fm ministra obrany Z\u016fny, jim\u017e aplaudovaly v\u00e1le\u010dn\u00ed \u0161tv\u00e1\u010di typu \u010cernochov\u00e9 a spol., ale je povzbudiv\u00e9 \u017ee si \u0161\u00e9fov\u00e9 SPD si zbloudil\u00e9ho ministra rychle dovedly zpacifikovat.<\/p>\n<p style=\"font-weight: 400;\">Klacky samoz\u0159ejm\u011b bude Babi\u0161ovi a spol. h\u00e1zet\u00a0\u00a0pod nohy v\u00e1le\u010dnick\u00fd prezident Petr Pavel, pro n\u011bho\u017e je v\u00e1lka proti Rusku t\u00edm nejkr\u00e1sn\u011bj\u0161\u00edm c\u00edlem.<\/p>\n<p style=\"font-weight: 400;\">Bohud\u00edk Babi\u0161 a\u00a0\u00a0cel\u00e1 trojkoalice je jasn\u011b protiv\u00e1le\u010dn\u00e1.<\/p>\n<p style=\"font-weight: 400;\">Andrej Babi\u0161 na soci\u00e1ln\u00edch s\u00edt\u00edch v\u010dera vyslovil sv\u00e9 p\u0159esv\u011bd\u010den\u00ed, \u017ee\u00a0\u00a0leto\u0161ek bude rokem m\u00edru. \u0160\u00e9f hnut\u00ed ANO tak\u00e9 ost\u0159e tak\u00e9\u00a0\u00a0odsoudil\u00a0\u00a0kdy\u017e politici stra\u0161\u00ed v\u00e1lkou.<\/p>\n<p style=\"font-weight: 400;\">\u201eM\u00edsto hled\u00e1n\u00ed cest k\u00a0uklidn\u011bn\u00ed sly\u0161\u00edme st\u00e1le \u010dast\u011bji \u0159e\u010di o\u00a0tom, \u017ee v\u00e1lka je nevyhnuteln\u00e1, \u017ee p\u0159ijde za dva nebo t\u0159i roky. To nen\u00ed odpov\u011bdn\u00e1 politika. Politici nemaj\u00ed stra\u0161it v\u00e1lkou, jejich odpov\u011bdnost\u00ed je, aby v\u00e1lky skon\u010dily,\u201c<\/p>\n<p style=\"font-weight: 400;\">\u201eP\u0159eji si, aby byl rok 2026\u00a0rokem m\u00edru, a\u00a0j\u00e1 v\u011b\u0159\u00edm, \u017ee bude,\u201c prohl\u00e1sil Babi\u0161.<\/p>\n<p style=\"font-weight: 400;\">\u201eOdm\u00edt\u00e1m tezi, \u017ee m\u00edr je slabost, dodal<\/p>\n<p style=\"font-weight: 400;\">Babi\u0161 tak\u00e9 \u0159ekl, \u017ee by si p\u0159\u00e1l, aby byl leto\u0161n\u00ed rok rokem hrdosti. Aby lid\u00e9 byli hrd\u00ed na to, \u017ee jsou ob\u010dan\u00e9 \u010cesk\u00e9 republiky, a\u00a0neb\u00e1li se d\u00e1t najevo, \u017ee jim na zemi z\u00e1le\u017e\u00ed. \u010cesk\u00fd n\u00e1rod byl podle Babi\u0161e v\u017edy pracovit\u00fd, \u0161ikovn\u00fd a\u00a0odoln\u00fd. Spoustu v\u011bdc\u016f, l\u00e9ka\u0159\u016f, sportovc\u016f, um\u011blc\u016f, vyn\u00e1lezc\u016f, program\u00e1tor\u016f, \u017eivnostn\u00edk\u016f, firem a\u00a0podnikatel\u016f podle n\u011bj \u010cesku z\u00e1vid\u00ed cel\u00fd sv\u011bt.<\/p>\n<p style=\"font-weight: 400;\">Podle Babi\u0161e ud\u011bl\u00e1 vl\u00e1da v\u0161echno pro to, aby se rozd\u011blen\u00e1 spole\u010dnost za\u010dala sjednocovat, hlavn\u011b v\u00a0ot\u00e1zce hrdosti a\u00a0vlastenectv\u00ed. C\u00edlem kabinetu ANO, SPD a\u00a0Motorist\u016f podle n\u011bj je, aby se \u010cesko stalo zem\u00ed, kde m\u00e1 smysl pracovat, podnikat nebo zakl\u00e1dat rodiny.<\/p>\n<p style=\"font-weight: 400;\">I Tomio Okamura se p\u0159idal a prohl\u00e1sil,\u00a0\u00a0\u017ee je nutn\u00e9 p\u0159estat dod\u00e1vat Ukrajin\u011b zbran\u011b.<\/p>\n<p style=\"font-weight: 400;\">Co v\u00edce si p\u0159\u00e1tel\u00e9 p\u0159\u00e1t? M\u016f\u017eeme m\u00edt nejlep\u0161\u00ed mo\u017enou vl\u00e1du, jakou jsme si zvolili.<\/p>\n<p style=\"font-weight: 400;\">A drobn\u00e9 chybi\u010dky se \u010dasem usad\u00ed.<\/p>\n<p><a href=\"https:\/\/vasevec.info\/komentare\/hur-uz-bylo\">Ji\u0159\u00ed Vyvadil<\/a><\/p>\n<p><img decoding=\"async\" loading=\"lazy\" class=\"alignnone size-medium wp-image-16474\" src=\"http:\/\/www.infokuryr.cz\/n\/wp-content\/uploads\/2022\/10\/jiri-vyvadil-300x200.jpg\" alt=\"\" width=\"300\" height=\"200\" srcset=\"https:\/\/www.infokuryr.cz\/n\/wp-content\/uploads\/2022\/10\/jiri-vyvadil-300x200.jpg 300w, https:\/\/www.infokuryr.cz\/n\/wp-content\/uploads\/2022\/10\/jiri-vyvadil-768x512.jpg 768w, https:\/\/www.infokuryr.cz\/n\/wp-content\/uploads\/2022\/10\/jiri-vyvadil.jpg 800w\" sizes=\"(max-width: 300px) 100vw, 300px\" \/><\/p>\n<p>&nbsp;<\/p>\n","protected":false},"excerpt":{"rendered":"<p>\u2026te\u010f by mohlo u\u017e b\u00fdt na chv\u00edli jen l\u00edp\u2026 v \u010cesku i ve sv\u011bt\u011b. Nov\u00fd&#8230;<\/p>\n","protected":false},"author":2,"featured_media":89283,"comment_status":"closed","ping_status":"closed","sticky":false,"template":"","format":"standard","meta":[],"categories":[6],"tags":[1503,122,276],"_links":{"self":[{"href":"https:\/\/www.infokuryr.cz\/n\/wp-json\/wp\/v2\/posts\/95898"}],"collection":[{"href":"https:\/\/www.infokuryr.cz\/n\/wp-json\/wp\/v2\/posts"}],"about":[{"href":"https:\/\/www.infokuryr.cz\/n\/wp-json\/wp\/v2\/types\/post"}],"author":[{"embeddable":true,"href":"https:\/\/www.infokuryr.cz\/n\/wp-json\/wp\/v2\/users\/2"}],"replies":[{"embeddable":true,"href":"https:\/\/www.infokuryr.cz\/n\/wp-json\/wp\/v2\/comments?post=95898"}],"version-history":[{"count":0,"href":"https:\/\/www.infokuryr.cz\/n\/wp-json\/wp\/v2\/posts\/95898\/revisions"}],"wp:featuredmedia":[{"embeddable":true,"href":"https:\/\/www.infokuryr.cz\/n\/wp-json\/wp\/v2\/media\/89283"}],"wp:attachment":[{"href":"https:\/\/www.infokuryr.cz\/n\/wp-json\/wp\/v2\/media?parent=95898"}],"wp:term":[{"taxonomy":"category","embeddable":true,"href":"https:\/\/www.infokuryr.cz\/n\/wp-json\/wp\/v2\/categories?post=95898"},{"taxonomy":"post_tag","embeddable":true,"href":"https:\/\/www.infokuryr.cz\/n\/wp-json\/wp\/v2\/tags?post=95898"}],"curies":[{"name":"wp","href":"https:\/\/api.w.org\/{rel}","templated":true}]}}