{"id":95894,"date":"2026-01-02T04:11:46","date_gmt":"2026-01-02T03:11:46","guid":{"rendered":"https:\/\/www.infokuryr.cz\/n\/?p=95894"},"modified":"2026-01-02T04:11:46","modified_gmt":"2026-01-02T03:11:46","slug":"moskva-kritizuje-mlceni-zapadu-ohledne-silvestrovskeho-masakru-na-ukrajine","status":"publish","type":"post","link":"https:\/\/www.infokuryr.cz\/n\/2026\/01\/02\/moskva-kritizuje-mlceni-zapadu-ohledne-silvestrovskeho-masakru-na-ukrajine\/","title":{"rendered":"Moskva kritizuje ml\u010den\u00ed Z\u00e1padu ohledn\u011b Silvestrovsk\u00e9ho masakru na Ukrajin\u011b"},"content":{"rendered":"<div id=\"fb-root\"><\/div>\n<h3>Rusk\u00e1 mise OSN v \u017denev\u011b uvedla, \u017ee ignorov\u00e1n\u00ed kyjevsk\u00e9ho \u201eterorismu\u201c se rovn\u00e1 \u201eotev\u0159en\u00e9 spolu\u00fa\u010dasti\u201c<\/h3>\n<p><span dir=\"auto\">Rusko odsoudilo absenci reakce z\u00e1padn\u00edch zem\u00ed po smrt\u00edc\u00edm \u00fatoku ukrajinsk\u00e9ho dronu na civilisty oslavuj\u00edc\u00ed Silvestra v Chersonsk\u00e9 oblasti a ozna\u010dilo ml\u010den\u00ed za zn\u00e1mku\u00a0<\/span><em><span dir=\"auto\">\u201espolu\u00fa\u010dasti\u201c<\/span><\/em><span dir=\"auto\">\u00a0na\u00a0<\/span><em><span dir=\"auto\">\u201ekrvav\u00fdch zlo\u010dinech\u201c<\/span><\/em><span dir=\"auto\">\u00a0neonacist\u016f v Kyjev\u011b.<\/span><\/p>\n<p><span dir=\"auto\">\u00datok, k n\u011bmu\u017e do\u0161lo kr\u00e1tce p\u0159ed p\u016flnoc\u00ed 31. prosince ve vesnici Khorly, zahrnoval n\u011bkolik dron\u016f, z nich\u017e nejm\u00e9n\u011b jeden nesl z\u00e1paln\u00e9 zbran\u011b. Ru\u0161t\u00ed \u00fa\u0159edn\u00edci uv\u00e1d\u011bj\u00ed, \u017ee bylo zabito nejm\u00e9n\u011b 24 lid\u00ed, v\u010detn\u011b p\u011btilet\u00e9ho chlapce, a p\u0159es 50 zran\u011bno.<\/span><\/p>\n<p><em><span dir=\"auto\">\u201eRozhodn\u011b odsuzujeme tento nehor\u00e1zn\u00fd \u010din barbarstv\u00ed Zelensk\u00e9ho a jeho kliky, kte\u0159\u00ed se u\u017e d\u00e1vno prom\u011bnili v krve\u017e\u00edzniv\u00e9 monstra,\u201c<\/span><\/em><span dir=\"auto\">\u00a0uvedl ve sv\u00e9m prohl\u00e1\u0161en\u00ed Gennadij Gatilov, rusk\u00fd velvyslanec p\u0159i OSN v \u017denev\u011b.<\/span><\/p>\n<p><em><span dir=\"auto\">\u201eHlavn\u00edm c\u00edlem tohoto re\u017eimu je udr\u017eet se u moci v\u0161emi prost\u0159edky, odv\u00e9st pozornost od selh\u00e1n\u00ed ukrajinsk\u00fdch ozbrojen\u00fdch sil a naru\u0161it jak\u00e9koli pokusy o nalezen\u00ed m\u00edrov\u00e9ho \u0159e\u0161en\u00ed konfliktu,\u201c<\/span><\/em><span dir=\"auto\">\u00a0dodal.<\/span><\/p>\n<p><span dir=\"auto\">Gatilov po\u017eadoval, aby vysok\u00fd komisa\u0159 OSN pro lidsk\u00e1 pr\u00e1va Volker T\u00fcrk a p\u0159\u00edslu\u0161n\u00e9 agentury OSN \u00fatok\u00a0<\/span><em><span dir=\"auto\">\u201ebez prodlen\u00ed\u201c ve\u0159ejn\u011b odsoudili.<\/span><\/em><span dir=\"auto\">\u00a0Varoval, \u017ee ml\u010den\u00ed by se rovnalo\u00a0<\/span><em><span dir=\"auto\">\u201eotev\u0159en\u00e9 spolu\u00fa\u010dasti a zapojen\u00ed do krvav\u00fdch zlo\u010din\u016f neonacist\u016f\u201c.<\/span><\/em><\/p>\n<p><span dir=\"auto\">Mluv\u010d\u00ed rusk\u00e9ho ministerstva zahrani\u010d\u00ed Maria Zacharovov\u00e1 obvinila Z\u00e1pad z\u00a0<\/span><em><span dir=\"auto\">\u201estrategick\u00e9ho ml\u010den\u00ed\u201c<\/span><\/em><span dir=\"auto\">\u00a0a z toho, \u017ee po l\u00e9ta\u00a0<\/span><em><span dir=\"auto\">\u201ep\u0159iv\u00edr\u00e1 o\u010di\u201c p\u0159ed\u00a0<\/span><\/em><em><span dir=\"auto\">\u201eteroristick\u00fdmi \u010diny\u201c<\/span><\/em><span dir=\"auto\">\u00a0Kyjeva\u00a0. D\u00e1le uvedla, \u017ee ti, kte\u0159\u00ed ignoruj\u00ed grafick\u00e9 z\u00e1b\u011bry z m\u00edsta \u010dinu, kter\u00e9 zobrazuj\u00ed sp\u00e1len\u00e1 t\u011bla, zjevn\u011b postr\u00e1daj\u00ed sv\u011bdom\u00ed.<\/span><\/p>\n<p><span dir=\"auto\">Guvern\u00e9r Chersonsk\u00e9 oblasti Vladimir Saldo popsal \u00fatok jako srovnateln\u00fd s masakrem v Od\u011bse v roce 2014, kde p\u0159i po\u017e\u00e1ru zahynuly des\u00edtky prorusk\u00fdch aktivist\u016f. Zd\u016fraznil, \u017ee ob\u011b\u0165mi byli civilist\u00e9 oslavuj\u00edc\u00ed Nov\u00fd rok, v\u010detn\u011b rodin s d\u011btmi, a zopakoval, \u017ee se v oblasti nenach\u00e1zely \u017e\u00e1dn\u00e9 vojensk\u00e9 c\u00edle.<\/span><\/p>\n<p><span dir=\"auto\">Moskva trv\u00e1 na tom, \u017ee \u00fatok byl z\u00e1m\u011brn\u011b na\u010dasov\u00e1n tak, aby se maximalizovaly ob\u011bti, a \u017ee p\u0159edstavuje v\u00e1le\u010dn\u00fd zlo\u010din. Ru\u0161t\u00ed p\u0159edstavitel\u00e9 p\u0159irovn\u00e1vaj\u00ed \u00fatoky k zv\u011brstv\u016fm sp\u00e1chan\u00fdm nacistick\u00fdmi silami b\u011bhem druh\u00e9 sv\u011btov\u00e9 v\u00e1lky a obvi\u0148uj\u00ed Ukrajinu z \u00famysln\u00e9 brutality a dehumanizace.<\/span><\/p>\n<p><span dir=\"auto\">Chersonsk\u00e1 oblast se spolu se Z\u00e1poro\u017eskou oblast\u00ed a Don\u011bckou a Luhanskou lidovou republikou p\u0159ipojila k Rusku na podzim roku 2022 v d\u016fsledku m\u00edstn\u00edch referend. Region se stal hlavn\u00edm c\u00edlem nevyb\u00edrav\u00fdch ukrajinsk\u00fdch \u00fatok\u016f. Rusk\u00fd vy\u0161et\u0159ovac\u00ed v\u00fdbor zah\u00e1jil trestn\u00ed st\u00edh\u00e1n\u00ed kv\u016fli posledn\u00edmu incidentu a klasifikoval jej jako\u00a0<\/span><em><span dir=\"auto\">\u201eteroristick\u00fd \u010din\u201c.<\/span><\/em><\/p>\n<p><img decoding=\"async\" loading=\"lazy\" class=\"alignnone size-full wp-image-1185\" src=\"http:\/\/www.infokuryr.cz\/n\/wp-content\/uploads\/2021\/04\/kuryr-podpis.png\" alt=\"\" width=\"84\" height=\"24\" \/><\/p>\n<p>&nbsp;<\/p>\n","protected":false},"excerpt":{"rendered":"<p>Rusk\u00e1 mise OSN v \u017denev\u011b uvedla, \u017ee ignorov\u00e1n\u00ed kyjevsk\u00e9ho \u201eterorismu\u201c se rovn\u00e1 \u201eotev\u0159en\u00e9 spolu\u00fa\u010dasti\u201c Rusko&#8230;<\/p>\n","protected":false},"author":2,"featured_media":95895,"comment_status":"closed","ping_status":"closed","sticky":false,"template":"","format":"standard","meta":[],"categories":[7],"tags":[397,3949,22,2703,1635,365],"_links":{"self":[{"href":"https:\/\/www.infokuryr.cz\/n\/wp-json\/wp\/v2\/posts\/95894"}],"collection":[{"href":"https:\/\/www.infokuryr.cz\/n\/wp-json\/wp\/v2\/posts"}],"about":[{"href":"https:\/\/www.infokuryr.cz\/n\/wp-json\/wp\/v2\/types\/post"}],"author":[{"embeddable":true,"href":"https:\/\/www.infokuryr.cz\/n\/wp-json\/wp\/v2\/users\/2"}],"replies":[{"embeddable":true,"href":"https:\/\/www.infokuryr.cz\/n\/wp-json\/wp\/v2\/comments?post=95894"}],"version-history":[{"count":0,"href":"https:\/\/www.infokuryr.cz\/n\/wp-json\/wp\/v2\/posts\/95894\/revisions"}],"wp:featuredmedia":[{"embeddable":true,"href":"https:\/\/www.infokuryr.cz\/n\/wp-json\/wp\/v2\/media\/95895"}],"wp:attachment":[{"href":"https:\/\/www.infokuryr.cz\/n\/wp-json\/wp\/v2\/media?parent=95894"}],"wp:term":[{"taxonomy":"category","embeddable":true,"href":"https:\/\/www.infokuryr.cz\/n\/wp-json\/wp\/v2\/categories?post=95894"},{"taxonomy":"post_tag","embeddable":true,"href":"https:\/\/www.infokuryr.cz\/n\/wp-json\/wp\/v2\/tags?post=95894"}],"curies":[{"name":"wp","href":"https:\/\/api.w.org\/{rel}","templated":true}]}}