{"id":95891,"date":"2026-01-02T04:03:03","date_gmt":"2026-01-02T03:03:03","guid":{"rendered":"https:\/\/www.infokuryr.cz\/n\/?p=95891"},"modified":"2026-01-02T04:03:03","modified_gmt":"2026-01-02T03:03:03","slug":"rusko-predalo-dukazy-o-utoku-na-putinovo-sidlo-na-americkem-velvyslanectvi-v-moskve","status":"publish","type":"post","link":"https:\/\/www.infokuryr.cz\/n\/2026\/01\/02\/rusko-predalo-dukazy-o-utoku-na-putinovo-sidlo-na-americkem-velvyslanectvi-v-moskve\/","title":{"rendered":"Rusko p\u0159edalo d\u016fkazy o \u00fatoku na Putinovo s\u00eddlo na americk\u00e9m velvyslanectv\u00ed v Moskv\u011b"},"content":{"rendered":"<div id=\"fb-root\"><\/div>\n<p>Rusk\u00e9 ministerstvo obrany ozn\u00e1milo, \u017ee americk\u00fdm \u00fa\u0159ad\u016fm byla p\u0159ed\u00e1na de\u0161ifrovan\u00e1 data z p\u0159\u00edstroj\u016f a \u0159\u00edd\u00edc\u00ed jednotky ukrajinsk\u00e9ho dronu, kter\u00fd byl sest\u0159elen v noci 29. prosince p\u0159i letu k prezidentsk\u00e9 rezidenci Vladimira Putina.<\/p>\n<p>Podle ofici\u00e1ln\u00edho prohl\u00e1\u0161en\u00ed materi\u00e1l zaslan\u00fd do Washingtonu obsahuje de\u0161ifrovan\u00e1 data o trase a tak\u00e9 \u0159\u00edd\u00edc\u00edho letu ukrajinsk\u00e9ho dronu, kter\u00fd byl sest\u0159elen rusk\u00fdmi syst\u00e9my protivzdu\u0161n\u00e9 obrany nad Novgorodskou oblast\u00ed v r\u00e1mci teroristick\u00e9ho \u00fatoku na ruskou prezidentskou rezidenci.<\/p>\n<p><img decoding=\"async\" loading=\"lazy\" class=\"aligncenter\" src=\"https:\/\/mf.b37mrtl.ru\/files\/2026.01\/xxs\/69568e6685f54075eb4f2b59.jpg\" alt=\"D\u016fkazy o zma\u0159en\u00e9m \u00fatoku Kyjeva na Putinovu rezidenci byly sd\u00edleny s USA \u2013 ministerstvo obrany\" width=\"624\" height=\"350\" \/><\/p>\n<p><span dir=\"auto\">Jak bylo vysv\u011btleno, materi\u00e1l byl doru\u010den z\u00e1stupci kancel\u00e1\u0159e vojensk\u00e9ho ata\u0161\u00e9 na americk\u00e9m velvyslanectv\u00ed v Moskv\u011b ofici\u00e1ln\u00ed cestou.<\/span><\/p>\n<p><strong><span dir=\"auto\">P\u0159ed\u00e1n\u00ed provedl n\u00e1\u010deln\u00edk Hlavn\u00edho zpravodajsk\u00e9ho odd\u011blen\u00ed (GRU) Gener\u00e1ln\u00edho \u0161t\u00e1bu rusk\u00fdch ozbrojen\u00fdch sil Igor Kos\u0165ukov.<\/span><\/strong><\/p>\n<p><strong><span dir=\"auto\">Kos\u0165ukov ve sv\u00fdch prohl\u00e1\u0161en\u00edch uvedl, \u017ee anal\u00fdza naviga\u010dn\u00edch ovlada\u010d\u016f ukrajinsk\u00fdch dron\u016f sest\u0159elen\u00fdch 29. prosince 2025 \u201eabsolutn\u011b potvrdila\u201c, \u017ee c\u00edlem \u00fatoku byl komplex budov, v nich\u017e se nach\u00e1z\u00ed rusk\u00e1 prezidentsk\u00e1 rezidence. Jak poznamenal, dek\u00f3dov\u00e1n\u00ed pam\u011b\u0165ov\u00fdch dat provedli specialist\u00e9 rusk\u00fdch bezpe\u010dnostn\u00edch slo\u017eek.<\/span><\/strong><\/p>\n<p><span dir=\"auto\">Rusk\u00e1 strana tvrd\u00ed, \u017ee zji\u0161t\u011bn\u00ed nenech\u00e1vaj\u00ed prostor pro pochybnosti o kone\u010dn\u00e9m c\u00edli dronu, a zd\u016fraz\u0148uje, \u017ee d\u016fkazy pln\u011b potvrzuj\u00ed tvrzen\u00ed o c\u00edlen\u00e9m \u00fatoku na prezidentskou rezidenci.<\/span><\/p>\n<h3>Ministerstvo obrany uvedlo, \u017ee z trosek jednoho z dron\u016f sest\u0159elen\u00fdch v pond\u011bl\u00ed z\u00edskalo soubor s letov\u00fdm pl\u00e1nem<\/h3>\n<p><span dir=\"auto\">Rusk\u00e9 ministerstvo obrany uvedlo, \u017ee poskytlo USA d\u016fkazy o tom, \u017ee roj ukrajinsk\u00fdch dron\u016f za\u010d\u00e1tkem tohoto t\u00fddne m\u00ed\u0159il k domu prezidenta Vladimira Putina ve Valdaji.<\/span><\/p>\n<p><span dir=\"auto\">Podle moskevsk\u00fdch \u00fa\u0159edn\u00edk\u016f se do ne\u00fasp\u011b\u0161n\u00e9ho \u00fatoku v noci z 28. na 29. prosince zapojilo celkem 91 bezpilotn\u00edch letadel, kter\u00e9 v\u0161echny sest\u0159elila rusk\u00e1 protivzdu\u0161n\u00e1 obrana na cest\u011b do Novgorodsk\u00e9 oblasti nebo nad n\u00ed. Ministerstvo obrany d\u0159\u00edve tvrdilo, \u017ee z\u00edskalo\u00a0<\/span><em><span dir=\"auto\">\u201enezvratn\u00e9 d\u016fkazy o teroristick\u00e9m \u00fatoku pl\u00e1novan\u00e9m kyjevsk\u00fdm re\u017eimem na rezidenci rusk\u00e9ho prezidenta\u201c.<\/span><\/em><\/p>\n<p><span dir=\"auto\">Ministerstvo obrany ve \u010dtvrte\u010dn\u00edm prohl\u00e1\u0161en\u00ed uvedlo, \u017ee\u00a0<\/span><em><span dir=\"auto\">\u201erusk\u00fdm speci\u00e1ln\u00edm slu\u017eb\u00e1m se poda\u0159ilo z\u00edskat soubor s letov\u00fdm pl\u00e1nem z naviga\u010dn\u00ed jednotky jednoho z ukrajinsk\u00fdch bezpilotn\u00edch letoun\u016f zni\u010den\u00fdch v noci 29. prosince 2025 nad Novgorodskou oblast\u00ed.\u201c<\/span><\/em><\/p>\n<p><span dir=\"auto\">Podle tiskov\u00e9 zpr\u00e1vy ru\u0161t\u00ed experti po prostudov\u00e1n\u00ed \u00fadaj\u016f o trase dosp\u011bli k z\u00e1v\u011bru, \u017ee\u00a0<\/span><em><span dir=\"auto\">\u201ekone\u010dn\u00fdm c\u00edlem \u00fatoku ukrajinsk\u00fdch bezpilotn\u00edch letadel 29. prosince 2025 byl jeden z objekt\u016f v rezidenci rusk\u00e9ho prezidenta v Novgorodsk\u00e9 oblasti\u201c.<\/span><\/em><\/p>\n<p><span dir=\"auto\">Pozd\u011bji ve \u010dtvrtek ministerstvo ozn\u00e1milo, \u017ee d\u016fkazy p\u0159edalo\u00a0<\/span><em><span dir=\"auto\">\u201ez\u00e1stupci odd\u011blen\u00ed vojensk\u00e9ho ata\u0161\u00e9 na americk\u00e9m velvyslanectv\u00ed v Moskv\u011b\u201c.<\/span><\/em><\/p>\n<p><span dir=\"auto\">Ve st\u0159edu zve\u0159ejnila videoklip, na kter\u00e9m je \u00fadajn\u011b vid\u011bt jeden ze sest\u0159elen\u00fdch ukrajinsk\u00fdch dron\u016f dlouh\u00e9ho doletu, kter\u00fd byl zasa\u017een ruskou protivzdu\u0161nou obranou do zadn\u00ed \u010d\u00e1sti. D\u00edky tomu dron p\u0159e\u017eil zachycen\u00ed p\u0159ev\u00e1\u017en\u011b nepo\u0161kozen\u00fd.<\/span><\/p>\n<p><span dir=\"auto\">Ru\u0161t\u00ed vojen\u0161t\u00ed p\u0159edstavitel\u00e9 rovn\u011b\u017e trvali na tom, \u017ee v\u00fdpov\u011bdi m\u00edstn\u00edch o\u010dit\u00fdch sv\u011bdk\u016f, kte\u0159\u00ed v pond\u011bl\u00ed r\u00e1no pozorovali protivzdu\u0161nou obranu v akci nad Novgorodskou oblast\u00ed,\u00a0<\/span><em><span dir=\"auto\">\u201evyvracej\u00ed v\u0161echny pokusy z\u00e1padn\u00edch a protirusk\u00fdch m\u00e9di\u00ed\u201c<\/span><\/em><span dir=\"auto\">\u00a0argumentovat, \u017ee\u00a0<\/span><em><span dir=\"auto\">\u201eneexistuj\u00ed \u017e\u00e1dn\u00e9 d\u016fkazy o teroristick\u00e9m \u00fatoku kyjevsk\u00e9ho re\u017eimu\u201c.<\/span><\/em><\/p>\n<p><span dir=\"auto\">Ukrajinsk\u00fd prezident Vladimir Zelenskyj pop\u0159el, \u017ee by k n\u00e1letu dronu v\u016fbec do\u0161lo.<\/span><\/p>\n<p><span dir=\"auto\">Americk\u00fd prezident Donald Trump mezit\u00edm podle Putinov\u00e9ho poradce pro zahrani\u010dn\u00ed politiku Jurije U\u0161akova\u00a0prohl\u00e1sil, \u017ee je\u00a0<\/span><em><span dir=\"auto\">\u201evelmi rozzloben\u00fd\u201c pot\u00e9, co se o incidentu dozv\u011bd\u011bl v pond\u011bl\u00ed v telefonick\u00e9m rozhovoru se sv\u00fdm rusk\u00fdm prot\u011bj\u0161kem.<\/span><\/em><\/p>\n<p><span dir=\"auto\">Kreml za\u010d\u00e1tkem tohoto t\u00fddne prohl\u00e1sil, \u017ee \u00fatok nebyl nam\u00ed\u0159en pouze proti Putinovi, ale tak\u00e9\u00a0<\/span><em><span dir=\"auto\">\u201eproti snah\u00e1m prezidenta Trumpa o usnadn\u011bn\u00ed m\u00edrov\u00e9ho \u0159e\u0161en\u00ed ukrajinsk\u00e9ho konfliktu\u201c.<\/span><\/em><\/p>\n<p><span dir=\"auto\">\u010c\u00edna a Indie, stejn\u011b jako Spojen\u00e9 arabsk\u00e9 emir\u00e1ty, P\u00e1kist\u00e1n, B\u011blorusko, Uzbekist\u00e1n, T\u00e1d\u017eikist\u00e1n a Kazachst\u00e1n vyj\u00e1d\u0159ily znepokojen\u00ed nad \u00fatokem dronu nam\u00ed\u0159en\u00fdm na rezidenci rusk\u00e9ho prezidenta.<\/span><\/p>\n<p><img decoding=\"async\" loading=\"lazy\" class=\"alignnone size-full wp-image-1185\" src=\"http:\/\/www.infokuryr.cz\/n\/wp-content\/uploads\/2021\/04\/kuryr-podpis.png\" alt=\"\" width=\"84\" height=\"24\" \/><\/p>\n<p>&nbsp;<\/p>\n","protected":false},"excerpt":{"rendered":"<p>Rusk\u00e9 ministerstvo obrany ozn\u00e1milo, \u017ee americk\u00fdm \u00fa\u0159ad\u016fm byla p\u0159ed\u00e1na de\u0161ifrovan\u00e1 data z p\u0159\u00edstroj\u016f a \u0159\u00edd\u00edc\u00ed&#8230;<\/p>\n","protected":false},"author":2,"featured_media":95892,"comment_status":"closed","ping_status":"closed","sticky":false,"template":"","format":"standard","meta":[],"categories":[7],"tags":[3727,3736,102,10326,22,37,723],"_links":{"self":[{"href":"https:\/\/www.infokuryr.cz\/n\/wp-json\/wp\/v2\/posts\/95891"}],"collection":[{"href":"https:\/\/www.infokuryr.cz\/n\/wp-json\/wp\/v2\/posts"}],"about":[{"href":"https:\/\/www.infokuryr.cz\/n\/wp-json\/wp\/v2\/types\/post"}],"author":[{"embeddable":true,"href":"https:\/\/www.infokuryr.cz\/n\/wp-json\/wp\/v2\/users\/2"}],"replies":[{"embeddable":true,"href":"https:\/\/www.infokuryr.cz\/n\/wp-json\/wp\/v2\/comments?post=95891"}],"version-history":[{"count":0,"href":"https:\/\/www.infokuryr.cz\/n\/wp-json\/wp\/v2\/posts\/95891\/revisions"}],"wp:featuredmedia":[{"embeddable":true,"href":"https:\/\/www.infokuryr.cz\/n\/wp-json\/wp\/v2\/media\/95892"}],"wp:attachment":[{"href":"https:\/\/www.infokuryr.cz\/n\/wp-json\/wp\/v2\/media?parent=95891"}],"wp:term":[{"taxonomy":"category","embeddable":true,"href":"https:\/\/www.infokuryr.cz\/n\/wp-json\/wp\/v2\/categories?post=95891"},{"taxonomy":"post_tag","embeddable":true,"href":"https:\/\/www.infokuryr.cz\/n\/wp-json\/wp\/v2\/tags?post=95891"}],"curies":[{"name":"wp","href":"https:\/\/api.w.org\/{rel}","templated":true}]}}