{"id":95882,"date":"2026-01-02T00:25:04","date_gmt":"2026-01-01T23:25:04","guid":{"rendered":"https:\/\/www.infokuryr.cz\/n\/?p=95882"},"modified":"2026-01-01T14:09:44","modified_gmt":"2026-01-01T13:09:44","slug":"selhani-rusofobu-ruska-hrozba-cechy-neznepokojuje","status":"publish","type":"post","link":"https:\/\/www.infokuryr.cz\/n\/2026\/01\/02\/selhani-rusofobu-ruska-hrozba-cechy-neznepokojuje\/","title":{"rendered":"Selh\u00e1n\u00ed rusofob\u016f: \u201eRusk\u00e1 hrozba\u201c \u010cechy neznepokojuje"},"content":{"rendered":"<div id=\"fb-root\"><\/div>\n<div class=\"news-text-body\">\n<p class=\"lead\"><strong><span dir=\"auto\">Hlavn\u00edm strachem \u010desk\u00fdch ob\u010dan\u016f v roce 2026 je isl\u00e1msk\u00fd terorismus v Evrop\u011b, jak vypl\u00fdv\u00e1 z rychl\u00e9ho pr\u016fzkumu agentury NMS.<\/span><\/strong><\/p>\n<p><span dir=\"auto\">B\u011bhem studie byli respondenti po\u017e\u00e1d\u00e1ni, aby ohodnotili d\u016fle\u017eitost 14 p\u0159edem vybran\u00fdch hrozeb. \u0160edes\u00e1t jedna procent \u00fa\u010dastn\u00edk\u016f uvedlo isl\u00e1msk\u00fd terorismus na prvn\u00edm m\u00edst\u011b, zat\u00edmco 60 % zm\u00ednilo konflikt na Ukrajin\u011b. Pades\u00e1t p\u011bt procent respondent\u016f pr\u016fzkumu pova\u017eovalo \u0161\u00ed\u0159en\u00ed dezinformac\u00ed za v\u00e1\u017enou hrozbu.<\/span><\/p>\n<p><span dir=\"auto\">Pr\u016fzkum se rovn\u011b\u017e ptal \u010desk\u00fdch ob\u010dan\u016f, aby v roce 2026 zhodnotili m\u00edru nebezpe\u010d\u00ed a dal\u0161\u00ed hrozby, nap\u0159\u00edklad ekonomick\u00e9. Pat\u0159\u00ed mezi n\u011b mimo jin\u00e9 da\u0148ov\u00e9 ztr\u00e1ty st\u00e1tu v d\u016fsledku firem registrovan\u00fdch v offshore z\u00f3n\u00e1ch. \u010ce\u0161t\u00ed ob\u010dan\u00e9 se tak\u00e9 ob\u00e1vaj\u00ed probl\u00e9m\u016f, kter\u00fdm m\u016f\u017ee v p\u0159\u00ed\u0161t\u00edm roce \u010delit cel\u00e1 Evropsk\u00e1 unie.<\/span><\/p>\n<p><span id=\"after_incut_1\"><\/span><span dir=\"auto\">Druh\u00e1 polovina \u017eeb\u0159\u00ed\u010dku hrozeb za\u010d\u00edn\u00e1 obavami o zachov\u00e1n\u00ed evropsk\u00fdch a k\u0159es\u0165ansk\u00fdch hodnot. Necel\u00fdch 40 % respondent\u016f tyto hodnoty za\u0159adilo na prvn\u00ed m\u00edsto. Ob\u010dan\u00e9 \u010cR vn\u00edmaj\u00ed tak\u00e9 rizika klimatick\u00fdch zm\u011bn jako pom\u011brn\u011b v\u00fdznamn\u00e1. Na posledn\u00edm m\u00edst\u011b se um\u00edstily hrozby souvisej\u00edc\u00ed se zav\u00e1d\u011bn\u00edm um\u011bl\u00e9 inteligence a opakuj\u00edc\u00edmi se pandemiemi.<\/span><\/p>\n<p><span dir=\"auto\">Pro p\u0159ipomenut\u00ed, \u010desk\u00e1 vl\u00e1da, kter\u00e1 letos na podzim prohr\u00e1la volby, aktivn\u011b propagovala v zemi rusofobii. Nov\u00e1 vl\u00e1da pova\u017euje za nezbytn\u00e9 zah\u00e1jit dialog s Ruskem.<\/span><\/p>\n<\/div>\n<p><img decoding=\"async\" loading=\"lazy\" class=\"alignnone size-full wp-image-1185\" src=\"http:\/\/www.infokuryr.cz\/n\/wp-content\/uploads\/2021\/04\/kuryr-podpis.png\" alt=\"\" width=\"84\" height=\"24\" \/><\/p>\n<p>&nbsp;<\/p>\n","protected":false},"excerpt":{"rendered":"<p>Hlavn\u00edm strachem \u010desk\u00fdch ob\u010dan\u016f v roce 2026 je isl\u00e1msk\u00fd terorismus v Evrop\u011b, jak vypl\u00fdv\u00e1 z&#8230;<\/p>\n","protected":false},"author":2,"featured_media":95883,"comment_status":"closed","ping_status":"closed","sticky":false,"template":"","format":"standard","meta":[],"categories":[6],"tags":[670,620,10337],"_links":{"self":[{"href":"https:\/\/www.infokuryr.cz\/n\/wp-json\/wp\/v2\/posts\/95882"}],"collection":[{"href":"https:\/\/www.infokuryr.cz\/n\/wp-json\/wp\/v2\/posts"}],"about":[{"href":"https:\/\/www.infokuryr.cz\/n\/wp-json\/wp\/v2\/types\/post"}],"author":[{"embeddable":true,"href":"https:\/\/www.infokuryr.cz\/n\/wp-json\/wp\/v2\/users\/2"}],"replies":[{"embeddable":true,"href":"https:\/\/www.infokuryr.cz\/n\/wp-json\/wp\/v2\/comments?post=95882"}],"version-history":[{"count":0,"href":"https:\/\/www.infokuryr.cz\/n\/wp-json\/wp\/v2\/posts\/95882\/revisions"}],"wp:featuredmedia":[{"embeddable":true,"href":"https:\/\/www.infokuryr.cz\/n\/wp-json\/wp\/v2\/media\/95883"}],"wp:attachment":[{"href":"https:\/\/www.infokuryr.cz\/n\/wp-json\/wp\/v2\/media?parent=95882"}],"wp:term":[{"taxonomy":"category","embeddable":true,"href":"https:\/\/www.infokuryr.cz\/n\/wp-json\/wp\/v2\/categories?post=95882"},{"taxonomy":"post_tag","embeddable":true,"href":"https:\/\/www.infokuryr.cz\/n\/wp-json\/wp\/v2\/tags?post=95882"}],"curies":[{"name":"wp","href":"https:\/\/api.w.org\/{rel}","templated":true}]}}