{"id":95873,"date":"2026-01-02T00:13:58","date_gmt":"2026-01-01T23:13:58","guid":{"rendered":"https:\/\/www.infokuryr.cz\/n\/?p=95873"},"modified":"2026-01-01T13:46:32","modified_gmt":"2026-01-01T12:46:32","slug":"covidova-vakcinacni-propaganda-pouzila-i-missky-nebo-tenisky-vzdyt-je-to-jedno","status":"publish","type":"post","link":"https:\/\/www.infokuryr.cz\/n\/2026\/01\/02\/covidova-vakcinacni-propaganda-pouzila-i-missky-nebo-tenisky-vzdyt-je-to-jedno\/","title":{"rendered":"Covidov\u00e1 vakcina\u010dn\u00ed propaganda pou\u017eila i missky. Nebo tenisky. V\u017edy\u0165 je to jedno"},"content":{"rendered":"<div id=\"fb-root\"><\/div>\n<p>Holky, pod\u00edvejte se, norm\u00e1ln\u011b se mi po o\u010dkov\u00e1n\u00ed prodlou\u017eily vlasy. Pod\u00edvejte, jak se mi zlep\u0161ila ple\u0165. No a j\u00e1 m\u00e1m po o\u010dkov\u00e1n\u00ed takhle dlouh\u00fd nohy. J\u00e1 to taky nech\u00e1pu, j\u00e1 m\u00e1m te\u010f tak dvakr\u00e1t del\u0161\u00ed \u0159asy. J\u00e1 jsem v\u016fbec netu\u0161ila, \u017ee o\u010dkov\u00e1n\u00ed mi m\u016f\u017ee a\u017e tak vyb\u011blit zuby. No, j\u00e1 u\u017e taky nev\u00edm, co s t\u00edm. P\u0159ijde v\u00e1m, \u017ee se tohle po o\u010dkov\u00e1n\u00ed nem\u016f\u017ee st\u00e1t? A co ty jin\u00e9 zaru\u010den\u00e9 zpr\u00e1vy? D\u011bkujeme v\u00e1m, \u017ee jste se\u00a0<strong><a href=\"https:\/\/www.nespokojeny.cz\/ivanku-kamarade-uz-je-to-tu-zas-lzi-a-manipulace-od-mzcr-pokracuji-se-ctvrtnickem\/\" target=\"_blank\" rel=\"noopener\">nechali nao\u010dkovat<\/a><\/strong>.<span id=\"more-63483\"><\/span><\/p>\n<p>Modelky zapojen\u00e9 do vakcina\u010dn\u00ed propagandy lze vn\u00edmat sp\u00ed\u0161e jako hloup\u00fd n\u00e1stroj kampan\u011b, pr\u00e1vn\u00ed ani zdravotn\u00ed odpov\u011bdnost za vedlej\u0161\u00ed \u00fa\u010dinky nenesou, ale pokud n\u011bkomu aktivn\u011b doporu\u010duji n\u011bco jako dobr\u00e9 a bezpe\u010dn\u00e9, a\u010dkoliv nem\u00e1m \u00fapln\u00e9 informace nebo zaml\u010duji rizika, mor\u00e1ln\u00ed odpov\u011bdnosti se zbavit nemohu, zvl\u00e1\u0161\u0165 pokud m\u00e1m vliv na rozhodov\u00e1n\u00ed druh\u00fdch.<\/p>\n<div id=\"arve-youtube-e3hnn4_fuvi695666e7e74d0352517641\" class=\"arve aligncenter\" data-mode=\"normal\" data-provider=\"youtube\"><span class=\"arve-inner\"><span class=\"arve-embed arve-embed--has-aspect-ratio arve-embed--16by9\"><iframe class=\"arve-iframe fitvidsignore\" src=\"https:\/\/www.youtube-nocookie.com\/embed\/E3Hnn4_fUvI?iv_load_policy=3&amp;modestbranding=1&amp;rel=0&amp;autohide=1&amp;playsinline=0&amp;autoplay=0\" frameborder=\"0\" scrolling=\"no\" allowfullscreen=\"allowfullscreen\" data-arve=\"arve-youtube-e3hnn4_fuvi695666e7e74d0352517641\" data-src-no-ap=\"https:\/\/www.youtube-nocookie.com\/embed\/E3Hnn4_fUvI?iv_load_policy=3&amp;modestbranding=1&amp;rel=0&amp;autohide=1&amp;playsinline=0&amp;autoplay=0\" data-mce-fragment=\"1\"><\/iframe><\/span><\/span><\/div>\n<p>Tv\u00e1\u0159e z modelingov\u00e9 a influencer\u00adsk\u00e9 sc\u00e9ny, kter\u00e9 se zapojily do vizu\u00e1ln\u00ed a medi\u00e1ln\u00ed podpory o\u010dkovac\u00ed kampan\u011b. Jejich role v\u0161ak nebyla odborn\u00e1 ani rozhodovac\u00ed, n\u00fdbr\u017e ryze reprezenta\u010dn\u00ed: fungovaly jako nositelky sd\u011blen\u00ed, kter\u00e9 vznikalo jinde, u st\u00e1tu, instituc\u00ed a marketingov\u00fdch t\u00fdm\u016f.<\/p>\n<p>P\u0159esto se nab\u00edz\u00ed legitimn\u00ed ot\u00e1zka, zda ve\u0159ejn\u011b zn\u00e1m\u00e9 osobnosti nenesou alespo\u0148 d\u00edl\u010d\u00ed mor\u00e1ln\u00ed odpov\u011bdnost za jednostrann\u00fd t\u00f3n kampan\u00ed, je\u017e \u010dasto akcentovaly p\u0159\u00ednosy a opom\u00edjely rizika.<\/p>\n<p><a href=\"https:\/\/www.instagram.com\/kucerovaba\" target=\"_blank\" rel=\"noopener\">Bar\u010da Ku\u010derov\u00e1<\/a>\u00a0\u2666\u00a0<a href=\"https:\/\/www.facebook.com\/profile.php?id=100009217791411\" target=\"_blank\" rel=\"noopener\">Krist\u00fdna Hysk\u00e1<\/a>\u00a0\u2666\u00a0<a href=\"https:\/\/www.instagram.com\/nikola.kokyova\" target=\"_blank\" rel=\"noopener\">Nikola Kokyov\u00e1<\/a>\u00a0\u2666\u00a0<a href=\"https:\/\/www.instagram.com\/zakova_terez\" target=\"_blank\" rel=\"noopener\">Tereza \u017d\u00e1kov\u00e1<\/a>\u00a0\u2666\u00a0<a href=\"https:\/\/www.instagram.com\/vsandholzova\/\" target=\"_blank\" rel=\"noopener\">Veronika Sandholzov\u00e1<\/a>\u00a0\u2666\u00a0<a href=\"https:\/\/www.instagram.com\/sarah.horak\" target=\"_blank\" rel=\"noopener\">Sarah Hor\u00e1kov\u00e1<\/a><\/p>\n<p>Nejde o p\u0159isuzov\u00e1n\u00ed viny za zdravotn\u00ed pot\u00ed\u017ee jednotlivc\u016f, ale o \u0161ir\u0161\u00ed debatu o tom, kde kon\u010d\u00ed role \u201etv\u00e1\u0159e reklamy\u201c a kde za\u010d\u00edn\u00e1 odpov\u011bdnost influencera v situaci, kdy jeho sd\u011blen\u00ed m\u016f\u017ee ovlivnit z\u00e1sadn\u00ed osobn\u00ed rozhodnut\u00ed statis\u00edc\u016f lid\u00ed. [<a href=\"https:\/\/dobrydencesko.cz\/kdo-jsou-to-ty-takzvane-modelky-z-ockovaciho-videa\/\" target=\"_blank\" rel=\"noopener\">zdroj<\/a>]<\/p>\n<p><img decoding=\"async\" loading=\"lazy\" class=\"wp-image-94843 aligncenter\" src=\"http:\/\/www.infokuryr.cz\/n\/wp-content\/uploads\/2025\/12\/popelka-hrad-300x141.jpg\" alt=\"\" width=\"1134\" height=\"533\" srcset=\"https:\/\/www.infokuryr.cz\/n\/wp-content\/uploads\/2025\/12\/popelka-hrad-300x141.jpg 300w, https:\/\/www.infokuryr.cz\/n\/wp-content\/uploads\/2025\/12\/popelka-hrad-768x360.jpg 768w, https:\/\/www.infokuryr.cz\/n\/wp-content\/uploads\/2025\/12\/popelka-hrad.jpg 977w\" sizes=\"(max-width: 1134px) 100vw, 1134px\" \/><\/p>\n<p>&nbsp;<\/p>\n","protected":false},"excerpt":{"rendered":"<p>Holky, pod\u00edvejte se, norm\u00e1ln\u011b se mi po o\u010dkov\u00e1n\u00ed prodlou\u017eily vlasy. Pod\u00edvejte, jak se mi zlep\u0161ila&#8230;<\/p>\n","protected":false},"author":2,"featured_media":95874,"comment_status":"closed","ping_status":"closed","sticky":false,"template":"","format":"standard","meta":[],"categories":[6],"tags":[23,5444,10336],"_links":{"self":[{"href":"https:\/\/www.infokuryr.cz\/n\/wp-json\/wp\/v2\/posts\/95873"}],"collection":[{"href":"https:\/\/www.infokuryr.cz\/n\/wp-json\/wp\/v2\/posts"}],"about":[{"href":"https:\/\/www.infokuryr.cz\/n\/wp-json\/wp\/v2\/types\/post"}],"author":[{"embeddable":true,"href":"https:\/\/www.infokuryr.cz\/n\/wp-json\/wp\/v2\/users\/2"}],"replies":[{"embeddable":true,"href":"https:\/\/www.infokuryr.cz\/n\/wp-json\/wp\/v2\/comments?post=95873"}],"version-history":[{"count":1,"href":"https:\/\/www.infokuryr.cz\/n\/wp-json\/wp\/v2\/posts\/95873\/revisions"}],"predecessor-version":[{"id":95875,"href":"https:\/\/www.infokuryr.cz\/n\/wp-json\/wp\/v2\/posts\/95873\/revisions\/95875"}],"wp:featuredmedia":[{"embeddable":true,"href":"https:\/\/www.infokuryr.cz\/n\/wp-json\/wp\/v2\/media\/95874"}],"wp:attachment":[{"href":"https:\/\/www.infokuryr.cz\/n\/wp-json\/wp\/v2\/media?parent=95873"}],"wp:term":[{"taxonomy":"category","embeddable":true,"href":"https:\/\/www.infokuryr.cz\/n\/wp-json\/wp\/v2\/categories?post=95873"},{"taxonomy":"post_tag","embeddable":true,"href":"https:\/\/www.infokuryr.cz\/n\/wp-json\/wp\/v2\/tags?post=95873"}],"curies":[{"name":"wp","href":"https:\/\/api.w.org\/{rel}","templated":true}]}}