{"id":9587,"date":"2022-04-12T03:46:56","date_gmt":"2022-04-12T01:46:56","guid":{"rendered":"http:\/\/www.infokuryr.cz\/n\/?p=9587"},"modified":"2022-04-12T03:46:56","modified_gmt":"2022-04-12T01:46:56","slug":"svatopluk-otava-dute-politicke-hlavy-vytvorily-dutou-slupku-cr","status":"publish","type":"post","link":"https:\/\/www.infokuryr.cz\/n\/2022\/04\/12\/svatopluk-otava-dute-politicke-hlavy-vytvorily-dutou-slupku-cr\/","title":{"rendered":"Svatopluk Otava: Dut\u00e9 politick\u00e9 hlavy vytvo\u0159ily dutou slupku \u010cR"},"content":{"rendered":"<div id=\"fb-root\"><\/div>\n<p><strong>Co na tom, \u017ee u\u017e v\u00a0preambuli \u00dastavy se mimo jin\u00e9 prav\u00ed, \u017ee: \u201eMy, ob\u010dan\u00e9 \u010cesk\u00e9 republiky\u2026, odhodl\u00e1ni spole\u010dn\u011b st\u0159e\u017eit a rozv\u00edjet zd\u011bd\u011bn\u00e9 p\u0159\u00edrodn\u00ed a kulturn\u00ed, hmotn\u00e9 a duchovn\u00ed bohatstv\u00ed\u2026., prost\u0159ednictv\u00edm sv\u00fdch svobodn\u011b zvolen\u00fdch z\u00e1stupc\u016f\u2026, p\u0159ij\u00edm\u00e1me tuto \u00dastavu \u010cesk\u00e9 republiky.<\/strong><\/p>\n<p><span style=\"font-size: 18pt;\"><strong>Z\u00e1vazek d\u011bdictv\u00ed po p\u0159edc\u00edch vykon\u00e1v\u00e1me takto:<\/strong><\/span><\/p>\n<p>Po necel\u00fdch 30 letech platnosti tohoto dokumentu se kulturn\u00ed bohatstv\u00ed zredukovalo na st\u00e1tem placen\u00e9 restaurov\u00e1n\u00ed historick\u00fdch pam\u00e1tek, postupn\u011b rozd\u00e1van\u00fdch (restituovan\u00fdch, uloupen\u00fdch, v\u011bnovan\u00fdch) mezin\u00e1rodn\u00edmu n\u011bmeck\u00e9mu \u017eivlu. Taky na recyklaci skute\u010dn\u00e9ho kum\u0161tu z\u00a0dob re\u00e1ln\u00e9ho socializmu a zaplaven\u00ed v\u0161eho medi\u00e1ln\u00edho prost\u0159ed\u00ed sexu\u00e1ln\u011b- n\u00e1silnickou produkc\u00ed Hollywoodu.<\/p>\n<p>Hmotn\u00e9 bohatstv\u00ed jaksi neexistuje, pon\u011bvad\u017e \u017e\u00e1dn\u00e9 nem\u00e1me, a\u017e na nezbytn\u00fd po\u010det budov \u0161kol a \u00fa\u0159ad\u016f, kde n\u00e1s a na\u0161e d\u011bti i vnuky vyu\u010duj\u00ed k\u00a0protektor\u00e1tn\u00ed poslu\u0161nosti v\u016f\u010di duchovn\u00edmu \u0161untu, naz\u00fdvan\u00e9mu \u201ez\u00e1padn\u00ed hodnoty.<\/p>\n<p>Takto jsme r\u00e1zem zhodnotili i v\u00a0preambuli uv\u00e1d\u011bn\u00fd term\u00edn \u2013 duchovn\u00ed bohatstv\u00ed.<\/p>\n<p>Tak, a co to p\u0159\u00edrodn\u00ed bohatstv\u00ed, jakpak o to \u201eprost\u0159ednictv\u00edm svobodn\u011b zvolen\u00fdch z\u00e1stupc\u016f\u201c pe\u010dujeme? Dob\u0159e, \u010di nezodpov\u011bdn\u011b a neuctiv\u011b k\u00a0zd\u011bd\u011bn\u00e9mu?<\/p>\n<p><span style=\"font-size: 18pt;\"><strong>Co je dnes u\u017e v\u00a0ciz\u00edch ruk\u00e1ch, je samoz\u0159ejm\u011b v\u00a0ciz\u00edch kaps\u00e1ch.<\/strong><\/span><\/p>\n<p>Vodu si v\u00a0na\u0161\u00ed vlasti kupujeme od ciz\u00e1k\u016f, proto\u017ee n\u00e1m p\u0159ev\u00e1\u017en\u011b nepat\u0159\u00ed, jeliko\u017e jsme ji za omezen\u00fd po\u010det tu\u010dn\u00fdch ob\u00e1lek \u201esvobodn\u011b zvolen\u00fdm z\u00e1stupc\u016fm\u201c prodali (spr\u00e1vn\u011bji p\u0159edali) hlavn\u011b Francouz\u016fm.<\/p>\n<p>Za u n\u00e1s vyrobenou elekt\u0159inu nap\u0159ed zaplat\u00edme bruselsk\u00fdm dikt\u00e1tor\u016fm ka\u017ed\u00e9 up\u0161ouknut\u00ed \u010desk\u00fdch elektr\u00e1ren prost\u0159ednictv\u00edm neskute\u010dn\u011b nemravn\u00e9mu k\u0161eftu s\u00a0tzv. povolenkami, pak ji za hubi\u010dku odevzd\u00e1me n\u011bmeck\u00e9 energetick\u00e9 burze a zp\u011btn\u011b odkoup\u00edme za nehor\u00e1zn\u011b n\u011bkolikr\u00e1t p\u0159edra\u017een\u00e9 \u010d\u00e1stky.<\/p>\n<p>Ruskou ropu n\u00e1m s\u00a0\u00fasm\u011bvem prod\u00e1vaj\u00ed tak\u00e9 N\u011bmci, pochopiteln\u011b \u017ee i za toto \u201edobro\u201c uctiv\u011b dotujeme \u017eivotn\u00ed \u00farove\u0148 muslimsko-germ\u00e1nsk\u00e9ho reichu. Op\u011bt n\u011bkolikan\u00e1sobn\u00e9 p\u0159edra\u017eov\u00e1n\u00ed, kombinovan\u00e9 pro na\u0161e ob\u010dany i nek\u0159es\u0165ansk\u00fdmi mar\u017eemi \u201ek\u0159es\u0165ansk\u00fdch\u201c pumpa\u0159\u016f.<\/p>\n<p>Hitem posledn\u00edch dn\u016f se v\u0161ak stalo sebevra\u017eedn\u00e9 \u00fasil\u00ed o likvidaci jak\u00e9hokoli n\u00e1znaku potravinov\u00e9 sob\u011bsta\u010dnosti, o likvidaci pr\u016fmyslu a celkov\u00e9 ekonomiky st\u00e1tu prost\u0159ednictv\u00edm ideologicky \u0161\u00edlen\u00e9ho v\u00fdronu rusofobie, vyz\u00fdvaj\u00edc\u00ed k\u00a0tot\u00e1ln\u00edmu od\u0159\u00edznut\u00ed od rusk\u00e9ho plynu. Bezmy\u0161lenkovit\u00e9 t\u0159e\u0161t\u011bn\u00ed \u201eodborn\u00edk\u016f\u201c ve vl\u00e1d\u011b i mimo ni zaji\u0161\u0165uj\u00ed hlavn\u011b zcela vlastn\u00edho my\u0161len\u00ed prost\u00e9 kebule typu Pekarov\u00e9, Fishera, Lang\u0161\u00e1dlov\u00e9 a <strong>stovek(!) <\/strong>kolaborant\u016f v\u00a0cel\u00e9m politik\u00e1\u0159sk\u00e9m spektru.<\/p>\n<p><span style=\"font-size: 18pt;\"><strong>Nepat\u0159\u00ed n\u00e1m ani d\u00edry v\u00a0zemi a pan premi\u00e9r to nev\u00ed?<\/strong><\/span><\/p>\n<p>Otitulovan\u00fd vl\u00e1dn\u00ed guru Fiala si ned\u00e1 ani to minimum pr\u00e1ce, aby si zjistil, \u017ee bez rusk\u00e9ho plynu nastane tot\u00e1ln\u00ed kolaps cel\u00e9 na\u0161\u00ed zem\u011b a t\u00edm bude zcela zral\u00e1 k\u00a0p\u0159evzet\u00ed germ\u00e1nsk\u00fdmi okv\u00e1drovan\u00fdmi likvid\u00e1tory s\u00a0p\u0159ipraven\u00fdmi protektor\u00e1tn\u00edmi \u201ezmocn\u011bn\u00edmi\u201c v kapse. Nebo je snad za to pr\u00e1v\u011b placen\u2026?!<\/p>\n<p>Jak jinak by mohl pom\u011brn\u011b inteligentn\u00ed psychopat op\u00edjet vlastn\u00ed n\u00e1rod debiln\u00edmi slovn\u00edmi rohl\u00ed\u010dky o tom, \u017ee p\u0159\u00edpadn\u00fd v\u00fdpadek bychom byli bezprost\u0159edn\u011b schopni nahradit \u201ena\u0161imi\u201c z\u00e1sobami t\u00e9to komodity z\u00a0podzemn\u00edch z\u00e1sobn\u00edk\u016f? To snad nev\u00ed, \u017ee z\u00a0osmi t\u011bchto lokalit na na\u0161em \u00fazem\u00ed jich \u0161est pat\u0159\u00ed RWE \u010di Innogy, prost\u011b N\u011bmc\u016fm a dva skupin\u011b s\u00a0nejasn\u00fdmi vlastn\u00edky MND Energy Storage, kde ov\u0161em figuruj\u00ed \u201ed\u016fv\u011bryhodn\u00e1\u201c jm\u00e9na jako Karel Kom\u00e1rek a Igor Rusek? \u017de prost\u011b na\u0161emu st\u00e1tu v\u00a0tomto sm\u011bru zase nepat\u0159\u00ed lautr nic a t\u011b\u0161\u00ednsk\u00e1 jabl\u00ed\u010dka o jak\u00e9si t\u0159icetidenn\u00ed rezerv\u011b je \u010dir\u00e1 fikce?<\/p>\n<p>Copak nev\u00ed, \u017ee lakov\u00e1n\u00ed \u201esvobodn\u00e9\u201c budoucnosti na r\u016f\u017eovo t\u00edm, \u017ee d\u00e1le si vy\u0159e\u0161\u00edme plynovou z\u00e1vislost v\u00fdpomoc\u00ed z\u00a0Norska, dovozem z\u00a0Kataru, USA apod, je op\u011bt neskute\u010dn\u00e1 le\u017e? Spotov\u00e9 (zbytkov\u00e9, voln\u00e9 a pochopiteln\u011b p\u0159edra\u017een\u00e9) trhy jsou d\u00e1vno fu\u010d, norsk\u00fd plyn nen\u00ed schopen nahradit strukturu toho rusk\u00e9ho, pon\u011bvad\u017e je ho m\u00e1lo a m\u00e1 jin\u00e9 vlastnosti. Co\u017e je v\u00a0pr\u016fmyslov\u00e9m vyu\u017eit\u00ed podstatn\u00e1 vada, copak to n\u00e1\u0161 v\u00e1le\u010dnick\u00fd, rekovn\u00fd premi\u00e9r nev\u00ed? A kdy\u017e to nev\u00ed, tak co na t\u00e9 p\u0159edsednick\u00e9 sesli vlastn\u011b je\u0161t\u011b d\u011bl\u00e1?<\/p>\n<p><span style=\"font-size: 18pt;\"><strong>Na\u0161e si budeme muset vz\u00edt zp\u011bt sami. I to je odpov\u011bdnost v\u016f\u010di potomk\u016fm.<\/strong><\/span><\/p>\n<p>Mimochodem \u2013 jestlipak se pan Fiala aspo\u0148 p\u0159i nat\u00e1\u010dec\u00edm pobytu v\u00a0polsk\u00e9m studiu, kter\u00e9 se sna\u017eil prodat jako v\u00e1le\u010dnou n\u00e1v\u0161t\u011bvu v\u00a0Kyjev\u011b, sta\u010dil lumpenprezidenta Zelensk\u00e9ho zeptat, jestli aspo\u0148 \u010d\u00e1st miliardov\u00fdch plateb, kter\u00e9 permanentn\u011b chod\u00ed Ukrajin\u011b za tranzit rusk\u00e9ho plynu, po\u017e\u00edv\u00e1 na financov\u00e1n\u00ed \u201ehrdinn\u00e9\u201c obrany Kyjeva? Nebo to v\u0161echno fr\u010d\u00ed p\u0159es offshorov\u00e9 \u00fa\u010dty n\u011bkam, kam ukazuj\u00ed Panama Papers? Jak u\u017e je takov\u00fdm ukrajinsk\u00fdm a v\u016fbec oligarchick\u00fdm zvykem? No, asi se nezeptal\u2026<\/p>\n<p>Nic u\u017e tady nem\u00e1me, nic ne\u017e rodn\u00e9 listy a rodn\u00fd jazyk n\u00e1m nepat\u0159\u00ed a nic n\u00e1m \u017e\u00e1dn\u00fd \u0161mejd, kter\u00fd jednou u\u017e n\u011bco ukradl nevr\u00e1t\u00ed. Je\u0161t\u011b tak m\u00e1me pochybnou \u201e\u010dest\u201c a \u201epr\u00e1vo\u201c dut\u00e9 roury od vody a energovod\u016f udr\u017eovat v\u00a0chodu zase za na\u0161e ten\u010d\u00edc\u00ed se zdroje pen\u011bz.<\/p>\n<p>Tak co s\u00a0t\u00edm? Prost\u011b mus\u00edme na sv\u00e9 samostatnosti zase od p\u00edky za\u010d\u00edt pracovat, na nikoho nespol\u00e9hat a dob\u0159e si pamatovat!<\/p>\n<p><strong>Svatopluk Otava<\/strong><\/p>\n<p>&nbsp;<\/p>\n","protected":false},"excerpt":{"rendered":"<p>Co na tom, \u017ee u\u017e v\u00a0preambuli \u00dastavy se mimo jin\u00e9 prav\u00ed, \u017ee: \u201eMy, ob\u010dan\u00e9 \u010cesk\u00e9&#8230;<\/p>\n","protected":false},"author":2,"featured_media":4944,"comment_status":"closed","ping_status":"closed","sticky":false,"template":"","format":"standard","meta":[],"categories":[6],"tags":[506,29,535,99],"_links":{"self":[{"href":"https:\/\/www.infokuryr.cz\/n\/wp-json\/wp\/v2\/posts\/9587"}],"collection":[{"href":"https:\/\/www.infokuryr.cz\/n\/wp-json\/wp\/v2\/posts"}],"about":[{"href":"https:\/\/www.infokuryr.cz\/n\/wp-json\/wp\/v2\/types\/post"}],"author":[{"embeddable":true,"href":"https:\/\/www.infokuryr.cz\/n\/wp-json\/wp\/v2\/users\/2"}],"replies":[{"embeddable":true,"href":"https:\/\/www.infokuryr.cz\/n\/wp-json\/wp\/v2\/comments?post=9587"}],"version-history":[{"count":0,"href":"https:\/\/www.infokuryr.cz\/n\/wp-json\/wp\/v2\/posts\/9587\/revisions"}],"wp:featuredmedia":[{"embeddable":true,"href":"https:\/\/www.infokuryr.cz\/n\/wp-json\/wp\/v2\/media\/4944"}],"wp:attachment":[{"href":"https:\/\/www.infokuryr.cz\/n\/wp-json\/wp\/v2\/media?parent=9587"}],"wp:term":[{"taxonomy":"category","embeddable":true,"href":"https:\/\/www.infokuryr.cz\/n\/wp-json\/wp\/v2\/categories?post=9587"},{"taxonomy":"post_tag","embeddable":true,"href":"https:\/\/www.infokuryr.cz\/n\/wp-json\/wp\/v2\/tags?post=9587"}],"curies":[{"name":"wp","href":"https:\/\/api.w.org\/{rel}","templated":true}]}}