{"id":95868,"date":"2026-01-02T00:23:15","date_gmt":"2026-01-01T23:23:15","guid":{"rendered":"https:\/\/www.infokuryr.cz\/n\/?p=95868"},"modified":"2026-01-01T13:31:31","modified_gmt":"2026-01-01T12:31:31","slug":"somalsko-prezident-obvinuje-izrael-z-toho-ze-chce-nasilne-usadit-palestince-na-jeho-uzemi","status":"publish","type":"post","link":"https:\/\/www.infokuryr.cz\/n\/2026\/01\/02\/somalsko-prezident-obvinuje-izrael-z-toho-ze-chce-nasilne-usadit-palestince-na-jeho-uzemi\/","title":{"rendered":"Som\u00e1lsko: Prezident obvi\u0148uje Izrael z toho, \u017ee chce n\u00e1siln\u011b usadit Palestince na jeho \u00fazem\u00ed"},"content":{"rendered":"<div id=\"fb-root\"><\/div>\n<p><strong><span dir=\"auto\">\u201ePo 34 letech je extr\u00e9mn\u011b ne\u010dekan\u00e9 a velmi zvl\u00e1\u0161tn\u00ed vid\u011bt, jak Izrael n\u00e1hle uznal Somaliland,\u201c \u0159\u00edk\u00e1 Hassan Cheikh Mohamud.<\/span><\/strong><\/p>\n<p><span dir=\"auto\">Som\u00e1lsk\u00fd prezident Hassan \u0160ajch Mohamud varoval p\u0159ed ambicemi Izraele, kter\u00fd obvi\u0148uje z toho, \u017ee chce n\u00e1sil\u00edm dosadit Palestince do Som\u00e1lska a roz\u0161\u00ed\u0159it jeho strategick\u00fd p\u0159\u00edstup k Adensk\u00e9mu z\u00e1livu a Rud\u00e9mu mo\u0159i.<\/span><\/p>\n<p><span dir=\"auto\">V rozhovoru pro katarsk\u00fd kan\u00e1l\u00a0<\/span><em><span dir=\"auto\">Al-D\u017eaz\u00edra<\/span><\/em><span dir=\"auto\">\u00a0se vyj\u00e1d\u0159il k rozhodnut\u00ed Izraele uznat samozvan\u00fd region \u201eSom\u00e1lsko\u201c.<\/span><\/p>\n<p><span dir=\"auto\">Podle som\u00e1lsk\u00e9 hlavy st\u00e1tu se Somaliland t\u00e9m\u011b\u0159 t\u0159icet let dom\u00e1h\u00e1 odtr\u017een\u00ed, ani\u017e by byl uzn\u00e1n jakoukoli zem\u00ed, a Mogadi\u0161o usiluje o m\u00edrov\u00e9 znovusjednocen\u00ed \u00fazem\u00ed. \u201e\u00a0<\/span><em><span dir=\"auto\">Po 34 letech je extr\u00e9mn\u011b ne\u010dekan\u00e9 a velmi zvl\u00e1\u0161tn\u00ed vid\u011bt, jak Izrael n\u00e1hle uzn\u00e1v\u00e1 Somaliland<\/span><\/em><span dir=\"auto\">\u00a0,\u201c \u0159ekl.<\/span><\/p>\n<p><span dir=\"auto\">Odm\u00edtl obvin\u011bn\u00ed, \u017ee tato izraelsk\u00e1 iniciativa souvis\u00ed s dohodami o energetick\u00e9 spolupr\u00e1ci uzav\u0159en\u00fdmi mezi Som\u00e1lskem a Tureckem.<\/span><\/p>\n<p><span dir=\"auto\">\u201e\u00a0<\/span><em><span dir=\"auto\">Jak jsem ji\u017e \u0159ekl, Izrael nikdy nem\u011bl vztahy se Som\u00e1lskem a nikdy nebyl v\u00fdznamn\u00fdm hr\u00e1\u010dem v regionu<\/span><\/em><span dir=\"auto\">\u00a0,\u201c trval na sv\u00e9m Mohamud a p\u0159ipomn\u011bl, \u017ee Turecko, Liga arabsk\u00fdch st\u00e1t\u016f, IGAD, Africk\u00e1 unie a v\u00edce ne\u017e 50 zem\u00ed izraelsk\u00fd krok odsoudily a odm\u00edtly my\u0161lenku uzn\u00e1n\u00ed Somalilandu.<\/span><\/p>\n<p><span dir=\"auto\">Na ot\u00e1zku ohledn\u011b rizik nestability v Som\u00e1lsku, feder\u00e1ln\u00edm st\u00e1t\u011b, kter\u00fd se zotavuje z desetilet\u00ed krize, p\u0159ipustil, \u017ee se ob\u00e1v\u00e1, \u017ee toto rozhodnut\u00ed \u201e\u00a0<\/span><em><span dir=\"auto\">c\u00edl\u00ed na pokrok dosa\u017een\u00fd v posledn\u00edch dvou letech<\/span><\/em><span dir=\"auto\">\u00a0\u201c a sna\u017e\u00ed se podkopat znovuz\u00edskanou stabilitu.<\/span><\/p>\n<p><span dir=\"auto\">Hassan \u0160ejk Mohamud prohl\u00e1sil, \u017ee mezin\u00e1rodn\u00ed spole\u010denstv\u00ed, zejm\u00e9na arabsk\u00e9 a africk\u00e9 zem\u011b, mus\u00ed pochopit, \u017ee Izrael se sna\u017e\u00ed exportovat sv\u016fj probl\u00e9m s Gazou a Palestinou do Som\u00e1lska. Obvinil Tel Aviv, \u017ee nep\u0159evzal \u201e\u00a0<\/span><em><span dir=\"auto\">ani jedno procento<\/span><\/em><span dir=\"auto\">\u00a0\u201c sv\u00e9 odpov\u011bdnosti v\u016f\u010di Palestinc\u016fm, a vyzval mezin\u00e1rodn\u00ed spole\u010denstv\u00ed k jasn\u00e9mu postoji.<\/span><\/p>\n<p><span dir=\"auto\">Podle n\u011bj je izraelsk\u00e9 rozhodnut\u00ed uznat Somaliland sou\u010d\u00e1st\u00ed pl\u00e1nu na n\u00e1siln\u00e9 usazen\u00ed Palestinc\u016f v Som\u00e1lsku. Tvrdil, \u017ee tento krok by mohl Izraeli tak\u00e9 umo\u017enit roz\u0161\u00ed\u0159it jeho strategick\u00fd vliv sm\u011brem k Adensk\u00e9mu z\u00e1livu a Rud\u00e9mu mo\u0159i, na \u00fakor som\u00e1lsk\u00e9 bezpe\u010dnosti a mezin\u00e1rodn\u00edch obchodn\u00edch tras.<\/span><\/p>\n<p><span dir=\"auto\">Hassan \u0160ejk Mohamud poznamenal, \u017ee 2,4 milionu Palestinc\u016f \u017eije v Gaze v blok\u00e1d\u011b ji\u017e v\u00edce ne\u017e 18 let, a obvinil Izrael ze snahy o jejich vyhn\u00e1n\u00ed a ze zapojen\u00ed Som\u00e1lska do t\u00e9to strategie. Zd\u016fraznil, \u017ee Izrael nem\u00e1 v\u016f\u010di jeho zemi \u201e\u017e\u00e1dn\u00e9\u00a0<\/span><em><span dir=\"auto\">m\u00edrov\u00e9 \u00famysly<\/span><\/em><span dir=\"auto\">\u00a0\u201c, a vyzval arabsk\u00fd a muslimsk\u00fd sv\u011bt, aby tuto situaci pova\u017eoval za \u201e\u00a0<\/span><em><span dir=\"auto\">v\u00e1\u017enou hrozbu<\/span><\/em><span dir=\"auto\">\u00a0\u201c.<\/span><\/p>\n<p><span dir=\"auto\">Som\u00e1lsk\u00fd prezident rovn\u011b\u017e prohl\u00e1sil, \u017ee uzn\u00e1n\u00ed Somalilandu Izraelem by poskytlo z\u00e1minku pro z\u0159\u00edzen\u00ed vojensk\u00fdch z\u00e1kladen a p\u0159es\u00eddlen\u00ed Palestinc\u016f, s odvol\u00e1n\u00edm na zpravodajsk\u00e9 informace nazna\u010duj\u00edc\u00ed tajnou izraelskou p\u0159\u00edtomnost v regionu, kter\u00e1 je podle n\u011bj nyn\u00ed ofici\u00e1ln\u00ed.<\/span><\/p>\n<p><span dir=\"auto\">Kdy\u017e byl Hassan Sheikh Mohamud dot\u00e1z\u00e1n na hrozby Al-Shabab \u00fatokem na jak\u00e9koli izraelsk\u00e9 s\u00edly v Som\u00e1lsku, zopakoval, \u017ee skupina je napojena na Al-K\u00e1idu a \u201e\u00a0<\/span><em><span dir=\"auto\">nezastupuje som\u00e1lsk\u00fd lid<\/span><\/em><span dir=\"auto\">\u00a0\u201c. Tvrdil, \u017ee obyvatelstvo si je v\u011bdomo pokus\u016f o zneu\u017eit\u00ed konfliktu k destabilizaci zem\u011b, kter\u00e1 bojuje proti Al-K\u00e1id\u011b a ISIS t\u00e9m\u011b\u0159 20 let.<\/span><\/p>\n<p><span dir=\"auto\">Hassan Sheikh Mohamud a tureck\u00fd prezident Recep Tayyip Erdogan se setkali p\u0159edchoz\u00edho dne v Anka\u0159e. Na spole\u010dn\u00e9 tiskov\u00e9 konferenci Erdogan odsoudil rozhodnut\u00ed Izraele jako \u201e\u00a0<\/span><em><span dir=\"auto\">nelegitimn\u00ed a nep\u0159ijateln\u00e9<\/span><\/em><span dir=\"auto\">\u00a0\u201c a znovu potvrdil, \u017ee \u00fazemn\u00ed celistvost Som\u00e1lska je pro Turecko prioritou. Som\u00e1lsk\u00fd prezident zase uv\u00edtal podporu Ankary tv\u00e1\u0159\u00ed v tv\u00e1\u0159 hrozb\u00e1m pro suverenitu jeho zem\u011b.<\/span><\/p>\n<p><em><span dir=\"auto\">Autor:\u00a0<\/span><strong><span dir=\"auto\">Fekry Abdeen<\/span><\/strong><span dir=\"auto\">\u00a0,\u00a0<\/span><strong><span dir=\"auto\">Safiye Karabacak<\/span><\/strong><span dir=\"auto\">\u00a0,\u00a0<\/span><strong><span dir=\"auto\">\u00c7a\u011fr\u0131 Ko\u015fak<\/span><\/strong><span dir=\"auto\">\u00a0a\u00a0<\/span><strong><span dir=\"auto\">Halime Afra Aksoy<\/span><\/strong><\/em><\/p>\n<p><span dir=\"auto\">Zdroj:\u00a0<\/span><a title=\"\" href=\"https:\/\/www.aa.com.tr\/fr\/afrique\/somalie-le-pr%C3%A9sident-accuse-isra%C3%ABl-de-vouloir-installer-de-force-des-palestiniens-sur-son-territoire\/3786231\" target=\"_blank\" rel=\"noopener\"><span dir=\"auto\">Agentura Anadolu<\/span><\/a><\/p>\n<p>&nbsp;<\/p>\n","protected":false},"excerpt":{"rendered":"<p>\u201ePo 34 letech je extr\u00e9mn\u011b ne\u010dekan\u00e9 a velmi zvl\u00e1\u0161tn\u00ed vid\u011bt, jak Izrael n\u00e1hle uznal Somaliland,\u201c&#8230;<\/p>\n","protected":false},"author":2,"featured_media":95869,"comment_status":"closed","ping_status":"closed","sticky":false,"template":"","format":"standard","meta":[],"categories":[7],"tags":[107,1884,313,165,3114],"_links":{"self":[{"href":"https:\/\/www.infokuryr.cz\/n\/wp-json\/wp\/v2\/posts\/95868"}],"collection":[{"href":"https:\/\/www.infokuryr.cz\/n\/wp-json\/wp\/v2\/posts"}],"about":[{"href":"https:\/\/www.infokuryr.cz\/n\/wp-json\/wp\/v2\/types\/post"}],"author":[{"embeddable":true,"href":"https:\/\/www.infokuryr.cz\/n\/wp-json\/wp\/v2\/users\/2"}],"replies":[{"embeddable":true,"href":"https:\/\/www.infokuryr.cz\/n\/wp-json\/wp\/v2\/comments?post=95868"}],"version-history":[{"count":0,"href":"https:\/\/www.infokuryr.cz\/n\/wp-json\/wp\/v2\/posts\/95868\/revisions"}],"wp:featuredmedia":[{"embeddable":true,"href":"https:\/\/www.infokuryr.cz\/n\/wp-json\/wp\/v2\/media\/95869"}],"wp:attachment":[{"href":"https:\/\/www.infokuryr.cz\/n\/wp-json\/wp\/v2\/media?parent=95868"}],"wp:term":[{"taxonomy":"category","embeddable":true,"href":"https:\/\/www.infokuryr.cz\/n\/wp-json\/wp\/v2\/categories?post=95868"},{"taxonomy":"post_tag","embeddable":true,"href":"https:\/\/www.infokuryr.cz\/n\/wp-json\/wp\/v2\/tags?post=95868"}],"curies":[{"name":"wp","href":"https:\/\/api.w.org\/{rel}","templated":true}]}}