{"id":95858,"date":"2026-01-02T00:18:53","date_gmt":"2026-01-01T23:18:53","guid":{"rendered":"https:\/\/www.infokuryr.cz\/n\/?p=95858"},"modified":"2026-01-01T13:14:12","modified_gmt":"2026-01-01T12:14:12","slug":"podporovatelka-vsech-forem-teroru-greta-thunbergova-hrde-pozovala-s-financnikem-hamasu","status":"publish","type":"post","link":"https:\/\/www.infokuryr.cz\/n\/2026\/01\/02\/podporovatelka-vsech-forem-teroru-greta-thunbergova-hrde-pozovala-s-financnikem-hamasu\/","title":{"rendered":"Podporovatelka v\u0161ech forem teroru? Greta Thunbergov\u00e1 hrd\u011b p\u00f3zovala s finan\u010dn\u00edkem Ham\u00e1su"},"content":{"rendered":"<div id=\"fb-root\"><\/div>\n<p><strong><span dir=\"auto\">Greta Thunbergov\u00e1 nejen\u017ee podporuje klimatickou hysterii, ale zjevn\u011b i teroristy Ham\u00e1su v p\u00e1smu Gazy. P\u0159inejmen\u0161\u00edm se ve\u0159ejn\u011b sbl\u00ed\u017eila s teroristick\u00fdm sympatizantem Mohammadem Hannounem. Italsk\u00e1 policie ho od t\u00e9 doby zatkla.<\/span><\/strong><\/p>\n<p><span dir=\"auto\">Mohammad Hannoun byl po mnoho let prezidentem \u201eAsociace Palestinc\u016f v It\u00e1lii\u201c. Ofici\u00e1ln\u011b se jednalo o \u201eorganizaci pomoci\u201c pro Araby v p\u00e1smu Gazy, ale pravd\u011bpodobn\u011b se jednalo jen o z\u00e1st\u011brku pro fundraisingov\u00fd stroj teroristick\u00e9 s\u00edt\u011b Ham\u00e1s. Tato organizace \u00fadajn\u011b po v\u00edce ne\u017e deset let poskytovala Ham\u00e1su a rodin\u00e1m sebevra\u017eedn\u00fdch atent\u00e1tn\u00edk\u016f miliony eur.<\/span><\/p>\n<figure class=\"wp-block-embed is-type-rich is-provider-twitter wp-block-embed-twitter\">\n<div class=\"wp-block-embed__wrapper\">\n<div class=\"twitter-tweet twitter-tweet-rendered\"><iframe id=\"twitter-widget-0\" class=\"\" title=\"X P\u0159\u00edsp\u011bvek\" src=\"https:\/\/platform.twitter.com\/embed\/Tweet.html?dnt=true&amp;embedId=twitter-widget-0&amp;features=eyJ0ZndfdGltZWxpbmVfbGlzdCI6eyJidWNrZXQiOltdLCJ2ZXJzaW9uIjpudWxsfSwidGZ3X2ZvbGxvd2VyX2NvdW50X3N1bnNldCI6eyJidWNrZXQiOnRydWUsInZlcnNpb24iOm51bGx9LCJ0ZndfdHdlZXRfZWRpdF9iYWNrZW5kIjp7ImJ1Y2tldCI6Im9uIiwidmVyc2lvbiI6bnVsbH0sInRmd19yZWZzcmNfc2Vzc2lvbiI6eyJidWNrZXQiOiJvbiIsInZlcnNpb24iOm51bGx9LCJ0ZndfZm9zbnJfc29mdF9pbnRlcnZlbnRpb25zX2VuYWJsZWQiOnsiYnVja2V0Ijoib24iLCJ2ZXJzaW9uIjpudWxsfSwidGZ3X21peGVkX21lZGlhXzE1ODk3Ijp7ImJ1Y2tldCI6InRyZWF0bWVudCIsInZlcnNpb24iOm51bGx9LCJ0ZndfZXhwZXJpbWVudHNfY29va2llX2V4cGlyYXRpb24iOnsiYnVja2V0IjoxMjA5NjAwLCJ2ZXJzaW9uIjpudWxsfSwidGZ3X3Nob3dfYmlyZHdhdGNoX3Bpdm90c19lbmFibGVkIjp7ImJ1Y2tldCI6Im9uIiwidmVyc2lvbiI6bnVsbH0sInRmd19kdXBsaWNhdGVfc2NyaWJlc190b19zZXR0aW5ncyI6eyJidWNrZXQiOiJvbiIsInZlcnNpb24iOm51bGx9LCJ0ZndfdXNlX3Byb2ZpbGVfaW1hZ2Vfc2hhcGVfZW5hYmxlZCI6eyJidWNrZXQiOiJvbiIsInZlcnNpb24iOm51bGx9LCJ0ZndfdmlkZW9faGxzX2R5bmFtaWNfbWFuaWZlc3RzXzE1MDgyIjp7ImJ1Y2tldCI6InRydWVfYml0cmF0ZSIsInZlcnNpb24iOm51bGx9LCJ0ZndfbGVnYWN5X3RpbWVsaW5lX3N1bnNldCI6eyJidWNrZXQiOnRydWUsInZlcnNpb24iOm51bGx9LCJ0ZndfdHdlZXRfZWRpdF9mcm9udGVuZCI6eyJidWNrZXQiOiJvbiIsInZlcnNpb24iOm51bGx9fQ%3D%3D&amp;frame=false&amp;hideCard=false&amp;hideThread=false&amp;id=2005210999989702734&amp;lang=cs&amp;origin=https%3A%2F%2Freport24.news%2Funterstuetzerin-von-terror-aller-art-greta-thunberg-posierte-stolz-mit-hamas-finanzier%2F&amp;sessionId=bfe002cd4addfa2c6fa36319a686b1f8c91524a2&amp;theme=light&amp;widgetsVersion=2615f7e52b7e0%3A1702314776716&amp;width=550px\" frameborder=\"0\" scrolling=\"no\" allowfullscreen=\"allowfullscreen\" data-tweet-id=\"2005210999989702734\" data-mce-fragment=\"1\"><\/iframe><\/div>\n<\/div>\n<\/figure>\n<p><span dir=\"auto\">Italsk\u00e9 \u00fa\u0159ady nyn\u00ed podnikly kroky.\u00a0<\/span><a href=\"https:\/\/www.bbc.com\/news\/articles\/cqxq59np394o\"><span dir=\"auto\">Bylo zat\u010deno dev\u011bt lid\u00ed, v\u010detn\u011b Hannouna<\/span><\/a><span dir=\"auto\">\u00a0, kter\u00fd je st\u0159edem \u00fadajn\u00e9 s\u00edt\u011b financuj\u00edc\u00ed terorismus. To, \u017ee takov\u00e9 struktury funguj\u00ed po cel\u00e1 l\u00e9ta, nen\u00ed n\u00e1hoda. Nevl\u00e1dn\u00ed organizace se v politicky korektn\u00edm diskurzu t\u011b\u0161\u00ed t\u00e9m\u011b\u0159 posv\u00e1tn\u00e9mu statusu, zejm\u00e9na pokud p\u016fsob\u00ed pod hlavi\u010dkou Palestiny.<\/span><\/p>\n<figure class=\"wp-block-embed is-type-rich is-provider-twitter wp-block-embed-twitter\">\n<div class=\"wp-block-embed__wrapper\">\n<div class=\"twitter-tweet twitter-tweet-rendered\"><iframe id=\"twitter-widget-1\" class=\"\" title=\"X P\u0159\u00edsp\u011bvek\" src=\"https:\/\/platform.twitter.com\/embed\/Tweet.html?dnt=true&amp;embedId=twitter-widget-1&amp;features=eyJ0ZndfdGltZWxpbmVfbGlzdCI6eyJidWNrZXQiOltdLCJ2ZXJzaW9uIjpudWxsfSwidGZ3X2ZvbGxvd2VyX2NvdW50X3N1bnNldCI6eyJidWNrZXQiOnRydWUsInZlcnNpb24iOm51bGx9LCJ0ZndfdHdlZXRfZWRpdF9iYWNrZW5kIjp7ImJ1Y2tldCI6Im9uIiwidmVyc2lvbiI6bnVsbH0sInRmd19yZWZzcmNfc2Vzc2lvbiI6eyJidWNrZXQiOiJvbiIsInZlcnNpb24iOm51bGx9LCJ0ZndfZm9zbnJfc29mdF9pbnRlcnZlbnRpb25zX2VuYWJsZWQiOnsiYnVja2V0Ijoib24iLCJ2ZXJzaW9uIjpudWxsfSwidGZ3X21peGVkX21lZGlhXzE1ODk3Ijp7ImJ1Y2tldCI6InRyZWF0bWVudCIsInZlcnNpb24iOm51bGx9LCJ0ZndfZXhwZXJpbWVudHNfY29va2llX2V4cGlyYXRpb24iOnsiYnVja2V0IjoxMjA5NjAwLCJ2ZXJzaW9uIjpudWxsfSwidGZ3X3Nob3dfYmlyZHdhdGNoX3Bpdm90c19lbmFibGVkIjp7ImJ1Y2tldCI6Im9uIiwidmVyc2lvbiI6bnVsbH0sInRmd19kdXBsaWNhdGVfc2NyaWJlc190b19zZXR0aW5ncyI6eyJidWNrZXQiOiJvbiIsInZlcnNpb24iOm51bGx9LCJ0ZndfdXNlX3Byb2ZpbGVfaW1hZ2Vfc2hhcGVfZW5hYmxlZCI6eyJidWNrZXQiOiJvbiIsInZlcnNpb24iOm51bGx9LCJ0ZndfdmlkZW9faGxzX2R5bmFtaWNfbWFuaWZlc3RzXzE1MDgyIjp7ImJ1Y2tldCI6InRydWVfYml0cmF0ZSIsInZlcnNpb24iOm51bGx9LCJ0ZndfbGVnYWN5X3RpbWVsaW5lX3N1bnNldCI6eyJidWNrZXQiOnRydWUsInZlcnNpb24iOm51bGx9LCJ0ZndfdHdlZXRfZWRpdF9mcm9udGVuZCI6eyJidWNrZXQiOiJvbiIsInZlcnNpb24iOm51bGx9fQ%3D%3D&amp;frame=false&amp;hideCard=false&amp;hideThread=false&amp;id=2005263339685822705&amp;lang=cs&amp;origin=https%3A%2F%2Freport24.news%2Funterstuetzerin-von-terror-aller-art-greta-thunberg-posierte-stolz-mit-hamas-finanzier%2F&amp;sessionId=bfe002cd4addfa2c6fa36319a686b1f8c91524a2&amp;theme=light&amp;widgetsVersion=2615f7e52b7e0%3A1702314776716&amp;width=550px\" frameborder=\"0\" scrolling=\"no\" allowfullscreen=\"allowfullscreen\" data-tweet-id=\"2005263339685822705\" data-mce-fragment=\"1\"><\/iframe><\/div>\n<\/div>\n<\/figure>\n<p><span dir=\"auto\">A pak je tu Greta Thunbergov\u00e1, chod\u00edc\u00ed megafon modern\u00edho aktivismu. Jej\u00ed agenda se u\u017e d\u00e1vno p\u0159esunula od klimatick\u00e9ho dogmatu k \u00fadajn\u011b \u201eutla\u010dovan\u00e9 Palestin\u011b\u201c. Nen\u00ed tedy divu, \u017ee se nech\u00e1v\u00e1 fotografovat s takov\u00fdmi finan\u010dn\u00edky terorist\u016f. Na takov\u00fdch \u201epropalestinsk\u00fdch\u201c demonstrac\u00edch rozhodn\u011b nen\u00ed nouze o pochybn\u00e9 sympatizanty islamist\u016f a nen\u00e1vistn\u00edky Izraele.<\/span><\/p>\n<p><span dir=\"auto\">Greta se evidentn\u011b c\u00edt\u00ed docela dob\u0159e mezi zlo\u010dinci a teroristy (od \u201ePosledn\u00ed generace\u201c po Ham\u00e1s). \u010clov\u011bk se mus\u00ed pt\u00e1t, jak\u00fd bude jej\u00ed dal\u0161\u00ed obl\u00edben\u00fd projekt za p\u00e1r let, a\u017e klimatick\u00e9 a palestinsk\u00e9 probl\u00e9my dos\u00e1hnou sv\u00e9ho. Sv\u011btu ale rozhodn\u011b nechyb\u00ed zlo\u010dineck\u00e9 a teroristick\u00e9 organizace, kter\u00fdm se lze vyhnout\u00a0 s trochou mor\u00e1ln\u00ed flexibility.<\/span><\/p>\n<p><img decoding=\"async\" loading=\"lazy\" class=\"alignnone size-full wp-image-1185\" src=\"http:\/\/www.infokuryr.cz\/n\/wp-content\/uploads\/2021\/04\/kuryr-podpis.png\" alt=\"\" width=\"84\" height=\"24\" \/><\/p>\n<p>&nbsp;<\/p>\n","protected":false},"excerpt":{"rendered":"<p>Greta Thunbergov\u00e1 nejen\u017ee podporuje klimatickou hysterii, ale zjevn\u011b i teroristy Ham\u00e1su v p\u00e1smu Gazy. P\u0159inejmen\u0161\u00edm&#8230;<\/p>\n","protected":false},"author":2,"featured_media":95859,"comment_status":"closed","ping_status":"closed","sticky":false,"template":"","format":"standard","meta":[],"categories":[7],"tags":[7284,1503,835],"_links":{"self":[{"href":"https:\/\/www.infokuryr.cz\/n\/wp-json\/wp\/v2\/posts\/95858"}],"collection":[{"href":"https:\/\/www.infokuryr.cz\/n\/wp-json\/wp\/v2\/posts"}],"about":[{"href":"https:\/\/www.infokuryr.cz\/n\/wp-json\/wp\/v2\/types\/post"}],"author":[{"embeddable":true,"href":"https:\/\/www.infokuryr.cz\/n\/wp-json\/wp\/v2\/users\/2"}],"replies":[{"embeddable":true,"href":"https:\/\/www.infokuryr.cz\/n\/wp-json\/wp\/v2\/comments?post=95858"}],"version-history":[{"count":0,"href":"https:\/\/www.infokuryr.cz\/n\/wp-json\/wp\/v2\/posts\/95858\/revisions"}],"wp:featuredmedia":[{"embeddable":true,"href":"https:\/\/www.infokuryr.cz\/n\/wp-json\/wp\/v2\/media\/95859"}],"wp:attachment":[{"href":"https:\/\/www.infokuryr.cz\/n\/wp-json\/wp\/v2\/media?parent=95858"}],"wp:term":[{"taxonomy":"category","embeddable":true,"href":"https:\/\/www.infokuryr.cz\/n\/wp-json\/wp\/v2\/categories?post=95858"},{"taxonomy":"post_tag","embeddable":true,"href":"https:\/\/www.infokuryr.cz\/n\/wp-json\/wp\/v2\/tags?post=95858"}],"curies":[{"name":"wp","href":"https:\/\/api.w.org\/{rel}","templated":true}]}}