{"id":95848,"date":"2026-01-02T00:13:51","date_gmt":"2026-01-01T23:13:51","guid":{"rendered":"https:\/\/www.infokuryr.cz\/n\/?p=95848"},"modified":"2026-01-01T12:58:17","modified_gmt":"2026-01-01T11:58:17","slug":"peter-haisenko-kometa-slabne","status":"publish","type":"post","link":"https:\/\/www.infokuryr.cz\/n\/2026\/01\/02\/peter-haisenko-kometa-slabne\/","title":{"rendered":"Peter Haisenko: Kometa sl\u00e1bne"},"content":{"rendered":"<div id=\"fb-root\"><\/div>\n<p class=\"bodytext\"><span dir=\"auto\">Realita p\u00ed\u0161e nejlep\u0161\u00ed politick\u00e9 thrillery. Stejn\u011b jako komety, kter\u00e9 se objevuj\u00ed a miz\u00ed, je to i s n\u011bkter\u00fdmi politiky. To platilo i pro Willyho Brandta. Ale nezmizel dobrovoln\u011b. Jeho vzestup a p\u00e1d je n\u011bco, co v\u011bt\u0161ina lid\u00ed jako politick\u00fd thriller nepova\u017euje. Proto se na to chci pod\u00edvat.<\/span><\/p>\n<p class=\"bodytext\"><span dir=\"auto\">Ti z n\u00e1s star\u0161\u00ed si jist\u011b vzpomenou, jak euforicky Brandta oslavovali jeho p\u0159\u00edznivci. A dalo by se \u0159\u00edci, \u017ee pr\u00e1vem. Brandt v\u0161ak nezapadal do pov\u00e1le\u010dn\u00e9 politick\u00e9 krajiny. S\u00e1m si to neuv\u011bdomoval. Nepat\u0159il k t\u011bm, kte\u0159\u00ed by ch\u00e1pali d\u016fle\u017eitost rozd\u011blen\u00ed N\u011bmecka pro pov\u00e1le\u010dnou n\u011bmeckou politiku. Byl jedin\u00fdm kancl\u00e9\u0159em a\u017e do Helmuta Kohla, kter\u00fd to nech\u00e1pal. Proto musel b\u00fdt od sam\u00e9ho za\u010d\u00e1tku, je\u0161t\u011b p\u0159edt\u00edm, ne\u017e se stal kancl\u00e9\u0159em, pe\u010dliv\u011b omezov\u00e1n. Jeho Ostpolitik (v\u00fdchodn\u00ed politika) p\u0159edstavovala hrozbu pro pokra\u010dov\u00e1n\u00ed studen\u00e9 v\u00e1lky, kter\u00e1 prom\u011bnila ob\u011b \u010d\u00e1sti N\u011bmecka ve st\u00e1ty na frontov\u00e9 linii. To zajistilo, \u017ee V\u00fdchod a Z\u00e1pad pe\u010dliv\u011b spravovaly svou ko\u0159ist a obnovovaly svou s\u00edlu, \u010d\u00edm\u017e vytvo\u0159ily frontovou linii mezi \u201esvobodn\u00fdm sv\u011btem\u201c a komunismem.<\/span><\/p>\n<p class=\"bodytext\"><span dir=\"auto\">Pr\u00e1v\u011b jsem vyhrnul p\u00e1r v\u011bc\u00ed, kter\u00e9 nejsou zrovna v\u0161eobecn\u011b zn\u00e1m\u00e9. Ale p\u0159esn\u011b v tom je situace, kdy se politika vede, ani\u017e by o n\u00ed dot\u010den\u00e9 strany cokoli v\u011bd\u011bly, nebo ani\u017e by o n\u00ed mohly cokoli v\u011bd\u011bt. Ani v pozd\u011bj\u0161\u00edch dob\u00e1ch ne, proto\u017ee pak by si n\u011bkte\u0159\u00ed mohli promnout o\u010di a \u0159\u00edct: \u201eAha, tak\u017ee o to tehdy \u0161lo. Byli jsme oklam\u00e1ni.\u201c A pak by se p\u0159em\u00fd\u0161liv\u00ed lid\u00e9 mohli d\u00e1le zamyslet a zeptat se, jak si v tomto ohledu stoj\u00ed sou\u010dasn\u00e1 politika. Pro\u010d je pro n\u00e1s tak t\u011b\u017ek\u00e9, nebo dokonce nemo\u017en\u00e9, pochopit n\u011bkter\u00e9 v\u011bci, kter\u00e9 se d\u011bj\u00ed? No, s odstupem \u010dasu je snaz\u0161\u00ed alespo\u0148 zjistit, o co tehdy \u0161lo. Reinhard Leube si v t\u00e9to oblasti zaslou\u017eil velk\u00e9 z\u00e1sluhy sv\u00fdm pe\u010dliv\u00fdm v\u00fdzkumem politick\u00fdch d\u011bjin N\u011bmecka, kter\u00fd nyn\u00ed vydal v jeden\u00e1cti svazc\u00edch u nakladatelstv\u00ed AnderweltVerlag. Dnes mluv\u00edme o nejnov\u011bj\u0161\u00edm, jeden\u00e1ct\u00e9m svazku, a tedy o Willym Brandtovi, kter\u00fd se ve skute\u010dnosti narodil jako Herbert Frahm. Ale to nen\u00ed t\u00e9ma, kter\u00e9 prob\u00edr\u00e1me.<\/span><\/p>\n<h3 class=\"bodytext\"><strong><span dir=\"auto\">Pro\u010d N\u011bmci vyvolali studenou v\u00e1lku?<\/span><\/strong><\/h3>\n<p class=\"bodytext\"><span dir=\"auto\">Abychom skute\u010dn\u011b pochopili, pro\u010d musela b\u00fdt Brandtova Ostpolitik omezena, m\u011bli bychom si p\u0159e\u010d\u00edst tyto dva svazky od Reinharda Leubeho: \u201eAni jedna m\u00edrov\u00e1 smlouva\u201c a \u201eRoz\u010darovan\u00ed \u2013 Kohl a Genscher, tito dva\u201c. Tyto knihy, stejn\u011b jako nov\u011bj\u0161\u00ed kniha \u201eKometa bledne\u201c, jsou podpo\u0159eny v\u00edce ne\u017e 500 zdroji. Ano, Willy Brandt byl jako kometa, ale takov\u00e1, kter\u00e1 nesm\u011bla lidem dlouho p\u0159in\u00e1\u0161et radost. Pokus\u00edm se co nejstru\u010dn\u011bji vysv\u011btlit, o co v tom jde. V roce 1943 se Churchill a Roosevelt na sch\u016fzce v Maroku dohodli, \u017ee od N\u011bmecka p\u0159ijmou pouze bezpodm\u00edne\u010dnou kapitulaci. Dnes v\u00edme, jak se to odehr\u00e1lo s prvn\u00ed sv\u011btovou v\u00e1lkou a Versailleskou smlouvou. N\u011bme\u010dt\u00ed d\u016fstojn\u00edci a dal\u0161\u00ed vysoce postaven\u00ed civilist\u00e9 v odboji proti Hitlerovi si uv\u011bdomovali, \u017ee N\u011bmecko tuto v\u00e1lku prohraje.<\/span><\/p>\n<p class=\"bodytext\"><span dir=\"auto\">Vymysleli pl\u00e1n, jak tentokr\u00e1t zabr\u00e1nit \u00fapln\u00e9mu zni\u010den\u00ed N\u011bmecka. Zni\u010duj\u00edc\u00ed m\u00edrovou smlouvou. Zpravodaj\u0161t\u00ed d\u016fstojn\u00edci Gehlen, Canaris a spol. krmili USA dezinformacemi o Sov\u011btsk\u00e9m svazu. Fale\u0161n\u011b tvrdili, \u017ee SSSR m\u00e1 v \u00famyslu dob\u00fdt celou Evropu, a t\u00edm zajistit, aby ob\u011b okupa\u010dn\u00ed z\u00f3ny byly z\u0159\u00edzeny a udr\u017eov\u00e1ny jako protich\u016fdn\u00e9 st\u00e1ty v prvn\u00ed linii. Jak v\u00edme, fungovalo to dob\u0159e. V\u0161ichni z\u00e1padon\u011bme\u010dt\u00ed pov\u00e1le\u010dn\u00ed kancl\u00e9\u0159i se toho \u00fa\u010dastnili, s v\u00fdjimkou Willyho Brandta. Brandt si tak v jist\u00e9m smyslu naivn\u011b vybudoval svou Ostpolitik. A od sam\u00e9ho za\u010d\u00e1tku mu v tom br\u00e1nili. Hned na za\u010d\u00e1tku, je\u0161t\u011b ne\u017e bylo p\u0159\u00edli\u0161 pozd\u011b na to, aby se mu zabr\u00e1nilo st\u00e1t se kancl\u00e9\u0159em, byla v jeho nejbli\u017e\u0161\u00edm kruhu um\u00edst\u011bna \u201enouzov\u00e1 brzda\u201c: G\u00fcnter Guillaume.<\/span><\/p>\n<h3 class=\"bodytext\"><strong><span dir=\"auto\">Nejv\u011bt\u0161\u00ed spiknut\u00ed v\u0161ech dob?<\/span><\/strong><\/h3>\n<p class=\"bodytext\"><span dir=\"auto\">Cel\u00fd tento p\u0159\u00edb\u011bh je politick\u00fd thriller nejvy\u0161\u0161\u00edho \u0159\u00e1du. Thriller, jeho\u017e konec zn\u00e1me, ale ne to, co se doopravdy stalo. Otev\u0159en\u011b i v z\u00e1kulis\u00ed. Jakou roli hr\u00e1la Moskva, co v\u011bd\u011bl Kreml a jak se k Brandtovi choval? Kter\u00e9 medi\u00e1ln\u00ed osobnosti do toho byly zapojeny a jak daleko to za\u0161lo? Co v\u011bd\u011bl V\u00fdchodn\u00ed Berl\u00edn a co se tam d\u011blo? Byl mezi zasv\u011bcen\u00fdmi i Herbert Wehner? A nezapom\u00ednejme na roli Helmuta Schmidta, kter\u00fd byl tak\u00e9 mezi zasv\u011bcen\u00fdmi. Vid\u00edte, \u017ee to musela b\u00fdt jedna z nejv\u011bt\u0161\u00edch konspirac\u00ed, kter\u00e1 dodnes z\u016fstala prakticky neprozkouman\u00e1. Nikdo ve Washingtonu, Moskv\u011b ani ve V\u00fdchodn\u00edm Berl\u00edn\u011b o n\u00ed nic nev\u011bd\u011bl. A ano, ani v mlad\u00e9 Spolkov\u00e9 republice N\u011bmecko o n\u00ed 99,99 procent lid\u00ed nic nev\u011bd\u011blo a plat\u00ed to dodnes. I Willy Brandt se stal ob\u011bt\u00ed sv\u00e9 vlastn\u00ed nev\u011bdomosti.<\/span><\/p>\n<p class=\"bodytext\"><span dir=\"auto\">Nakonec jsme se v\u0161ichni stali ob\u011b\u0165mi vlastn\u00ed nev\u011bdomosti. Volili jsme, ani\u017e bychom si uv\u011bdomovali, \u017ee na\u0161e volba na \u201eznovusjednocen\u00ed\u201c nic nezm\u011bn\u00ed. V\u0161echny strany m\u011bnily sv\u016fj postoj ke znovusjednocen\u00ed jako spodn\u00ed pr\u00e1dlo, podle toho, na kter\u00fd voli\u010dsk\u00fd obvod se cht\u011bly obr\u00e1tit. Ne\u0161lo tedy jen o spiknut\u00ed proti v\u00edt\u011bzn\u00fdm mocnostem, ale i proti na\u0161emu vlastn\u00edmu lidu. To se n\u00e1m st\u00e1le nem\u00e1 \u0159\u00edkat. Jde to tak daleko, \u017ee YouTube p\u0159ed n\u011bkolika lety smazal m\u00e9 video na toto t\u00e9ma. Nov\u00e9 d\u00edlo Reinharda Leubeho nelze smazat, stejn\u011b jako v\u0161echna jeho dal\u0161\u00ed d\u00edla vydan\u00e1 nakladatelstv\u00edm AnderweltVerlag, kter\u00e1 opravuj\u00ed n\u011bmeck\u00fd historick\u00fd narativ. Ale bu\u010fte opatrn\u00ed. Po p\u0159e\u010dten\u00ed knihy \u201eKometa bledne\u201c v\u00e1s mohou napadnout hloup\u00e9 my\u0161lenky. Jsme dnes klam\u00e1ni stejn\u011b jako za \u010das\u016f Willyho Brandta? Rozlu\u010dte se s masami neinformovan\u00fdch a za\u010dn\u011bte ch\u00e1pat, \u017ee politika je velk\u00e9 divadlo, ve kter\u00e9m jsme jen div\u00e1ky. \u201eNa\u0161e demokracie\u201c, nebo ne.<\/span><\/p>\n<p><a href=\"https:\/\/www.anderweltonline.com\/klartext\/klartext-20252\/der-komet-verblasst\/\">Peter Haisenko<\/a><\/p>\n<p>&nbsp;<\/p>\n","protected":false},"excerpt":{"rendered":"<p>Realita p\u00ed\u0161e nejlep\u0161\u00ed politick\u00e9 thrillery. Stejn\u011b jako komety, kter\u00e9 se objevuj\u00ed a miz\u00ed, je to&#8230;<\/p>\n","protected":false},"author":2,"featured_media":95849,"comment_status":"closed","ping_status":"closed","sticky":false,"template":"","format":"standard","meta":[],"categories":[7],"tags":[1503,84,35,122],"_links":{"self":[{"href":"https:\/\/www.infokuryr.cz\/n\/wp-json\/wp\/v2\/posts\/95848"}],"collection":[{"href":"https:\/\/www.infokuryr.cz\/n\/wp-json\/wp\/v2\/posts"}],"about":[{"href":"https:\/\/www.infokuryr.cz\/n\/wp-json\/wp\/v2\/types\/post"}],"author":[{"embeddable":true,"href":"https:\/\/www.infokuryr.cz\/n\/wp-json\/wp\/v2\/users\/2"}],"replies":[{"embeddable":true,"href":"https:\/\/www.infokuryr.cz\/n\/wp-json\/wp\/v2\/comments?post=95848"}],"version-history":[{"count":0,"href":"https:\/\/www.infokuryr.cz\/n\/wp-json\/wp\/v2\/posts\/95848\/revisions"}],"wp:featuredmedia":[{"embeddable":true,"href":"https:\/\/www.infokuryr.cz\/n\/wp-json\/wp\/v2\/media\/95849"}],"wp:attachment":[{"href":"https:\/\/www.infokuryr.cz\/n\/wp-json\/wp\/v2\/media?parent=95848"}],"wp:term":[{"taxonomy":"category","embeddable":true,"href":"https:\/\/www.infokuryr.cz\/n\/wp-json\/wp\/v2\/categories?post=95848"},{"taxonomy":"post_tag","embeddable":true,"href":"https:\/\/www.infokuryr.cz\/n\/wp-json\/wp\/v2\/tags?post=95848"}],"curies":[{"name":"wp","href":"https:\/\/api.w.org\/{rel}","templated":true}]}}