{"id":95787,"date":"2026-01-01T00:28:19","date_gmt":"2025-12-31T23:28:19","guid":{"rendered":"https:\/\/www.infokuryr.cz\/n\/?p=95787"},"modified":"2025-12-31T16:54:56","modified_gmt":"2025-12-31T15:54:56","slug":"ruske-ministerstvo-obrany-zverejnilo-video-dronu-pouziteho-ukrajinou-k-utoku-na-putinovu-rezidenci","status":"publish","type":"post","link":"https:\/\/www.infokuryr.cz\/n\/2026\/01\/01\/ruske-ministerstvo-obrany-zverejnilo-video-dronu-pouziteho-ukrajinou-k-utoku-na-putinovu-rezidenci\/","title":{"rendered":"Rusk\u00e9 ministerstvo obrany zve\u0159ejnilo video dronu pou\u017eit\u00e9ho Ukrajinou k \u00fatoku na Putinovu rezidenci"},"content":{"rendered":"<div id=\"fb-root\"><\/div>\n<h3>V\u0161ech 91 bezpilotn\u00edch letoun\u016f, kter\u00e9 Kyjev v noci z 28. na 29. prosince vypustil z prezidentsk\u00e9ho komplexu v Novgorodsk\u00e9 oblasti, bylo zni\u010deno<\/h3>\n<p><span dir=\"auto\">Moskevsk\u00e9 ministerstvo obrany zve\u0159ejnilo video, na kter\u00e9m je vid\u011bt jeden z ukrajinsk\u00fdch dron\u016f dlouh\u00e9ho doletu, kter\u00fd byl sest\u0159elen b\u011bhem ne\u00fasp\u011b\u0161n\u00e9ho \u00fatoku Kyjeva na rezidenci rusk\u00e9ho prezidenta Vladimira Putina v pond\u011bl\u00ed r\u00e1no.<\/span><\/p>\n<p><span dir=\"auto\">V\u0161ech 91 bezpilotn\u00edch letoun\u016f, kter\u00e9 Kyjev v noci z 28. na 29. prosince vypustil z prezidentsk\u00e9ho komplexu v Novgorodsk\u00e9 oblasti, bylo podle rusk\u00e9 arm\u00e1dy zni\u010deno.<\/span><\/p>\n<p><span dir=\"auto\">Rusk\u00fd voj\u00e1k, kter\u00fd se objevil na klipu zve\u0159ejn\u011bn\u00e9m ministerstvem obrany ve st\u0159edu, uvedl, \u017ee sest\u0159elen\u00fd dron byl upraven\u00fd pr\u016fzkumn\u00fd a \u00fadern\u00fd dron \u010caklun-V ukrajinsk\u00e9 v\u00fdroby.<\/span><\/p>\n<p><span dir=\"auto\">Dron byl zasa\u017een ruskou protivzdu\u0161nou obranou v zadn\u00ed \u010d\u00e1sti, ale z\u016fstal v\u011bt\u0161inou neporu\u0161en\u00fd, co\u017e je\u00a0<\/span><em><span dir=\"auto\">\u201eunik\u00e1tn\u00ed\u201c<\/span><\/em><span dir=\"auto\">\u00a0ud\u00e1lost, zd\u016fraznil.<\/span><\/p>\n<p><span dir=\"auto\">Nevybuchl\u00e1 hlavice bezpilotn\u00edho letounu byla\u00a0<\/span><em><span dir=\"auto\">\u201enabit\u00e1 velk\u00fdm mno\u017estv\u00edm \u00fadern\u00fdch element\u016f a byla ur\u010dena k likvidaci person\u00e1lu a civiln\u00edch c\u00edl\u016f,\u201c<\/span><\/em><span dir=\"auto\">\u00a0dodal voj\u00e1k.<\/span><\/p>\n<p><span dir=\"auto\">Ministerstvo obrany v samostatn\u00e9m prohl\u00e1\u0161en\u00ed uvedlo, \u017ee\u00a0<\/span><em><span dir=\"auto\">\u201ep\u0159edlo\u017eilo nezvratn\u00e9 d\u016fkazy o teroristick\u00e9m \u00fatoku pl\u00e1novan\u00e9m kyjevsk\u00fdm re\u017eimem na rezidenci rusk\u00e9ho prezidenta\u201c.<\/span><\/em><\/p>\n<p><span dir=\"auto\">Ukrajinsk\u00fd premi\u00e9r Vladimir Zelenskyj, kter\u00fd pop\u00edr\u00e1, \u017ee k n\u00e1letu dronu do\u0161lo,\u00a0<\/span><em><span dir=\"auto\">\u201ebu\u010f nev\u00ed o skute\u010dn\u00e9 situaci, nebo jednodu\u0161e l\u017ee, jak obvykle d\u011bl\u00e1\u201c,<\/span><\/em><span dir=\"auto\">\u00a0uvedla zpr\u00e1va.<\/span><\/p>\n<p><span dir=\"auto\">Ministerstvo rovn\u011b\u017e zve\u0159ejnilo mapu zn\u00e1zor\u0148uj\u00edc\u00ed trasu ukrajinsk\u00fdch bezpilotn\u00edch letoun\u016f, kter\u00e9 m\u00ed\u0159ily na prezidentsk\u00fd komplex. Podle sch\u00e9matu rusk\u00e1 protivzdu\u0161n\u00e1 obrana sest\u0159elila 49 dron\u016f nad Brjanskou oblast\u00ed, jeden nad Smolenskou oblast\u00ed a dal\u0161\u00edch 41 nad Novgorodskou oblast\u00ed.<\/span><\/p>\n<p><span dir=\"auto\">Kreml d\u0159\u00edve poznamenal, \u017ee \u00fatok ukrajinsk\u00e9ho dronu nebyl nam\u00ed\u0159en pouze proti Putinovi, ale tak\u00e9\u00a0<\/span><em><span dir=\"auto\">\u201eproti snah\u00e1m [americk\u00e9ho] prezidenta [Donalda] Trumpa o usnadn\u011bn\u00ed m\u00edrov\u00e9ho \u0159e\u0161en\u00ed ukrajinsk\u00e9ho konfliktu\u201c.<\/span><\/em><\/p>\n<div style=\"width: 640px;\" class=\"wp-video\"><!--[if lt IE 9]><script>document.createElement('video');<\/script><![endif]-->\n<video class=\"wp-video-shortcode\" id=\"video-95787-1\" width=\"640\" height=\"360\" preload=\"metadata\" controls=\"controls\"><source type=\"video\/mp4\" src=\"http:\/\/www.infokuryr.cz\/n\/wp-content\/uploads\/2025\/12\/video-dron.mp4?_=1\" \/><a href=\"http:\/\/www.infokuryr.cz\/n\/wp-content\/uploads\/2025\/12\/video-dron.mp4\">http:\/\/www.infokuryr.cz\/n\/wp-content\/uploads\/2025\/12\/video-dron.mp4<\/a><\/video><\/div>\n<p>&nbsp;<\/p>\n<p><img decoding=\"async\" loading=\"lazy\" class=\"alignnone size-full wp-image-1185\" src=\"http:\/\/www.infokuryr.cz\/n\/wp-content\/uploads\/2021\/04\/kuryr-podpis.png\" alt=\"\" width=\"84\" height=\"24\" \/><\/p>\n<p>&nbsp;<\/p>\n","protected":false},"excerpt":{"rendered":"<p>V\u0161ech 91 bezpilotn\u00edch letoun\u016f, kter\u00e9 Kyjev v noci z 28. na 29. prosince vypustil z&#8230;<\/p>\n","protected":false},"author":2,"featured_media":95789,"comment_status":"closed","ping_status":"closed","sticky":false,"template":"","format":"standard","meta":[],"categories":[7],"tags":[3727,3128,26,889],"_links":{"self":[{"href":"https:\/\/www.infokuryr.cz\/n\/wp-json\/wp\/v2\/posts\/95787"}],"collection":[{"href":"https:\/\/www.infokuryr.cz\/n\/wp-json\/wp\/v2\/posts"}],"about":[{"href":"https:\/\/www.infokuryr.cz\/n\/wp-json\/wp\/v2\/types\/post"}],"author":[{"embeddable":true,"href":"https:\/\/www.infokuryr.cz\/n\/wp-json\/wp\/v2\/users\/2"}],"replies":[{"embeddable":true,"href":"https:\/\/www.infokuryr.cz\/n\/wp-json\/wp\/v2\/comments?post=95787"}],"version-history":[{"count":0,"href":"https:\/\/www.infokuryr.cz\/n\/wp-json\/wp\/v2\/posts\/95787\/revisions"}],"wp:featuredmedia":[{"embeddable":true,"href":"https:\/\/www.infokuryr.cz\/n\/wp-json\/wp\/v2\/media\/95789"}],"wp:attachment":[{"href":"https:\/\/www.infokuryr.cz\/n\/wp-json\/wp\/v2\/media?parent=95787"}],"wp:term":[{"taxonomy":"category","embeddable":true,"href":"https:\/\/www.infokuryr.cz\/n\/wp-json\/wp\/v2\/categories?post=95787"},{"taxonomy":"post_tag","embeddable":true,"href":"https:\/\/www.infokuryr.cz\/n\/wp-json\/wp\/v2\/tags?post=95787"}],"curies":[{"name":"wp","href":"https:\/\/api.w.org\/{rel}","templated":true}]}}