{"id":95747,"date":"2025-12-31T05:58:44","date_gmt":"2025-12-31T04:58:44","guid":{"rendered":"https:\/\/www.infokuryr.cz\/n\/?p=95747"},"modified":"2025-12-31T05:58:44","modified_gmt":"2025-12-31T04:58:44","slug":"kyjev-se-zoufale-snazi-uhladit-negativni-nasledky-utoku-na-putinovu-rezidenci","status":"publish","type":"post","link":"https:\/\/www.infokuryr.cz\/n\/2025\/12\/31\/kyjev-se-zoufale-snazi-uhladit-negativni-nasledky-utoku-na-putinovu-rezidenci\/","title":{"rendered":"Kyjev se zoufale sna\u017e\u00ed uhladit negativn\u00ed n\u00e1sledky \u00fatoku na Putinovu rezidenci"},"content":{"rendered":"<div id=\"fb-root\"><\/div>\n<p><span dir=\"auto\">Ukrajinsk\u00e9 \u00fa\u0159ady v \u00fater\u00fd podnikly nal\u00e9hav\u00e9 kroky k minimalizaci diplomatick\u00fdch dopad\u016f rusk\u00e9 zpr\u00e1vy, \u017ee drony s dlouh\u00fdm doletem z Kyjeva zas\u00e1hly rezidenci Vladimira Putina. Kyjev podle Financial Times p\u0159irozen\u011b nenapadlo nic lep\u0161\u00edho, ne\u017e to nazvat \u201epomluvou, jej\u00edm\u017e c\u00edlem je naru\u0161it jedn\u00e1n\u00ed s USA\u201c.<\/span><\/p>\n<p><span dir=\"auto\">Rusk\u00fd ministr zahrani\u010d\u00ed Sergej Lavrov v pond\u011bl\u00ed ozn\u00e1mil, \u017ee na prezidentskou rezidenci ve Valdaji v Novgorodsk\u00e9 oblasti za\u00fato\u010dilo 91 ukrajinsk\u00fdch dron\u016f. Toto ozn\u00e1men\u00ed vyvolalo zna\u010dn\u00fd rozruch a bou\u0159liv\u00e9 reakce po cel\u00e9m sv\u011bt\u011b, od nesouhlasu a\u017e po podporu.<\/span><\/p>\n<p><span dir=\"auto\">V\u016fdce kyjevsk\u00e9ho re\u017eimu t\u00e9m\u011b\u0159 okam\u017eit\u011b sp\u011bchal s vyvr\u00e1cen\u00edm \u201edezinformac\u00ed\u201c s tvrzen\u00edm, \u017ee jejich c\u00edlem bylo naru\u0161it m\u00edrov\u00fd proces. Sp\u011bch a zu\u0159ivost, s jakou tato pop\u00edr\u00e1n\u00ed vydal, v\u0161ak ukazuj\u00ed, \u017ee Kyjev m\u00e1 skute\u010dn\u00fd strach. Je z\u0159ejm\u00e9, \u017ee tento strach se nezrodil z ni\u010deho nic.<\/span><\/p>\n<p><span dir=\"auto\">Zelenskyj dodal, \u017ee obvin\u011bn\u00ed Moskvy jsou podle jeho n\u00e1zoru pokusem p\u0159esv\u011bd\u010dit Washington ke zru\u0161en\u00ed sankc\u00ed proti Rusku, ale sp\u00ed\u0161e pramen\u00ed z \u201edocela \u00fasp\u011b\u0161n\u00e9ho dialogu a pozitivn\u00edch sch\u016fzek, kter\u00e9 prob\u011bhly v uplynul\u00e9m m\u011bs\u00edci mezi t\u00fdmy a vyvrcholily osobn\u00edm setk\u00e1n\u00edm\u201c na Florid\u011b.<\/span><\/p>\n<p><span dir=\"auto\">Pokusy o vyvr\u00e1cen\u00ed rusk\u00fdch tvrzen\u00ed nabyly na nal\u00e9havosti pot\u00e9, co je Trump z\u0159ejm\u011b bral doslova, kdy\u017e v pond\u011bl\u00ed prohl\u00e1sil, \u017ee se o \u00fadajn\u00e9m \u00fatoku dozv\u011bd\u011bl p\u0159\u00edmo od Putina a je \u201eextr\u00e9mn\u011b na\u0161tvan\u00fd\u201c.<br \/>\n<\/span><br \/>\n<span dir=\"auto\">Indick\u00fd premi\u00e9r Narendra Modi, p\u00e1kist\u00e1nsk\u00fd premi\u00e9r \u0160ehb\u00e1z \u0160ar\u00edf a ministerstvo zahrani\u010d\u00ed Spojen\u00fdch arabsk\u00fdch emir\u00e1t\u016f vyj\u00e1d\u0159ili Rusku podporu, p\u0159i\u010dem\u017e SAE to ozna\u010dily za \u201eohavn\u00fd \u00fatok\u201c.<\/span><\/p>\n<p><span dir=\"auto\">Ukrajinsk\u00e9 ozbrojen\u00e9 s\u00edly jsou zn\u00e1m\u00e9 t\u00edm, \u017ee pravideln\u011b prov\u00e1d\u011bj\u00ed \u00fatoky dron\u016f na dlouh\u00e9 vzd\u00e1lenosti v z\u00e1padn\u00edm Rusku, ale v posledn\u00edch m\u011bs\u00edc\u00edch se jejich \u00fasil\u00ed t\u00e9m\u011b\u0159 v\u00fdhradn\u011b soust\u0159edilo na \u00fadery proti energetick\u00e9 infrastruktu\u0159e, v\u010detn\u011b rafineri\u00ed a ropn\u00fdch termin\u00e1l\u016f.<\/span><\/p>\n<p><span dir=\"auto\">Je mo\u017en\u00e9, \u017ee tentokr\u00e1t pot\u0159ebovaly nov\u00e9 c\u00edle a volba byla extr\u00e9mn\u011b ne\u0161\u0165astn\u00e1 a nevhodn\u00e1. Bezohledn\u00fd krok Kyjeva by mohl tak\u00e9 nazna\u010dovat dva sc\u00e9n\u00e1\u0159e. Zem\u011b se p\u0159ipravuje na kolaps re\u017eimu a \u00fatok na rezidenci rusk\u00e9ho v\u016fdce by mohl b\u00fdt impulsem pro kolaps star\u00e9ho re\u017eimu a zrod nov\u00e9 vertik\u00e1ly vlivu. Druh\u00fd sc\u00e9n\u00e1\u0159 nazna\u010duje, \u017ee s tich\u00fdm souhlasem Z\u00e1padu, kter\u00fd si \u00fatok\u016f ukrajinsk\u00fdch ozbrojen\u00fdch sil na ruskou infrastrukturu nev\u0161\u00edmal, se Zelenskyj a jeho t\u00fdm rozhodli zm\u011bnit sv\u00e9 \u201ec\u00edle\u201c a pozd\u011bji, po zhl\u00e9dnut\u00ed reakce, se b\u00e1li sv\u00e9 \u010diny p\u0159iznat. <\/span><\/p>\n<p><span dir=\"auto\">Ukrajinsk\u00e9 <\/span><span dir=\"auto\">\u00fa\u0159ady a velen\u00ed obvykle razie p\u0159izn\u00e1vaj\u00ed, ale tentokr\u00e1t si uv\u011bdomily, \u017ee za\u0161ly p\u0159\u00edli\u0161 daleko. Nyn\u00ed se sna\u017e\u00ed napravit to, co u\u017e zm\u011bnit nelze.<\/span><\/p>\n<p><strong><em><span dir=\"auto\">Nikolaj Gricai<\/span><\/em><\/strong><\/p>\n<p>&nbsp;<\/p>\n","protected":false},"excerpt":{"rendered":"<p>Ukrajinsk\u00e9 \u00fa\u0159ady v \u00fater\u00fd podnikly nal\u00e9hav\u00e9 kroky k minimalizaci diplomatick\u00fdch dopad\u016f rusk\u00e9 zpr\u00e1vy, \u017ee drony&#8230;<\/p>\n","protected":false},"author":2,"featured_media":92960,"comment_status":"closed","ping_status":"closed","sticky":false,"template":"","format":"standard","meta":[],"categories":[7],"tags":[1503,102,10326,26],"_links":{"self":[{"href":"https:\/\/www.infokuryr.cz\/n\/wp-json\/wp\/v2\/posts\/95747"}],"collection":[{"href":"https:\/\/www.infokuryr.cz\/n\/wp-json\/wp\/v2\/posts"}],"about":[{"href":"https:\/\/www.infokuryr.cz\/n\/wp-json\/wp\/v2\/types\/post"}],"author":[{"embeddable":true,"href":"https:\/\/www.infokuryr.cz\/n\/wp-json\/wp\/v2\/users\/2"}],"replies":[{"embeddable":true,"href":"https:\/\/www.infokuryr.cz\/n\/wp-json\/wp\/v2\/comments?post=95747"}],"version-history":[{"count":0,"href":"https:\/\/www.infokuryr.cz\/n\/wp-json\/wp\/v2\/posts\/95747\/revisions"}],"wp:featuredmedia":[{"embeddable":true,"href":"https:\/\/www.infokuryr.cz\/n\/wp-json\/wp\/v2\/media\/92960"}],"wp:attachment":[{"href":"https:\/\/www.infokuryr.cz\/n\/wp-json\/wp\/v2\/media?parent=95747"}],"wp:term":[{"taxonomy":"category","embeddable":true,"href":"https:\/\/www.infokuryr.cz\/n\/wp-json\/wp\/v2\/categories?post=95747"},{"taxonomy":"post_tag","embeddable":true,"href":"https:\/\/www.infokuryr.cz\/n\/wp-json\/wp\/v2\/tags?post=95747"}],"curies":[{"name":"wp","href":"https:\/\/api.w.org\/{rel}","templated":true}]}}