{"id":95741,"date":"2025-12-31T05:28:52","date_gmt":"2025-12-31T04:28:52","guid":{"rendered":"https:\/\/www.infokuryr.cz\/n\/?p=95741"},"modified":"2025-12-31T05:28:52","modified_gmt":"2025-12-31T04:28:52","slug":"rok-2026-nebude-rokem-revoluce-ale-rokem-adaptace-a-normalizace-valky-a-totalni-kontroly-obyvatelstva","status":"publish","type":"post","link":"https:\/\/www.infokuryr.cz\/n\/2025\/12\/31\/rok-2026-nebude-rokem-revoluce-ale-rokem-adaptace-a-normalizace-valky-a-totalni-kontroly-obyvatelstva\/","title":{"rendered":"Rok 2026 nebude rokem revoluce, ale rokem adaptace a normalizace v\u00e1lky a tot\u00e1ln\u00ed kontroly obyvatelstva!"},"content":{"rendered":"<div id=\"fb-root\"><\/div>\n<h4>Rok 2026 nebude rokem revoluce, ale rokem adaptace a normalizace v\u00e1lky a tot\u00e1ln\u00ed kontroly obyvatelstva! Cel\u00fd sv\u011bt bude zdrogovan\u00fd novou realitou krachuj\u00edc\u00ed ekonomiky star\u00e9ho sv\u011bta a pot\u0159eby v\u00fddaj\u016f na nekone\u010dn\u00e9 zbrojen\u00ed ekonomiky nov\u00e9ho v\u011bku! Globalisty vypu\u0161t\u011bn\u00e1 ob\u00e1lka \u010dasopisu The Economist ukazuje, \u017ee v\u00e1lka a ekonomika splyne v roce 2026 v jeden celek jako nov\u00fd motor sv\u011btov\u00e9 globalizace!<\/h4>\n<p>V z\u00e1v\u011bru roku pravideln\u011b p\u0159in\u00e1\u0161\u00edme na\u0161im \u010dten\u00e1\u0159\u016fm anal\u00fdzy ob\u00e1lek \u010dasopisu The Economist, kter\u00e9 v mnoha ohledech trefn\u011b p\u0159edpov\u00eddaj\u00ed r\u00e1mcov\u00e9 procesy, kter\u00e9 v n\u00e1sleduj\u00edc\u00edm roce budou prob\u00edhat a posilovat. Leto\u0161n\u00ed ob\u00e1lka \u201c<em>The World Ahead 2026<\/em>\u201d je ov\u0161em opravdu v\u00fdjime\u010dn\u011b otev\u0159en\u00e1 a z hlediska konceptuality by se dalo \u0159\u00edct, \u017ee vid\u00edme na ob\u00e1lce katarzi sv\u011btov\u00fdch proces\u016f \u0159\u00edzen\u00ed.<\/p>\n<p><strong>Prost\u011b vid\u00edme obraz, \u017ee jsme sv\u011bdky naturalizace v\u00e1lky jako p\u0159irozen\u00e9ho a vlastn\u011b jedin\u00e9ho ekonomick\u00e9ho stimulu globalizace<\/strong>, proto\u017ee v\u0161echny ostatn\u00ed stimuly se zkr\u00e1tka pro dal\u0161\u00ed nekone\u010dn\u00fd r\u016fst glob\u00e1ln\u00edho HDP naprosto vy\u010derpaly, a to ji\u017e n\u011bkdy v roce 2017 a\u017e 2018, kdy padlo rozhodnut\u00ed, \u017ee se mus\u00ed spustit proces kvantifikovan\u00e9ho uvol\u0148ov\u00e1n\u00ed pen\u011bz mezi firmy, a to pod rou\u0161kou spu\u0161t\u011bn\u00ed pandemie.<\/p>\n<p><a href=\"https:\/\/aeronet.news\/wp-content\/uploads\/TheEconomist2026thumb.jpg\"><img decoding=\"async\" loading=\"lazy\" class=\"wp-image-65792 aligncenter\" src=\"https:\/\/aeronet.news\/wp-content\/uploads\/TheEconomist2026thumb.jpg\" sizes=\"(max-width: 959px) 100vw, 959px\" srcset=\"https:\/\/aeronet.news\/wp-content\/uploads\/TheEconomist2026thumb.jpg 959w, https:\/\/aeronet.news\/wp-content\/uploads\/TheEconomist2026thumb-246x300.jpg 246w, https:\/\/aeronet.news\/wp-content\/uploads\/TheEconomist2026thumb-768x935.jpg 768w, https:\/\/aeronet.news\/wp-content\/uploads\/TheEconomist2026thumb-841x1024.jpg 841w, https:\/\/aeronet.news\/wp-content\/uploads\/TheEconomist2026thumb-700x853.jpg 700w, https:\/\/aeronet.news\/wp-content\/uploads\/TheEconomist2026thumb-293x357.jpg 293w, https:\/\/aeronet.news\/wp-content\/uploads\/TheEconomist2026thumb-397x483.jpg 397w\" alt=\"\" width=\"672\" height=\"818\" \/><\/a><\/p>\n<p>Rozhazov\u00e1n\u00ed pen\u011bz v USA a v EU v letech 2020 a\u017e po\u010d\u00e1tku 2022 v r\u00e1mci tzv. pandemick\u00fdch benefit\u016f a obrovsk\u00e9 dotace automobilk\u00e1m, aby za\u010daly vyr\u00e1b\u011bt auta na baterky, kter\u00e9 p\u0159itom nikdo necht\u011bl a nekupoval, a\u017e na v\u00fdjimky lid\u00ed zneu\u017e\u00edvaj\u00edc\u00edch n\u011bmeck\u00e9 a evropsk\u00e9 dotace, nevedlo k o\u017eiven\u00ed ekonomik, ale k jejich kolapsu a vy\u010derp\u00e1n\u00ed. V\u00e1lka na Ukrajin\u011b na pokyn glob\u00e1ln\u00edho prediktora byla \u00faderem, kter\u00fd ekonomiky USA a EU dorazil na zem.<\/p>\n<p>N\u00e1stup \u010c\u00edny a jej\u00edch satelit\u016f mohl zapo\u010d\u00edt. A n\u00e1stup \u010c\u00edny, kter\u00e1 svoj\u00ed ekonomikou za\u010dne st\u0159\u00edlet na USA pr\u00e1v\u011b na 250. v\u00fdro\u010d\u00ed vyhl\u00e1\u0161en\u00ed nez\u00e1vislosti USA, m\u016f\u017eeme vid\u011bt na ob\u00e1lce The Economist. Z kontejner\u016f s \u010d\u00ednsk\u00fdm zbo\u017e\u00edm let\u00ed vyst\u0159elen\u00e9 rakety p\u0159\u00edmo na americk\u00fd v\u00fdro\u010dn\u00ed dort.<\/p>\n<h3>Rok 2026 transformuje na v\u00e1le\u010dnou ekonomiku celou globalizaci<\/h3>\n<p>Pod dortem vid\u00edte \u010derven\u00fd klesaj\u00edc\u00ed ekonomick\u00fd graf USA a nad n\u00edm symbol v\u00e1lky, tedy zk\u0159\u00ed\u017een\u00e9ho me\u010de a \u0161avle. V t\u011bsn\u00e9 bl\u00edzkosti grafu vpravo je Donald Trump, vlevo je \u010d\u00ednsk\u00fd prezident Xi.\u00a0<strong>T\u00edm je to dan\u00e9, \u017ee graf symbolizuje propad vz\u00e1jemn\u00e9ho obchodu mezi USA a \u010c\u00ednou do takov\u00e9 m\u00edry, \u017ee to bude znamenat v\u00e1lku, minim\u00e1ln\u011b tu obchodn\u00ed, co\u017e symbolizuj\u00ed ty me\u010de a \u0161avle.<\/strong><\/p>\n<p>Po boku \u010d\u00ednsk\u00e9ho prezidenta stoj\u00ed v \u010dern\u00e9m saku Benjamin Netanyahu a za nimi Vladimir Putin. Zat\u00edmco indick\u00fd premi\u00e9r Modi a italsk\u00e1 premi\u00e9rka Giorgia Meloni stoj\u00ed za Trumpem. Tohle rozd\u011blen\u00ed postav je pro v\u011bt\u0161inu analytik\u016f, co jsem v posledn\u00edch dnech \u010detl, naprosto nepochopiteln\u00e9, ale p\u0159itom z konceptu\u00e1ln\u00edho hlediska je to logick\u00e9.<\/p>\n<p><a href=\"https:\/\/aeronet.news\/wp-content\/uploads\/TheEconomist2026_Detail1.jpg\"><img decoding=\"async\" loading=\"lazy\" class=\"wp-image-65796 aligncenter\" src=\"https:\/\/aeronet.news\/wp-content\/uploads\/TheEconomist2026_Detail1.jpg\" sizes=\"(max-width: 700px) 100vw, 700px\" srcset=\"https:\/\/aeronet.news\/wp-content\/uploads\/TheEconomist2026_Detail1.jpg 700w, https:\/\/aeronet.news\/wp-content\/uploads\/TheEconomist2026_Detail1-300x179.jpg 300w, https:\/\/aeronet.news\/wp-content\/uploads\/TheEconomist2026_Detail1-598x357.jpg 598w\" alt=\"\" width=\"655\" height=\"391\" \/><\/a><\/p>\n<p>Putin, Xi a Netanyahu maj\u00ed jedno spole\u010dn\u00e9 \u2013\u00a0<strong>cht\u011bj\u00ed z\u00edskat \u00fazem\u00ed.<\/strong>\u00a0Putin chce \u010d\u00e1st Ukrajiny, Xi chce Taiwan a Bibi chce Gazu. Proto na ob\u00e1lce stoj\u00ed spolu ve skupin\u011b. V roce 2026 proto tito 3 budou m\u00edt k sob\u011b naprosto konceptu\u00e1ln\u011b nejbl\u00ed\u017e, ale ka\u017ed\u00fd trochu jinak, proto\u017ee v r\u00e1mci glob\u00e1ln\u00ed perestrojky se budou p\u0159ekreslovat hranice st\u00e1t\u016f v r\u016fzn\u00fdch \u010d\u00e1stech sv\u011bta \u2013 na Ukrajin\u011b, v Gaze a mo\u017en\u00e1 i na Taiwanu.<\/p>\n<p>Naproti tomu Trump m\u00e1 u sebe a za z\u00e1dy jen Modiho. Meloniov\u00e1 stoj\u00ed ve stop\u011b p\u00e1s\u016f tank\u016f. Modi symbolizuje Indii, kter\u00e1 pot\u0159ebuje p\u0159\u00edze\u0148 Donalda Trumpa a ekonomicky je Indie v\u00edce z\u00e1visl\u00e1 na exportu do USA, proto je Modi za Trumpem. Meloniov\u00e1 se d\u00edv\u00e1 zezadu na tank. Je to symbol, \u017ee EU neovl\u00e1d\u00e1 v\u00e1lku, \u017ee pouze sleduje n\u011bco, co u\u017e nejde ani z Bruselu kontrolovat.<\/p>\n<h3>Boj Ameri\u010dan\u016f za svobodu se za 250 let prom\u011bnil v americk\u00fd \u00fatisk cel\u00e9ho sv\u011bta<\/h3>\n<p>Nad Trumpem a Xi je \u0161\u0148\u016fra spojuj\u00edc\u00ed hern\u00ed ovlada\u010d s lidsk\u00fdm mozkem.\u00a0<strong>To je naprosto jasn\u00fd symbol Total Control. P\u0159esn\u011b takto se zobrazuje tot\u00e1ln\u00ed \u0159\u00edzen\u00ed.<\/strong>\u00a0Rok 2026 tedy bude rokem pos\u00edlen\u00ed tot\u00e1ln\u00edho \u0159\u00edzen\u00ed nad obyvatelstvem. Pod ekonomick\u00fdm grafem je soudn\u00ed klad\u00edvko a prasknut\u00e1 d\u0159ev\u011bn\u00e1 podlo\u017eka klad\u00edvka. To ukazuje na prudk\u00e9 obchodn\u00ed arbitr\u00e1\u017ee spojen\u00e9 s obchodn\u00ed v\u00e1lkou mezi USA a \u010c\u00ednou. Pod klad\u00edvkem je popraskan\u00fd a oml\u00e1cen\u00fd symbol americk\u00e9ho dolaru. Ten bude v roce 2026 tedy velmi trp\u011bt. Naproti tomu p\u011bst s pouty spojen\u00fdmi s dortem je sarkasmus.<\/p>\n<p><a href=\"https:\/\/aeronet.news\/wp-content\/uploads\/TheEconomist2026_Detail2.jpg\"><img decoding=\"async\" loading=\"lazy\" class=\"wp-image-65795 aligncenter\" src=\"https:\/\/aeronet.news\/wp-content\/uploads\/TheEconomist2026_Detail2.jpg\" sizes=\"(max-width: 700px) 100vw, 700px\" srcset=\"https:\/\/aeronet.news\/wp-content\/uploads\/TheEconomist2026_Detail2.jpg 700w, https:\/\/aeronet.news\/wp-content\/uploads\/TheEconomist2026_Detail2-300x166.jpg 300w, https:\/\/aeronet.news\/wp-content\/uploads\/TheEconomist2026_Detail2-646x357.jpg 646w\" alt=\"\" width=\"695\" height=\"384\" \/><\/a><\/p>\n<p>Boj za svobodu, tedy symbol p\u011bsti, je sarkasticky spout\u00e1n a p\u0159ipout\u00e1n k odkazu 250 let americk\u00e9 historie pln\u00e9 \u00fatisku ostatn\u00edch.\u00a0<strong>Jde o globalistick\u00fd sarkasmus, \u017ee ze zem\u011b svobody se stala zem\u011b, kter\u00e1 utiskuje ostatn\u00ed n\u00e1rody a st\u0159\u00edl\u00ed na n\u011b raketami, kter\u00e9 vid\u00edte za dortem.<\/strong>\u00a0Prost\u011b velmi poveden\u00fd a trefn\u00fd sarkasmus. Dole vid\u00edte rudou volebn\u00ed urnu, kter\u00e1 symbolizuje volby a referendum na Ukrajin\u011b.<\/p>\n<p>Hned za urnou je mal\u00fd tank. V\u0161imn\u011bte si ov\u0161em vpravo naho\u0159e od dortu f\u00e9nick\u00e9 obchodn\u00ed lodi, na kter\u00e9 F\u00e9ni\u010dan nab\u00edz\u00ed Zelensk\u00e9mu d\u00f3zu. Tady v\u011bt\u0161ina americk\u00fdch analytik\u016f naprosto vyho\u0159ela, proto\u017ee nev\u00ed, co vid\u00ed. Sc\u00e9na zobrazuje p\u0159ed\u00e1v\u00e1n\u00ed tzv.\u00a0<strong><em>F\u00e9nick\u00e9ho daru<\/em><\/strong>.<\/p>\n<h3>Zelensk\u00fd obdr\u017e\u00ed v roce 2026\u00a0<em>F\u00e9nick\u00fd da<\/em>r pro Ukrajinu<\/h3>\n<p>F\u00e9nick\u00fdm darem podle Plat\u00f3na byly takov\u00e9 dary, kter\u00fdmi se m\u011bly v\u00e1bit lid\u00e9, kte\u0159\u00ed potom byli F\u00e9ni\u010dany uneseni do otroctv\u00ed. V roce 2026 tedy bude Zelensk\u00e9mu nab\u00edzeno n\u011bco, co ve skute\u010dnosti nejen jeho, ale celou Ukrajinu uvrhne do otroctv\u00ed. A jak\u00e9 to bude otroctv\u00ed? No samoz\u0159ejm\u011b dluhov\u00e9. F\u00e9ni\u010dan\u00e9 toti\u017e un\u00e1\u0161eli lidi do otroctv\u00ed pod v\u00e1bni\u010dkou velk\u00fdch amfor napln\u011bn\u00fdch pen\u011bzi a sliby v\u00fdd\u011blk\u016f, obrovsk\u00fdch zisk\u016f a bohatstv\u00ed, na kter\u00e9 mnoho lid\u00ed nalet\u011blo. A p\u0159esn\u011b toto je zobrazeno na ob\u00e1lce. F\u00e9ni\u010dan\u00e9 nab\u00edz\u00ed Zelensk\u00e9mu z plachetnice nebezpe\u010dn\u00fd\u00a0<em>F\u00e9nick\u00fd dar<\/em>\u00a0\u2013 Dluhov\u00e9 otroctv\u00ed.<\/p>\n<p><a href=\"https:\/\/aeronet.news\/wp-content\/uploads\/TheEconomist2026_Detail4.jpg\"><img decoding=\"async\" loading=\"lazy\" class=\"wp-image-65793 aligncenter\" src=\"https:\/\/aeronet.news\/wp-content\/uploads\/TheEconomist2026_Detail4.jpg\" sizes=\"(max-width: 700px) 100vw, 700px\" srcset=\"https:\/\/aeronet.news\/wp-content\/uploads\/TheEconomist2026_Detail4.jpg 700w, https:\/\/aeronet.news\/wp-content\/uploads\/TheEconomist2026_Detail4-300x175.jpg 300w, https:\/\/aeronet.news\/wp-content\/uploads\/TheEconomist2026_Detail4-611x357.jpg 611w\" alt=\"\" width=\"686\" height=\"401\" \/><\/a><\/p>\n<p>Nic z toho, co je uvedeno v\u00fd\u0161e, ale nedominuje obrazu tolik, jako poletuj\u00edc\u00ed pen\u00edze naprosto a \u00fapln\u011b po cel\u00e9 planet\u011b, a rovn\u011b\u017e v\u0161ude poletuj\u00edc\u00ed injekce, pilulky a tabletky. Rovn\u011b\u017e se v\u0161ude pohybuj\u00ed roboti\u010dt\u00ed psi a roboti don\u00e1\u0161kov\u00fdch slu\u017eeb. Vzestup robotiky v roce 2026 bude patrn\u00fd \u00fapln\u011b v\u0161ude. Symbol fotbalist\u016f samoz\u0159ejm\u011b p\u0159ipom\u00edn\u00e1 Mistrovstv\u00ed sv\u011bta ve fotbale organizace FIFA. Co je ale naprosto jin\u00e9 u t\u00e9to ob\u00e1lky, to je jej\u00ed\u00a0<em>post-factum<\/em>\u00a0obsah. Nejde o p\u0159edpov\u011b\u010f, ale o zobrazen\u00ed hotov\u00fdch proces\u016f, kter\u00e9 ji\u017e b\u011b\u017e\u00ed.<\/p>\n<h3>Ob\u00e1lka, kter\u00e1 nemluv\u00ed k lidem. Mluv\u00ed skrze n\u011b!<\/h3>\n<p>Ob\u00e1lka ro\u010denky\u00a0<em>The World Ahead 2026<\/em>\u00a0proto nep\u016fsob\u00ed jako p\u0159edpov\u011b\u010f. P\u016fsob\u00ed jako\u00a0<strong>shrnut\u00ed rozhodnut\u00ed, kter\u00e1 u\u017e padla<\/strong>. Nen\u00ed to obraz budoucnosti \u2013 je to manu\u00e1l sv\u011bta, kter\u00fd se m\u00e1 st\u00e1t normou. Nen\u00ed n\u00e1hodn\u00e1, nen\u00ed um\u011bleck\u00e1, nen\u00ed hrav\u00e1. Je chladn\u00e1, p\u0159epln\u011bn\u00e1, bez pr\u00e1zdn\u00e9ho m\u00edsta. A pr\u00e1v\u011b to je kl\u00ed\u010dov\u00e9:\u00a0<strong>v roce 2026 u\u017e nezbude \u017e\u00e1dn\u00fd prostor, kam by se dalo uniknout<\/strong>. Tato ob\u00e1lka nevysv\u011btluje. Ona\u00a0<strong>ukazuje stav<\/strong>. A kdo se d\u00edv\u00e1 pozorn\u011b, pochop\u00ed, \u017ee nejde o chaos.<\/p>\n<p><a href=\"https:\/\/aeronet.news\/wp-content\/uploads\/TheEconomist2026_Detail3.jpg\"><img decoding=\"async\" loading=\"lazy\" class=\"wp-image-65794 aligncenter\" src=\"https:\/\/aeronet.news\/wp-content\/uploads\/TheEconomist2026_Detail3.jpg\" sizes=\"(max-width: 700px) 100vw, 700px\" srcset=\"https:\/\/aeronet.news\/wp-content\/uploads\/TheEconomist2026_Detail3.jpg 700w, https:\/\/aeronet.news\/wp-content\/uploads\/TheEconomist2026_Detail3-300x179.jpg 300w, https:\/\/aeronet.news\/wp-content\/uploads\/TheEconomist2026_Detail3-599x357.jpg 599w\" alt=\"\" width=\"675\" height=\"402\" \/><\/a><\/p>\n<p>Jde o syst\u00e9m. Zem\u011b je zobrazen\u00e1 jako koule, kter\u00e1 nep\u016fsob\u00ed \u017eiv\u011b, ale uzav\u0159en\u011b. Jako objekt. Jako klec. Jako za\u0159\u00edzen\u00ed. Jako n\u011bco, co lze dr\u017eet v rukou. Nen\u00ed tu vesm\u00edr, nen\u00ed tu nekone\u010dno, nen\u00ed tu budoucnost. V\u0161echno je uvnit\u0159.\u00a0<strong>Sv\u011bt je hotov\u00fd produkt.\u00a0<\/strong>Koule p\u0159ipom\u00edn\u00e1 m\u00ed\u010d, laboratorn\u00ed vzorek, nebo hern\u00ed ar\u00e9nu. V\u0161echno se odehr\u00e1v\u00e1 na jednom m\u00edst\u011b, p\u0159ed jedn\u00edm publikem, podle jedn\u011bch pravidel. Nen\u00ed zde \u017e\u00e1dn\u00fd \u201e<em>mimo-syst\u00e9mov\u00fd<\/em>\u201c prvek. V\u0161echno, co existuje, je u\u017e zapo\u010d\u00edtan\u00e9.<\/p>\n<p>To je prvn\u00ed zpr\u00e1va ob\u00e1lky:\u00a0<strong>sv\u011bt byl uzav\u0159en!<\/strong><\/p>\n<h3>Vybran\u00ed lid\u00e9: pro\u010d jsou tam oni \u2013 a nikdo jin\u00fd<\/h3>\n<p>Na ob\u00e1lce nejsou n\u00e1hodn\u00ed politici. Jsou tam ti, kte\u0159\u00ed p\u0159edstavuj\u00ed\u00a0<strong>osy moci<\/strong>, nikoliv shluk n\u00e1rod\u016f Evropsk\u00e9 unie, nebo OSN, nebo NATO. Nikde je tam nenajdete. Nejsou tam revolucion\u00e1\u0159i, nejsou tam reform\u00e1to\u0159i, nejsou tam vizion\u00e1\u0159i. Jsou tam toti\u017e jen\u00a0<strong>spr\u00e1vci konfliktu!\u00a0<\/strong>Tedy celosv\u011btov\u00e9ho konfliktu vedouc\u00edho k perestrojce proces\u016f \u0159\u00edzen\u00ed nad celou planetou.<\/p>\n<p><strong>Vladimir Putin<\/strong><br \/>\nPutin nen\u00ed vykreslen jako v\u00fdjimka. Je vykreslen jako\u00a0<strong>trval\u00fd faktor<\/strong>. Jako symbol sv\u011bta, kde se konflikt ne\u0159e\u0161\u00ed, ale udr\u017euje v provozuschopn\u00e9m stavu. Nen\u00ed tam proto, aby v\u00e1lka skon\u010dila. Nen\u00ed tam jako m\u00edrotvorce a ani jako dobyvatel. Je tam proto, aby v\u00e1lka\u00a0<strong>nikdy neskon\u010dila \u00fapln\u011b<\/strong>. V\u00e1lka je toti\u017e podle\u00a0<em>Manchuriansk\u00e9 doktr\u00edny<\/em>\u00a0n\u00e1strojem trval\u00e9 rovnov\u00e1hy globalizace. Bu\u010f se bojuje pomoc\u00ed obchodu, anebo pomoc\u00ed zbran\u00ed. Podle t\u00e9to doktr\u00edny vlastn\u011b nikdy v\u00e1lka nekon\u010d\u00ed, pouze se m\u011bn\u00ed jej\u00ed charakter.<\/p>\n<p><strong>Xi Jinping<\/strong><br \/>\nXi nep\u016fsob\u00ed jako krizov\u00fd akt\u00e9r. P\u016fsob\u00ed jako\u00a0<strong>\u010dasov\u00fd horizont<\/strong>. Je to figura dlouh\u00e9 hry. Ne t\u00e9, kter\u00e1 vybuchuje, ale t\u00e9, kter\u00e1 \u010dek\u00e1, zat\u00edmco se ostatn\u00ed vy\u010derp\u00e1vaj\u00ed. Je symbolem syst\u00e9mu, kter\u00fd nepot\u0159ebuje chaos \u2013 sta\u010d\u00ed mu trp\u011blivost.<\/p>\n<p><strong>Volodymyr Zelensk\u00fd<\/strong><br \/>\nZelensky na ob\u00e1lce nen\u00ed osobou. Je\u00a0<strong>ikonou fronty<\/strong>. Je p\u0159ipom\u00ednkou, \u017ee existuje m\u00edsto, kde se spaluje energie sv\u011bta. Pen\u00edze, zbran\u011b, emoce, mor\u00e1lka. Fronta, kter\u00e1 nesm\u00ed zmizet, proto\u017ee by se syst\u00e9m musel p\u0159eskupit. Vybuchuj\u00edc\u00ed gejz\u00edr vody a pen\u011bz. F\u00e9ni\u010dan\u00e9 (<em>rozum\u011bj bank\u00e9\u0159i<\/em>) k n\u011bmu p\u0159ij\u00ed\u017ed\u011bj\u00ed s darem, kter\u00e9 jeho n\u00e1rod zotro\u010d\u00ed na v\u011bky.<\/p>\n<p><strong>Narendra Modi<\/strong><br \/>\nModi je vyobrazen jako kl\u00ed\u010d. Jako pojistka. Jako hr\u00e1\u010d, kter\u00fd se nehl\u00e1s\u00ed k \u017e\u00e1dn\u00e9mu p\u00f3lu, ale t\u00edm z\u00edsk\u00e1v\u00e1 nejv\u011bt\u0161\u00ed v\u00e1hu. Je symbolem sv\u011bta, kter\u00fd u\u017e nefunguje podle ideologi\u00ed, ale podle\u00a0<strong>v\u00fdhodnosti<\/strong>. Tohle je v\u00fdhodn\u00e9 od Trumpa, t\u00e1mhleto je v\u00fdhodn\u00e9 od Putina, a tohle tady je v\u00fdhodn\u00e9 od Jinpinga.<\/p>\n<p><strong>Benjamin Netanyahu<\/strong><br \/>\nNetanyahu reprezentuje\u00a0<strong>permanentn\u00ed krizi<\/strong>. Region, kde se v\u00e1lka nikdy \u00fapln\u011b nezastav\u00ed. Zdroj eskalace, kter\u00fd lze kdykoli znovu zapnout. P\u0159ipom\u00ednka, \u017ee sv\u011bt mus\u00ed z\u016fstat ve stavu pohotovosti.<\/p>\n<p><strong>Giorgia Meloniov\u00e1<\/strong><br \/>\nMeloniov\u00e1 symbolizuje Evropu pod tlakem. Stoj\u00ed za tankem ve stop\u00e1ch jeho p\u00e1s\u016f. Nesymbolizuje mor\u00e1ln\u00ed s\u00edlu Evropy, ale jako\u00a0<strong>unaven\u00fd kontinent<\/strong>, kter\u00fd \u0159e\u0161\u00ed d\u016fsledky ciz\u00edch i vlastn\u00edch rozhodnut\u00ed a je odsouzen jen sledovat stopy odj\u00ed\u017ed\u011bj\u00edc\u00edch tank\u016f. Migrace, bezpe\u010dnost, soci\u00e1ln\u00ed nap\u011bt\u00ed. Evropa u\u017e nen\u00ed rozhod\u010d\u00ed. Je \u00fa\u010dastn\u00edk.<\/p>\n<p>Tito lid\u00e9 nejsou vyobrazeni odd\u011blen\u011b. Jsou nama\u010dk\u00e1ni v jedn\u00e9 kouli. To znamen\u00e1 jedin\u00e9:\u00a0<strong>nikdo z nich nem\u00e1 \u00fanikov\u00fd v\u00fdchod.<\/strong><\/p>\n<h3>Tanky jako ornament: v\u00e1lka u\u017e nikoho nevzru\u0161uje<\/h3>\n<p>Tanky nejsou dominantn\u00ed. Jsou v\u0161udyp\u0159\u00edtomn\u00e9. To je rozd\u00edl. Jsou normalizovan\u00e9. V\u00e1lka nen\u00ed u\u017e v\u00fdjimkou, je\u00a0<strong>pozad\u00edm<\/strong>. Stejn\u011b jako \u0161ed\u00e9 nebe nebo hluk m\u011bsta. To je d\u016fle\u017eit\u00fd posun. V\u00e1lka u\u017e nen\u00ed mor\u00e1ln\u00ed dilema. Je to\u00a0<strong>ekonomick\u00fd sektor<\/strong>, logistick\u00e1 discipl\u00edna, pl\u00e1novac\u00ed prom\u011bnn\u00e1. Je zapracovan\u00e1 do rozpo\u010dt\u016f, do pr\u016fmyslu, do politick\u00e9ho marketingu.<\/p>\n<p><strong>V roce 2026 u\u017e v\u00e1lka ne\u0161okuje. Ona jen b\u011b\u017e\u00ed.<\/strong><\/p>\n<h3>Pilulky: nejd\u016fle\u017eit\u011bj\u0161\u00ed symbol cel\u00e9 ob\u00e1lky<\/h3>\n<p>Pilulky nejsou detail. Jsou\u00a0<strong>motiv<\/strong>. Jsou v\u0161ude. V\u00edc ne\u017e zbran\u011b. V\u00edc ne\u017e vlajky. V\u00edc ne\u017e technologie. A to nen\u00ed n\u00e1hoda.<\/p>\n<p>Pilulka je ide\u00e1ln\u00ed symbol moci:<br \/>\n\u2013 mal\u00e1<br \/>\n\u2013 nen\u00e1padn\u00e1<br \/>\n\u2013 dobrovoln\u00e1<br \/>\n\u2013 \u201e<em>pro tv\u00e9 dobro<\/em>\u201c<\/p>\n<p>Pilulky znamenaj\u00ed jedno:\u00a0<strong>Sv\u011bt se nezjednodu\u0161\u00ed, ale \u010dlov\u011bk se p\u0159izp\u016fsob\u00ed!<\/strong><\/p>\n<p>Stres? Pilulka.<br \/>\n\u00danava? Pilulka.<br \/>\nObezita? Injekce.<br \/>\nDeprese? Chemie.<br \/>\nNeschopnost zvl\u00e1dnout tempo? Dal\u0161\u00ed d\u00e1vka.<\/p>\n<p>Tohle nen\u00ed zdravotnictv\u00ed, co vid\u00edte na ob\u00e1lce. Tohle je\u00a0<strong>udr\u017eovac\u00ed syst\u00e9m<\/strong>. Chemie jako n\u00e1hrada skute\u010dn\u00e9 a vy\u017eadovan\u00e9 zm\u011bny prost\u0159ed\u00ed. M\u00edsto aby se sn\u00ed\u017eil tlak, zv\u00fd\u0161\u00ed se tolerance organismu na tlak pomoc\u00ed r\u016fzn\u00fdch a podivn\u00fdch instrument\u016f, farmak a injekc\u00ed. Bude zase dob\u0159e, ale nezajist\u00ed to zm\u011bna syst\u00e9mu, ale plo\u0161n\u00e9 zamo\u0159en\u00ed sv\u011bta farmaky a injekcemi.<\/p>\n<p>Pilulky na ob\u00e1lce \u0159\u00edkaj\u00ed:\u00a0<strong>V roce 2026 nebude\u0161 protestovat. Bude\u0161 se adaptovat!<\/strong><\/p>\n<h3>Injekce: vstupn\u00ed bod do t\u011bla<\/h3>\n<p>Injekce je agresivn\u011bj\u0161\u00ed symbol ne\u017e pilulka. Pilulku m\u016f\u017ee\u0161 odm\u00edtnout. Injekce znamen\u00e1\u00a0<strong>z\u00e1sah<\/strong>. P\u0159\u00edm\u00fd vstup do t\u011bla. P\u0159ekro\u010den\u00ed hranice. Na ob\u00e1lce nejsou injekce v\u00fdjime\u010dn\u00e9. Jsou sou\u010d\u00e1st\u00ed prost\u0159ed\u00ed. To znamen\u00e1, \u017ee\u00a0<strong>z\u00e1sah do t\u011bla je normalizovan\u00fd koncept<\/strong>. Ne v\u00fdjime\u010dn\u00fd stav. Ne krize. Ale rutina. T\u011blo se st\u00e1v\u00e1 \u00fazem\u00edm. A \u00fazem\u00ed se spravuje.<\/p>\n<h3>Mozek a ovlada\u010d: kdo dr\u017e\u00ed pozornost, dr\u017e\u00ed realitu!<\/h3>\n<p>Motiv mozku napojen\u00e9ho na ovl\u00e1d\u00e1n\u00ed je kl\u00ed\u010dov\u00fd. Nejde o z\u00e1bavu. Jde o\u00a0<strong>\u0159\u00edzen\u00ed vn\u00edm\u00e1n\u00ed<\/strong>. Ovl\u00e1d\u00e1n\u00ed pozornosti. Sm\u011brov\u00e1n\u00ed emoc\u00ed. Jde o symbol Total Control syst\u00e9mu \u0159\u00edzen\u00ed.<\/p>\n<p>Kdy\u017e ovl\u00e1d\u00e1\u0161 tok informac\u00ed, nepot\u0159ebuje\u0161 n\u00e1sil\u00ed. Sta\u010d\u00ed, aby lid\u00e9:<\/p>\n<p>\u2013 vid\u011bli spr\u00e1vn\u00e9 v\u011bci<br \/>\n\u2013 b\u00e1li se spr\u00e1vn\u00fdch v\u011bc\u00ed<br \/>\n\u2013 \u0159e\u0161ili spr\u00e1vn\u00e9 probl\u00e9my<\/p>\n<p>Technologie nen\u00ed zobrazena jako n\u00e1stroj. Je zobrazena jako\u00a0<strong>nervov\u00e1 soustava sv\u011bta<\/strong>.<\/p>\n<h3>Satelity a trajektorie: dohled shora, \u0159\u00edzen\u00ed zdola<\/h3>\n<p>Satelity na ob\u00e1lce nejsou romantick\u00e9. Jsou chladn\u00e9. Funk\u010dn\u00ed. Znamenaj\u00ed jedin\u00e9:\u00a0<strong>nic se neschov\u00e1<\/strong>. Pohyb, komunikace, tok pen\u011bz, tok informac\u00ed. V\u0161echno je viditeln\u00e9. V\u0161echno je m\u011b\u0159iteln\u00e9. Sv\u011bt nen\u00ed anarchie. Sv\u011bt je\u00a0<strong>monitorovan\u00fd prostor<\/strong>. V\u0161echno naho\u0159e bude vn\u00edm\u00e1no jako dozor, kontrola a monitoring.<\/p>\n<p>Samotn\u00e9 \u0159\u00edzen\u00ed v roce 2026 ale bude vych\u00e1zet zezdola. Spole\u010dnost zdrogovan\u00e1 propagandou a v\u00e1lkou se ji\u017e \u0159\u00edd\u00ed sama, ti naho\u0159e to ji\u017e jen kontroluj\u00ed a monitoruj\u00ed. Proto ty satelity na ob\u00e1lce monitoruj\u00ed v\u00e1lku na povrchu planety, a ty poletuj\u00edc\u00ed pen\u00edze, tabletky, pilulky a injekce se postaraj\u00ed o samotn\u00e9 \u0159\u00edzen\u00ed dole.<\/p>\n<h3>Pen\u00edze a grafy: skute\u010dn\u00e1 autorita<\/h3>\n<p>Grafy nepot\u0159ebuj\u00ed tv\u00e1\u0159. Dluh nepot\u0159ebuje hlas. Rozhodnut\u00ed se ned\u011blaj\u00ed v parlamentu, ale v datech. Pen\u00edze nejsou n\u00e1strojem. Jsou\u00a0<strong>mechanismem discipl\u00edny<\/strong>. Kdy\u017e st\u00e1t neposlechne, trh zareaguje. Kdy\u017e \u010dlov\u011bk neposlechne, syst\u00e9m se p\u0159izp\u016fsob\u00ed \u2013 ne jemu, ale\u00a0<strong>proti n\u011bmu<\/strong>.<\/p>\n<h3>Co tahle ob\u00e1lka opravdu sd\u011bluje<\/h3>\n<p>\u0158\u00edk\u00e1 toto:<\/p>\n<p>Sv\u011bt se nezhrout\u00ed.<br \/>\nSv\u011bt se\u00a0<strong>ut\u00e1hne<\/strong>.<\/p>\n<p>Nebude revoluce.<br \/>\nBude adaptace.<\/p>\n<p>Nebude svoboda ani diktatura.<br \/>\nBude\u00a0<strong>spr\u00e1va<\/strong>.<\/p>\n<p>Lid\u00e9 nepovstanou.<br \/>\nVezmou si dal\u0161\u00ed pilulku.<\/p>\n<p>Proto jsou pilulky v\u0161ude. Nejsou l\u00e9kem. Jsou\u00a0<strong>souhlasem v mal\u00e9 b\u00edl\u00e9 tablet\u011b!<\/strong><\/p>\n<h3>Rusko uk\u00e1zalo sv\u011btu, \u017ee v\u00e1lka je funk\u010dn\u00ed stimulem pro nastartov\u00e1n\u00ed um\u00edraj\u00edc\u00edch ekonomik cel\u00e9ho glob\u00e1ln\u00edho sv\u011bta<\/h3>\n<p>Rok 2026 proto bude rokem prohlouben\u00ed transformace sv\u011btov\u00e9 globalizace do nov\u00e9ho modelu, jeho\u017e sou\u010d\u00e1st\u00ed bude v\u00e1lka jako p\u0159irozen\u00fd a nekon\u010d\u00edc\u00ed ekonomick\u00fd stimul.\u00a0<strong>Um\u011bl\u00e1 inteligence bude motorem pro zbrojen\u00ed.<\/strong>\u00a0V\u00e1lky ve sv\u011bt\u011b jako t\u0159eba na Ukrajin\u011b, na Bl\u00edzk\u00e9m v\u00fdchod\u011b, hrozba v\u00e1lky na Taiwanu, v\u00e1lka ve Venezuele, obchodn\u00ed v\u00e1lka USA a \u010c\u00edny, to v\u0161echno bude sou\u010d\u00e1st\u00ed ekonomick\u00e9 transformace sv\u011btov\u00e9 globalizace.<\/p>\n<p>B\u011bhem tohoto procesu se p\u0159eform\u00e1tuje cel\u00e1 planeta, kter\u00e1 bude nadopov\u00e1na tabletami a injekcemi propagandy v\u00e1lky, v\u00e1le\u010dn\u00fdch proces\u016f, kter\u00e9 se stanou motorem pro ekonomick\u00fd r\u016fst, jako to dok\u00e1zalo Rusko, kter\u00e9 po roce 2022 nabralo obrovsk\u00fd ekonomick\u00fd r\u016fst. Ne navzdory, ale d\u00edky v\u00e1lce na Ukrajin\u011b! USA se mezit\u00edm propadly v objemu zbrojen\u00ed a\u017e na 3. m\u00edsto za \u010c\u00ednu a Rusko.<\/p>\n<div class=\"twitter-tweet twitter-tweet-rendered\"><iframe id=\"twitter-widget-0\" class=\"\" title=\"X Post\" src=\"https:\/\/platform.twitter.com\/embed\/Tweet.html?dnt=false&amp;embedId=twitter-widget-0&amp;features=eyJ0ZndfdGltZWxpbmVfbGlzdCI6eyJidWNrZXQiOltdLCJ2ZXJzaW9uIjpudWxsfSwidGZ3X2ZvbGxvd2VyX2NvdW50X3N1bnNldCI6eyJidWNrZXQiOnRydWUsInZlcnNpb24iOm51bGx9LCJ0ZndfdHdlZXRfZWRpdF9iYWNrZW5kIjp7ImJ1Y2tldCI6Im9uIiwidmVyc2lvbiI6bnVsbH0sInRmd19yZWZzcmNfc2Vzc2lvbiI6eyJidWNrZXQiOiJvbiIsInZlcnNpb24iOm51bGx9LCJ0ZndfZm9zbnJfc29mdF9pbnRlcnZlbnRpb25zX2VuYWJsZWQiOnsiYnVja2V0Ijoib24iLCJ2ZXJzaW9uIjpudWxsfSwidGZ3X21peGVkX21lZGlhXzE1ODk3Ijp7ImJ1Y2tldCI6InRyZWF0bWVudCIsInZlcnNpb24iOm51bGx9LCJ0ZndfZXhwZXJpbWVudHNfY29va2llX2V4cGlyYXRpb24iOnsiYnVja2V0IjoxMjA5NjAwLCJ2ZXJzaW9uIjpudWxsfSwidGZ3X3Nob3dfYmlyZHdhdGNoX3Bpdm90c19lbmFibGVkIjp7ImJ1Y2tldCI6Im9uIiwidmVyc2lvbiI6bnVsbH0sInRmd19kdXBsaWNhdGVfc2NyaWJlc190b19zZXR0aW5ncyI6eyJidWNrZXQiOiJvbiIsInZlcnNpb24iOm51bGx9LCJ0ZndfdXNlX3Byb2ZpbGVfaW1hZ2Vfc2hhcGVfZW5hYmxlZCI6eyJidWNrZXQiOiJvbiIsInZlcnNpb24iOm51bGx9LCJ0ZndfdmlkZW9faGxzX2R5bmFtaWNfbWFuaWZlc3RzXzE1MDgyIjp7ImJ1Y2tldCI6InRydWVfYml0cmF0ZSIsInZlcnNpb24iOm51bGx9LCJ0ZndfbGVnYWN5X3RpbWVsaW5lX3N1bnNldCI6eyJidWNrZXQiOnRydWUsInZlcnNpb24iOm51bGx9LCJ0ZndfdHdlZXRfZWRpdF9mcm9udGVuZCI6eyJidWNrZXQiOiJvbiIsInZlcnNpb24iOm51bGx9fQ%3D%3D&amp;frame=false&amp;hideCard=false&amp;hideThread=false&amp;id=1963501061773447254&amp;lang=cs&amp;origin=https%3A%2F%2Faeronet.news%2Frok-2026-nebude-rokem-revoluce-ale-rokem-adaptace-a-normalizace-valky-a-totalni-kontroly-obyvatelstva-cely-svet-bude-zdrogovany-novou-realitou-krachujici-ekonomiky-stareho-sveta-a-potreby-vydaju%2F&amp;sessionId=b4894d54820d24025e87454c17a2832085d7089a&amp;theme=light&amp;widgetsVersion=2615f7e52b7e0%3A1702314776716&amp;width=550px\" frameborder=\"0\" scrolling=\"no\" allowfullscreen=\"allowfullscreen\" data-tweet-id=\"1963501061773447254\" data-mce-fragment=\"1\"><\/iframe><\/div>\n<p>To je ten hlavn\u00ed<em>\u00a0leitmotiv<\/em>\u00a0ob\u00e1lky The Economist.\u00a0<strong>V\u00e1lka prost\u011b byla identifikov\u00e1na jako ten stimul, kter\u00fd dok\u00e1\u017ee o\u017eivit mrtvolu glob\u00e1ln\u00edho obchodu.<\/strong>\u00a0Kv\u016fli v\u00e1lk\u00e1m poroste zbrojen\u00ed cel\u00e9ho sv\u011bta, a proto poroste i ekonomika cel\u00e9ho sv\u011bta, kter\u00fd bude zbrojit na v\u00e1lku. Proto\u017ee ka\u017ed\u00e1 ekonomika, kter\u00e1 je postavena na zbrojen\u00ed, nakonec zjist\u00ed, \u017ee vede k v\u00e1lce a k jej\u00edmu vypuknut\u00ed. V\u011bd\u00ed to nejl\u00e9pe USA, kter\u00e9 postavily svoji ekonomiku na zbrojen\u00ed po II. sv. v\u00e1lce, a proto USA musely vyvolat po cel\u00e9m sv\u011bt\u011b spousty v\u00e1lek.<\/p>\n<p>Od roku 1945 se USA zapojily do v\u00edce ne\u017e 200 vojensk\u00fdch intervenc\u00ed a v\u00e1lek po cel\u00e9m sv\u011bt\u011b. Z toho v\u00edce ne\u017e 100 jich prob\u011bhlo po skon\u010den\u00ed Studen\u00e9 v\u00e1lky (po roce 1989). A to byly jen USA. P\u0159edstavte si, jak obrovskou v\u00e1lku m\u016f\u017eeme \u010dekat okolo roku 2030 a pozd\u011bji po roce 2030, kdy\u017e v roce 2026 se podle p\u0159edpov\u011bdi ob\u00e1lky transformuje cel\u00e1 sv\u011btov\u00e1 ekonomika na v\u00e1le\u010dnou zbrojn\u00ed ekonomiku americk\u00e9ho vzoru. P\u00e1nb\u016fh s n\u00e1mi!<\/p>\n<p><a href=\"https:\/\/aeronet.news\/rok-2026-nebude-rokem-revoluce-ale-rokem-adaptace-a-normalizace-valky-a-totalni-kontroly-obyvatelstva-cely-svet-bude-zdrogovany-novou-realitou-krachujici-ekonomiky-stareho-sveta-a-potreby-vydaju\/\">-VK-<\/a><\/p>\n<p><img decoding=\"async\" loading=\"lazy\" class=\"wp-image-95539 aligncenter\" src=\"http:\/\/www.infokuryr.cz\/n\/wp-content\/uploads\/2025\/12\/popelka-300x139.jpg\" alt=\"\" width=\"1116\" height=\"517\" srcset=\"https:\/\/www.infokuryr.cz\/n\/wp-content\/uploads\/2025\/12\/popelka-300x139.jpg 300w, https:\/\/www.infokuryr.cz\/n\/wp-content\/uploads\/2025\/12\/popelka-768x356.jpg 768w, https:\/\/www.infokuryr.cz\/n\/wp-content\/uploads\/2025\/12\/popelka.jpg 921w\" sizes=\"(max-width: 1116px) 100vw, 1116px\" \/><\/p>\n<p>&nbsp;<\/p>\n","protected":false},"excerpt":{"rendered":"<p>Rok 2026 nebude rokem revoluce, ale rokem adaptace a normalizace v\u00e1lky a tot\u00e1ln\u00ed kontroly obyvatelstva!&#8230;<\/p>\n","protected":false},"author":2,"featured_media":95742,"comment_status":"closed","ping_status":"closed","sticky":false,"template":"","format":"standard","meta":[],"categories":[6],"tags":[10329,1042,2181,4163],"_links":{"self":[{"href":"https:\/\/www.infokuryr.cz\/n\/wp-json\/wp\/v2\/posts\/95741"}],"collection":[{"href":"https:\/\/www.infokuryr.cz\/n\/wp-json\/wp\/v2\/posts"}],"about":[{"href":"https:\/\/www.infokuryr.cz\/n\/wp-json\/wp\/v2\/types\/post"}],"author":[{"embeddable":true,"href":"https:\/\/www.infokuryr.cz\/n\/wp-json\/wp\/v2\/users\/2"}],"replies":[{"embeddable":true,"href":"https:\/\/www.infokuryr.cz\/n\/wp-json\/wp\/v2\/comments?post=95741"}],"version-history":[{"count":0,"href":"https:\/\/www.infokuryr.cz\/n\/wp-json\/wp\/v2\/posts\/95741\/revisions"}],"wp:featuredmedia":[{"embeddable":true,"href":"https:\/\/www.infokuryr.cz\/n\/wp-json\/wp\/v2\/media\/95742"}],"wp:attachment":[{"href":"https:\/\/www.infokuryr.cz\/n\/wp-json\/wp\/v2\/media?parent=95741"}],"wp:term":[{"taxonomy":"category","embeddable":true,"href":"https:\/\/www.infokuryr.cz\/n\/wp-json\/wp\/v2\/categories?post=95741"},{"taxonomy":"post_tag","embeddable":true,"href":"https:\/\/www.infokuryr.cz\/n\/wp-json\/wp\/v2\/tags?post=95741"}],"curies":[{"name":"wp","href":"https:\/\/api.w.org\/{rel}","templated":true}]}}