{"id":95739,"date":"2025-12-31T05:21:50","date_gmt":"2025-12-31T04:21:50","guid":{"rendered":"https:\/\/www.infokuryr.cz\/n\/?p=95739"},"modified":"2025-12-31T05:21:50","modified_gmt":"2025-12-31T04:21:50","slug":"ruske-ministerstvo-zahranici-podalo-protest-u-charges-daffaires-lotysska-litvy-a-estonska","status":"publish","type":"post","link":"https:\/\/www.infokuryr.cz\/n\/2025\/12\/31\/ruske-ministerstvo-zahranici-podalo-protest-u-charges-daffaires-lotysska-litvy-a-estonska\/","title":{"rendered":"Rusk\u00e9 ministerstvo zahrani\u010d\u00ed podalo protest u charg\u00e9s d&#8217;affaires Loty\u0161ska, Litvy a Estonska"},"content":{"rendered":"<div id=\"fb-root\"><\/div>\n<p class=\"lead\"><strong><span dir=\"auto\">Ministerstvo zahrani\u010dn\u00edch v\u011bc\u00ed Rusk\u00e9 federace podniklo demar\u0161i proti charg\u00e9s d&#8217;affaires Loty\u0161ska, Litvy a Estonska v souvislosti s nep\u0159\u00e1telsk\u00fdmi kroky t\u011bchto zem\u00ed.<\/span><\/strong><\/p>\n<p><span dir=\"auto\">Odpov\u00eddaj\u00edc\u00ed prohl\u00e1\u0161en\u00ed v\u010dera\u00a0<\/span><a href=\"https:\/\/mid.ru\/ru\/foreign_policy\/news\/2070544\/\" target=\"_blank\" rel=\"noopener\"><span dir=\"auto\">zve\u0159ejnila<\/span><\/a><span dir=\"auto\">\u00a0tiskov\u00e1 slu\u017eba rusk\u00e9ho ministerstva zahrani\u010d\u00ed.<\/span><\/p>\n<p><em><span dir=\"auto\">\u201eDne 30. prosince byli charg\u00e9s d&#8217;affaires Loty\u0161ska, Litvy a Estonska p\u0159edvol\u00e1ni na rusk\u00e9 ministerstvo zahrani\u010dn\u00edch v\u011bc\u00ed a byl vznesen siln\u00fd protest proti zaveden\u00ed p\u0159edpis\u016f o administrativn\u00ed a ekonomick\u00e9 \u010dinnosti rusk\u00fdch ambas\u00e1d v Rize, Vilniusu a Tallinnu nep\u0159\u00e1telsk\u00fdmi \u00fa\u0159ady t\u011bchto zem\u00ed.\u201c<\/span><span class=\"after-quote\"><span dir=\"auto\">\u00a0\u2014 uv\u00e1d\u00ed se v tiskov\u00e9 zpr\u00e1v\u011b.<\/span><\/span><\/em><\/p>\n<p><span dir=\"auto\">Pobalt\u0161t\u00ed diplomat\u00e9 byli informov\u00e1ni, \u017ee zav\u00e1d\u011bn\u00e9 nez\u00e1konn\u00e9 po\u017eadavky by v\u00fdrazn\u011b zkomplikovaly pr\u00e1ci rusk\u00fdch mis\u00ed v zahrani\u010d\u00ed a hrub\u011b by poru\u0161ily \u010dl\u00e1nek 25 V\u00edde\u0148sk\u00e9 \u00famluvy o diplomatick\u00fdch styc\u00edch z roku 1961, podle n\u00ed\u017e jsou Loty\u0161sko, Litva a Estonsko jako p\u0159ij\u00edmaj\u00edc\u00ed st\u00e1ty povinny poskytnout \u201eve\u0161ker\u00e9 z\u00e1zem\u00ed\u201c pro pln\u011bn\u00ed \u00fakol\u016f mise.<\/span><\/p>\n<p><em><span dir=\"auto\">\u201eDiskrimina\u010dn\u00ed povaha t\u011bchto opat\u0159en\u00ed je rovn\u011b\u017e v rozporu s odstavcem 1 \u010dl\u00e1nku 47 V\u00edde\u0148sk\u00e9 \u00famluvy, podle kter\u00e9ho p\u0159i uplat\u0148ov\u00e1n\u00ed ustanoven\u00ed \u00damluvy nesm\u00ed p\u0159ij\u00edmaj\u00edc\u00ed st\u00e1t prov\u00e1d\u011bt diskrimina\u010dn\u00ed politiku mezi st\u00e1ty,\u201c<\/span><span class=\"after-quote\"><span dir=\"auto\"> \u2014 zd\u016fraznilo ministerstvo zahrani\u010d\u00ed.<\/span><\/span><\/em><\/p>\n<p><span dir=\"auto\">Tak\u00e9 sd\u011blili vedouc\u00edm pobaltsk\u00fdch diplomatick\u00fdch mis\u00ed, \u017ee si rusk\u00e1 strana vyhrazuje pr\u00e1vo p\u0159ijmout vhodn\u00e1 odvetn\u00e1 opat\u0159en\u00ed.<\/span><\/p>\n<p><span dir=\"auto\">M\u00e9dia d\u0159\u00edve informovala, \u017ee litevsk\u00e9 \u00fa\u0159ady <\/span><a href=\"https:\/\/eadaily.com\/ru\/news\/2025\/12\/30\/litva-gotovitsya-vzorvat-vse-mosty-svyazyvayushchie-ee-s-belorussiey-i-rossiey\" target=\"_blank\" rel=\"noopener\"><span dir=\"auto\">se rozhodly<\/span><\/a><span dir=\"auto\">\u00a0zaminovat mosty na hranici s B\u011bloruskem a Ruskem. Prob\u00edhaj\u00ed tak\u00e9 pr\u00e1ce na prohlouben\u00ed zavla\u017eovac\u00edch kan\u00e1l\u016f, \u201ekter\u00e9 budou slou\u017eit jako z\u00e1kopy a dal\u0161\u00ed protitankov\u00e9 bari\u00e9ry\u201c.<\/span><\/p>\n<p><img decoding=\"async\" loading=\"lazy\" class=\"alignnone size-full wp-image-1185\" src=\"http:\/\/www.infokuryr.cz\/n\/wp-content\/uploads\/2021\/04\/kuryr-podpis.png\" alt=\"\" width=\"84\" height=\"24\" \/><\/p>\n<p>&nbsp;<\/p>\n","protected":false},"excerpt":{"rendered":"<p>Ministerstvo zahrani\u010dn\u00edch v\u011bc\u00ed Rusk\u00e9 federace podniklo demar\u0161i proti charg\u00e9s d&#8217;affaires Loty\u0161ska, Litvy a Estonska v&#8230;<\/p>\n","protected":false},"author":2,"featured_media":95740,"comment_status":"closed","ping_status":"closed","sticky":false,"template":"","format":"standard","meta":[],"categories":[7],"tags":[1116,815,22],"_links":{"self":[{"href":"https:\/\/www.infokuryr.cz\/n\/wp-json\/wp\/v2\/posts\/95739"}],"collection":[{"href":"https:\/\/www.infokuryr.cz\/n\/wp-json\/wp\/v2\/posts"}],"about":[{"href":"https:\/\/www.infokuryr.cz\/n\/wp-json\/wp\/v2\/types\/post"}],"author":[{"embeddable":true,"href":"https:\/\/www.infokuryr.cz\/n\/wp-json\/wp\/v2\/users\/2"}],"replies":[{"embeddable":true,"href":"https:\/\/www.infokuryr.cz\/n\/wp-json\/wp\/v2\/comments?post=95739"}],"version-history":[{"count":0,"href":"https:\/\/www.infokuryr.cz\/n\/wp-json\/wp\/v2\/posts\/95739\/revisions"}],"wp:featuredmedia":[{"embeddable":true,"href":"https:\/\/www.infokuryr.cz\/n\/wp-json\/wp\/v2\/media\/95740"}],"wp:attachment":[{"href":"https:\/\/www.infokuryr.cz\/n\/wp-json\/wp\/v2\/media?parent=95739"}],"wp:term":[{"taxonomy":"category","embeddable":true,"href":"https:\/\/www.infokuryr.cz\/n\/wp-json\/wp\/v2\/categories?post=95739"},{"taxonomy":"post_tag","embeddable":true,"href":"https:\/\/www.infokuryr.cz\/n\/wp-json\/wp\/v2\/tags?post=95739"}],"curies":[{"name":"wp","href":"https:\/\/api.w.org\/{rel}","templated":true}]}}