{"id":95733,"date":"2025-12-31T05:06:58","date_gmt":"2025-12-31T04:06:58","guid":{"rendered":"https:\/\/www.infokuryr.cz\/n\/?p=95733"},"modified":"2025-12-31T16:33:10","modified_gmt":"2025-12-31T15:33:10","slug":"marek-adam-vsem-pristim-dnum","status":"publish","type":"post","link":"https:\/\/www.infokuryr.cz\/n\/2025\/12\/31\/marek-adam-vsem-pristim-dnum\/","title":{"rendered":"Marek Adam: V\u0161em p\u0159\u00ed\u0161t\u00edm dn\u016fm"},"content":{"rendered":"<div id=\"fb-root\"><\/div>\n<p>Mil\u00ed p\u0159\u00e1tel\u00e9 m\u00edru,<\/p>\n<p>vlastenci a internacionalist\u00e9, soudru\u017eky a soudruzi, d\u00e1my a p\u00e1nov\u00e9, brat\u0159i a sestry \u2013 lid\u00e9 dobr\u00e9 v\u016fle!<\/p>\n<p>Rok se s rokem se\u0161el a u\u017e je tu op\u011bt chv\u00edle, kdy vstupujeme do nov\u00e9ho \u010dasoprostoru. A tud\u00ed\u017e bilancujeme, ohl\u00ed\u017e\u00edme se zp\u011bt a jsme napln\u011bni o\u010dek\u00e1v\u00e1n\u00edm nov\u00e9ho a p\u0159\u00ed\u0161t\u00edho.<\/p>\n<p>Jsme siln\u00ed v tom, co n\u00e1s spojuje, ale slab\u00ed v tom, co n\u00e1s rozd\u011bluje. Stoj\u00edme na prahu zm\u011bn, kter\u00e9 nebudou pouze zm\u011bnami lok\u00e1ln\u00edmi, n\u00fdbr\u017e stanou se p\u0159\u00edmo zm\u011bnami glob\u00e1ln\u00edmi. Sv\u011bt se m\u011bn\u00ed, ale \u010desk\u00e1 politika za t\u011bmito zm\u011bnami jako v\u017edy pokulh\u00e1v\u00e1 a bude pokulh\u00e1vat i d\u00e1l.<\/p>\n<p>Skon\u010dila jedna z nejhor\u0161\u00edch vl\u00e1d v na\u0161\u00ed nejen novodob\u00e9 historii. Ot\u00e1zkou ov\u0161em z\u016fst\u00e1v\u00e1, zda vl\u00e1da p\u0159\u00ed\u0161t\u00ed napln\u00ed velk\u00e9 nad\u011bje a o\u010dek\u00e1v\u00e1n\u00ed v n\u00ed vkl\u00e1dan\u00e9. Domn\u00edv\u00e1m se, \u017ee nikoli.<\/p>\n<p>Jednak nebude citeln\u011b l\u00e9pe proto, jeliko\u017e z\u016fst\u00e1v\u00e1me \u010dleny st\u00e1le v\u00edce se militarizuj\u00edc\u00ed Evropsk\u00e9 unie a Severoatlantick\u00e9 aliance. D\u00e1le pak proto, \u017ee se (zat\u00edm) ofici\u00e1ln\u011b neuch\u00e1z\u00edme o \u010dlenstv\u00ed ve spole\u010denstv\u00ed BRICS. A v neposledn\u00ed \u0159ad\u011b i proto, \u017ee nov\u00e9 vl\u00e1d\u011b bude dovoleno prov\u00e1d\u011bt pouze kosmetick\u00e9 zm\u011bny a \u00fapravy. Jedno je v\u0161ak u\u017e dnes jist\u00e9 \u2013 z\u00e1padn\u00ed Evropa ji\u017e byla mnohokr\u00e1t prokleta a viditelnou krev na rukou m\u00e1 i dnes znovu Anglie.<\/p>\n<p>Na druh\u00e9 stran\u011b \u2013 n\u011bkter\u00e9 v\u011bci se skute\u010dn\u011b pohnou kup\u0159edu, ale nebude to z\u00e1sluhou \u010desk\u00fdch ministr\u016f, n\u00fdbr\u017e zven\u010d\u00ed vynucen\u00fdmi zm\u011bnami v nadn\u00e1rodn\u00edm \u0159\u00edzen\u00ed. P\u0159inejmen\u0161\u00edm o\u010dek\u00e1v\u00e1m, \u017ee z\u00e1sadn\u00edm (by\u0165 do ur\u010dit\u00e9 m\u00edry limitovan\u00fdm) impulsem se stanou kroky Trumpovy administrativy v zahrani\u010dn\u011bpolitick\u00fdch ot\u00e1zk\u00e1ch v\u00e1lky a m\u00edru.<\/p>\n<p>Ned\u011blejme si ov\u0161em iluze o tom, \u017ee americk\u00fd (ale nejen americk\u00fd) Deep State dovol\u00ed Trumpovi n\u011bjak v\u00fdrazn\u00e9 urychlen\u00ed dosud setrva\u010dn\u011b b\u011b\u017e\u00edc\u00edch proces\u016f ve sv\u011btov\u00e9 glob\u00e1ln\u00ed politice. Ale jak ji\u017e kdysi pravil klasik komunistick\u00e9 \u00e9ry Milo\u0161 Jake\u0161: \u201eJsou tu na\u0161t\u011bst\u00ed i jin\u00e9 s\u00edly.\u201c<\/p>\n<p>T\u011bmi <em>jin\u00fdmi silami<\/em> soudruh Jake\u0161 spr\u00e1vn\u011b rozum\u011bl s\u00edly tzv. asijsk\u00e9ho bloku, geopoliticky samoz\u0159ejm\u011b stoj\u00edc\u00ed v \u010dele s \u010c\u00ednou a Indi\u00ed. S\u00edly podporuj\u00edc\u00ed v\u0161eobecn\u00fd rozvoj sv\u011btov\u00e9 v\u011bt\u0161iny. S\u00edly p\u0159ib\u00edraj\u00edc\u00ed \u010dlenstv\u00ed v\u0161ech jim p\u0159\u00e1telsk\u00fdch zem\u00ed, p\u0159irozen\u011b v\u010detn\u011b Ruska.<\/p>\n<p>\u010cesk\u00e1 republika bude i nad\u00e1le ve vleku z\u00e1padn\u00edho nadn\u00e1rodn\u00edho \u0159\u00edzen\u00ed, av\u0161ak postupn\u011b bude doch\u00e1zet k vnit\u0159n\u00edmu p\u0159eskupov\u00e1n\u00ed sil. Nebo\u0165 ji\u017e nyn\u00ed n\u011bkte\u0159\u00ed za\u010d\u00ednaj\u00ed spr\u00e1vn\u011b tu\u0161it, \u017ee Z\u00e1pad bude i nad\u00e1le upadat, zat\u00edmco na V\u00fdchod\u011b se budou akumulovat zdroje i ekonomick\u00fd potenci\u00e1l.<\/p>\n<p>A tak se na\u0161e spole\u010dnost v roce 2026 bude ocitat v jak\u00e9si ideov\u00e9 schizofrenii. Ofici\u00e1ln\u00ed doktr\u00edna EU a NATO bude hovo\u0159it jedn\u00edm \u201enewspeakem\u201c, zat\u00edmco ti, kte\u0159\u00ed ji\u017e tu\u0161\u00ed p\u0159\u00ed\u0161t\u00ed a budouc\u00ed v\u00fdvoj, budou pou\u017e\u00edvat jinou meta \u0159e\u010d.<\/p>\n<p>To v\u0161e bude doprov\u00e1zeno primitivn\u00edm antikomunismem, proto\u017ee vl\u00e1dnouc\u00ed vrstvy spr\u00e1vn\u011b vn\u00edmaj\u00ed, \u017ee neuspokojen\u00fd elektor\u00e1t a relativn\u011b nev\u011bdom\u00fd proletari\u00e1t bude i nad\u00e1le hledat sv\u00e9 \u201ep\u0159\u00ed\u0161t\u00ed bojovn\u00edky\u201c. Kdo se dnes boj\u00ed komunistick\u00fdch my\u0161lenek nejv\u00edc? <em>Cui bono<\/em> onen paragraf 403, kter\u00fd nap\u0159\u00edklad explicitn\u011b v\u016fbec nezmi\u0148uje t\u0159eba neonacismus?<\/p>\n<p>Ministr Z\u016fna pak t\u011bm, kdo si mysl\u00ed, \u017ee u n\u00e1s vl\u00e1dnou, hodil do jejich pl\u00e1n\u016f vidle. Kdy\u017e toti\u017e ne\u0161ikovn\u011b vyzradil budouc\u00ed sc\u00e9n\u00e1\u0159, jen\u017e m\u011bla \u010desk\u00e1 &#8211; m\u00edrn\u011b naivn\u00ed &#8211; ve\u0159ejnost pln\u011b pochopit a\u017e v pr\u016fb\u011bhu p\u0159\u00ed\u0161t\u00edho roku\u2026<\/p>\n<p>Bude to jemn\u011b p\u0159ipom\u00ednat motiv z poh\u00e1dky <em>Py\u0161n\u00e1 princezna<\/em>, v n\u00ed\u017e pan kr\u00e1l nucen\u011b odvol\u00e1val, co ji\u017e odvolal, aby znovu sliboval, co p\u0159edt\u00edm sl\u00edbil\u2026<\/p>\n<p><strong>Mil\u00ed p\u0159\u00e1tel\u00e9 m\u00edru,<\/strong><\/p>\n<p>pr\u00e1v\u011b vstupujeme do posledn\u00edch dvou let, b\u011bhem nich\u017e bude postupn\u011b a nakonec v\u00edt\u011bzn\u011b dovr\u0161en boj proti sv\u011btov\u00e9mu fa\u0161ismu. Bude to boj nel\u00edtostn\u00fd a naprosto dehumanizovan\u00fd. Proto\u017ee i fa\u0161ismus b\u00fdv\u00e1 takov\u00fd. Kdo seje v\u00edtr, skl\u00edz\u00ed bou\u0159i&#8230;<\/p>\n<p>Samoz\u0159ejm\u011b v na\u0161\u00ed zemi bude v\u0161e realizov\u00e1no s ji\u017e tradi\u010dn\u00edm \u201esetrva\u010dn\u00fdm zpo\u017ed\u011bn\u00edm\u201c, za nevy\u017e\u00e1dan\u00e9ho p\u0159isp\u011bn\u00ed piln\u011b ud\u00e1vaj\u00edc\u00edch \u0159adov\u00fdch spoluob\u010dan\u016f. Tak\u017ee zat\u00edmco st\u00e1t se bude duchovn\u011b pomalu p\u0159eform\u00e1tov\u00e1vat k lep\u0161\u00edmu, lid\u00e9 kolem n\u00e1s budou je\u0161t\u011b (ze setrva\u010dnosti) sv\u011bdomit\u011b plnit sv\u00e1 \u201eob\u010dansk\u00e1 uv\u011bdom\u011bn\u00ed\u201c, tak jako za v\u0161ech minul\u00fdch i sou\u010dasn\u00fdch re\u017eim\u016f.<\/p>\n<p>Jestli mohu vyj\u00e1d\u0159it jedno neskromn\u00e9 p\u0159\u00e1n\u00ed <em>orbi et urbi<\/em>, pak je to apel vl\u00e1dc\u016fm v\u0161ech zem\u00ed sv\u011bta, aby m\u011bli v \u00fact\u011b individu\u00e1ln\u00ed lidsk\u00fd \u017eivot ka\u017ed\u00e9ho \u010dlov\u011bka. Nebo\u0165 ka\u017ed\u00fd \u010dlov\u011b\u010d\u00ed \u017eivot je cenn\u00fd a jedine\u010dn\u00fd. Ve v\u00e1lk\u00e1ch nejv\u00edce trp\u00ed a um\u00edraj\u00ed ti, kte\u0159\u00ed na v\u00e1lce nevyd\u011bl\u00e1vaj\u00ed a kte\u0159\u00ed v\u00e1lku necht\u011bj\u00ed. Memento mori!<\/p>\n<p>V\u0161em p\u0159\u00ed\u0161t\u00edm dn\u016fm roku 2026 tedy nejv\u00edce p\u0159eji m\u00edr na cest\u00e1ch, je\u017e jsou otev\u0159eny nad\u011bji, lep\u0161\u00edm z\u00edt\u0159k\u016fm a humanit\u011b.<\/p>\n<p>Kantovo hv\u011bzdn\u00e9 nebe nad n\u00e1mi a mravn\u00ed z\u00e1kon v n\u00e1s!<\/p>\n<p>S p\u0159\u00e1n\u00edm \u0161t\u011bst\u00ed, zdrav\u00ed a m\u00edru<\/p>\n<p>Marek ADAM<\/p>\n<p><em>PF 2026<\/em><\/p>\n<p><img decoding=\"async\" loading=\"lazy\" class=\"alignnone size-full wp-image-95734\" src=\"http:\/\/www.infokuryr.cz\/n\/wp-content\/uploads\/2025\/12\/stazeny-soubor.png\" alt=\"\" width=\"240\" height=\"204\" \/><\/p>\n<p><img decoding=\"async\" loading=\"lazy\" class=\"wp-image-94843 aligncenter\" src=\"http:\/\/www.infokuryr.cz\/n\/wp-content\/uploads\/2025\/12\/popelka-hrad-300x141.jpg\" alt=\"\" width=\"1145\" height=\"538\" srcset=\"https:\/\/www.infokuryr.cz\/n\/wp-content\/uploads\/2025\/12\/popelka-hrad-300x141.jpg 300w, https:\/\/www.infokuryr.cz\/n\/wp-content\/uploads\/2025\/12\/popelka-hrad-768x360.jpg 768w, https:\/\/www.infokuryr.cz\/n\/wp-content\/uploads\/2025\/12\/popelka-hrad.jpg 977w\" sizes=\"(max-width: 1145px) 100vw, 1145px\" \/><\/p>\n<p>&nbsp;<\/p>\n","protected":false},"excerpt":{"rendered":"<p>Mil\u00ed p\u0159\u00e1tel\u00e9 m\u00edru, vlastenci a internacionalist\u00e9, soudru\u017eky a soudruzi, d\u00e1my a p\u00e1nov\u00e9, brat\u0159i a sestry&#8230;<\/p>\n","protected":false},"author":2,"featured_media":69553,"comment_status":"closed","ping_status":"closed","sticky":false,"template":"","format":"standard","meta":[],"categories":[6],"tags":[1503,565,122,276],"_links":{"self":[{"href":"https:\/\/www.infokuryr.cz\/n\/wp-json\/wp\/v2\/posts\/95733"}],"collection":[{"href":"https:\/\/www.infokuryr.cz\/n\/wp-json\/wp\/v2\/posts"}],"about":[{"href":"https:\/\/www.infokuryr.cz\/n\/wp-json\/wp\/v2\/types\/post"}],"author":[{"embeddable":true,"href":"https:\/\/www.infokuryr.cz\/n\/wp-json\/wp\/v2\/users\/2"}],"replies":[{"embeddable":true,"href":"https:\/\/www.infokuryr.cz\/n\/wp-json\/wp\/v2\/comments?post=95733"}],"version-history":[{"count":1,"href":"https:\/\/www.infokuryr.cz\/n\/wp-json\/wp\/v2\/posts\/95733\/revisions"}],"predecessor-version":[{"id":95783,"href":"https:\/\/www.infokuryr.cz\/n\/wp-json\/wp\/v2\/posts\/95733\/revisions\/95783"}],"wp:featuredmedia":[{"embeddable":true,"href":"https:\/\/www.infokuryr.cz\/n\/wp-json\/wp\/v2\/media\/69553"}],"wp:attachment":[{"href":"https:\/\/www.infokuryr.cz\/n\/wp-json\/wp\/v2\/media?parent=95733"}],"wp:term":[{"taxonomy":"category","embeddable":true,"href":"https:\/\/www.infokuryr.cz\/n\/wp-json\/wp\/v2\/categories?post=95733"},{"taxonomy":"post_tag","embeddable":true,"href":"https:\/\/www.infokuryr.cz\/n\/wp-json\/wp\/v2\/tags?post=95733"}],"curies":[{"name":"wp","href":"https:\/\/api.w.org\/{rel}","templated":true}]}}